{"id":5449,"date":"2021-01-26T14:05:55","date_gmt":"2021-01-26T11:05:55","guid":{"rendered":"http:\/\/onlinetranslators.de\/news\/nachrichten\/staatskanzleichefs-in-der-coronakrise-die-entscheider-im-hintergrund\/"},"modified":"2021-01-26T14:05:55","modified_gmt":"2021-01-26T11:05:55","slug":"staatskanzleichefs-in-der-coronakrise-die-entscheider-im-hintergrund","status":"publish","type":"post","link":"https:\/\/onlinetranslators.de\/news\/nachrichten\/staatskanzleichefs-in-der-coronakrise-die-entscheider-im-hintergrund\/","title":{"rendered":"Staatskanzleichefs in der Coronakrise: Die Entscheider im Hintergrund"},"content":{"rendered":"<figure>     <img decoding=\"async\" src=\"https:\/\/cdn.prod.www.spiegel.de\/images\/bbcc2244-8efd-4989-9033-40e0955fedd1_w948_r1.77_fpx28_fpy24.jpg\" title=\"Th\u00fcringer Staatskanzleichef Hoff (Archiv)\" alt=\"Th\u00fcringer Staatskanzleichef Hoff (Archiv)\"\/>      Icon: vergr\u00f6\u00dfern<figcaption>\n<p class=\"caps\">Th\u00fcringer Staatskanzleichef Hoff (Archiv)<\/p>\n<p>  Foto:\u2002<\/p>\n<p>arifoto UG\/ picture alliance \/ dpa<\/p>\n<\/figcaption><\/figure>\n<p>Der 18. November ist ein wilder Tag in der Hauptstadt. Der Bundestag stimmt \u00fcber das umstrittene Infektionsschutzgesetz ab. Drau\u00dfen auf der Stra\u00dfe r\u00fcckt die Polizei mit Wasserwerfern gegen renitente Corona-Leugner vor. Drinnen ziehen G\u00e4ste von AfD-Abgeordneten durchs Parlamentsgeb\u00e4ude und bedr\u00e4ngen Politiker der anderen Parteien.<\/p>\n<p>Es ist die Zeit, als die zweite Viruswelle bedrohlich angewachsen ist. Zugleich ringen die M\u00e4chtigen der Republik in dieser Phase besonders mit sich und den dr\u00e4ngenden Fragen.<\/p>\n<p>Was ist n\u00f6tig, um die Gefahr zu stoppen?<\/p>\n<p>Aber auch: Welche Einschnitte machen die Menschen im Land noch mit? Wann kippt die Stimmung?<\/p>\n<p>Erst auf der Zugfahrt von Erfurt nach Berlin entscheidet sich Benjamin-Immanuel Hoff, dass er jetzt etwas sagen m\u00f6chte. \u00d6ffentlich. H\u00f6rbar. So erz\u00e4hlt er es sp\u00e4ter.<\/p>\n<p>Am Nachmittag steht er am Rednerpult des Bundesrats, vor sich ein Zettel mit wenigen Stichpunkten. Hoff beginnt:<\/p>\n<p><em>\u00bbIch richte mich, in dem, was ich sagen m\u00f6chte, insbesondere auch an diejenigen, die im Livestream dieser Debatte folgen oder die Debatte sp\u00e4ter in den sozialen Netzwerken nachverfolgen werden.\u00ab<\/em><\/p>\n","protected":false},"excerpt":{"rendered":"<p>Icon: vergr\u00f6\u00dfern Th\u00fcringer Staatskanzleichef Hoff (Archiv) Foto:\u2002 arifoto UG\/ picture alliance \/ dpa Der 18. November ist ein wilder Tag in der Hauptstadt. Der Bundestag stimmt \u00fcber das umstrittene Infektionsschutzgesetz<\/p>\n","protected":false},"author":1,"featured_media":5450,"comment_status":"open","ping_status":"open","sticky":false,"template":"","format":"standard","meta":{"footnotes":""},"categories":[1],"tags":[],"class_list":["post-5449","post","type-post","status-publish","format-standard","has-post-thumbnail","hentry","category-nachrichten"],"_links":{"self":[{"href":"https:\/\/onlinetranslators.de\/news\/wp-json\/wp\/v2\/posts\/5449","targetHints":{"allow":["GET"]}}],"collection":[{"href":"https:\/\/onlinetranslators.de\/news\/wp-json\/wp\/v2\/posts"}],"about":[{"href":"https:\/\/onlinetranslators.de\/news\/wp-json\/wp\/v2\/types\/post"}],"author":[{"embeddable":true,"href":"https:\/\/onlinetranslators.de\/news\/wp-json\/wp\/v2\/users\/1"}],"replies":[{"embeddable":true,"href":"https:\/\/onlinetranslators.de\/news\/wp-json\/wp\/v2\/comments?post=5449"}],"version-history":[{"count":0,"href":"https:\/\/onlinetranslators.de\/news\/wp-json\/wp\/v2\/posts\/5449\/revisions"}],"wp:featuredmedia":[{"embeddable":true,"href":"https:\/\/onlinetranslators.de\/news\/wp-json\/wp\/v2\/media\/5450"}],"wp:attachment":[{"href":"https:\/\/onlinetranslators.de\/news\/wp-json\/wp\/v2\/media?parent=5449"}],"wp:term":[{"taxonomy":"category","embeddable":true,"href":"https:\/\/onlinetranslators.de\/news\/wp-json\/wp\/v2\/categories?post=5449"},{"taxonomy":"post_tag","embeddable":true,"href":"https:\/\/onlinetranslators.de\/news\/wp-json\/wp\/v2\/tags?post=5449"}],"curies":[{"name":"wp","href":"https:\/\/api.w.org\/{rel}","templated":true}]}}