{"id":5447,"date":"2021-01-26T11:58:02","date_gmt":"2021-01-26T08:58:02","guid":{"rendered":"http:\/\/onlinetranslators.de\/news\/nachrichten\/jens-spahn-verlangt-exportbeschrankung-fur-eu-impfstoffe\/"},"modified":"2021-01-26T11:58:02","modified_gmt":"2021-01-26T08:58:02","slug":"jens-spahn-verlangt-exportbeschrankung-fur-eu-impfstoffe","status":"publish","type":"post","link":"https:\/\/onlinetranslators.de\/news\/nachrichten\/jens-spahn-verlangt-exportbeschrankung-fur-eu-impfstoffe\/","title":{"rendered":"Jens Spahn verlangt Exportbeschr\u00e4nkung f\u00fcr EU-Impfstoffe"},"content":{"rendered":"<figure>     <img decoding=\"async\" src=\"https:\/\/cdn.prod.www.spiegel.de\/images\/62ed914e-7847-44e7-8d7d-aed97dc8baf4_w948_r1.77_fpx34.66_fpy50.jpg\" title=\"Gesundheitsminister\u00a0Jens Spahn: \u00bbGutes Zeichen, dass unsere Anstrengungen Erfolge zeigen\u00ab\" alt=\"Gesundheitsminister\u00a0Jens Spahn: \u00bbGutes Zeichen, dass unsere Anstrengungen Erfolge zeigen\u00ab\"\/>      Icon: vergr\u00f6\u00dfern<figcaption>\n<p class=\"caps\">Gesundheitsminister Jens Spahn: \u00bbGutes Zeichen, dass unsere Anstrengungen Erfolge zeigen\u00ab<\/p>\n<p>  Foto:\u2002Janine Schmitz\/photothek.de \/ imago images\/photothek  <\/figcaption><\/figure>\n<p>Nachdem AstraZeneca Verz\u00f6gerungen bei der Auslieferung seines Corona-Impfstoffs angek\u00fcndigt hat, bekr\u00e4ftigt Gesundheitsminister Jens Spahn (CDU) seine Forderung nach einer Exportbeschr\u00e4nkung. Er sei daf\u00fcr, \u00bbdass Impfstoffe, die die EU verlassen, eine Genehmigung brauchen\u00ab. So k\u00f6nne eine faire Verteilung der in Europa produzierten Mittel sichergestellt werden, sagte Spahn am Dienstag im ZDF-\u00bbMorgenmagazin\u00ab.<\/p>\n<p>Der britisch-schwedische Pharmakonzern AstraZeneca hatte am Freitag mitgeteilt, er werde der EU zun\u00e4chst weniger Corona-Impfdosen liefern als vorgesehen. Bei der Belieferung Gro\u00dfbritanniens soll es dagegen keine Verz\u00f6gerungen geben. Spahn sagte, die entstehenden Ausf\u00e4lle m\u00fcssten \u00bballe fair und gleich betreffen\u00ab. Es gehe nicht um \u00bbEU first\u00ab, sondern um \u00bbEurope&#039;s fair share\u00ab, also einen fairen Anteil der Europ\u00e4er an den Impfmitteln. Zuvor hatte bereits die EU-Kommission wegen gebrochener Lieferzusagen den Impfstoffherstellern mit einem Exportverbot gedroht.<\/p>\n<p>Spahn verwies darauf, dass die EU den Aufbau weiterer Produktionskapazit\u00e4ten von AstraZeneca bereits vorfinanziert habe. Die EU hat rund 336 Millionen Euro investiert, um das Hochfahren der Produktionskapazit\u00e4ten des Pharmaunternehmens zu unterst\u00fctzen. Grund f\u00fcr die Verz\u00f6gerungen sind nach Angaben des Herstellers Probleme in \u00bbeinem Werk in unserer europ\u00e4ischen Lieferkette\u00ab. Die Europ\u00e4ische Arzneimittelbeh\u00f6rde will bis Freitag \u00fcber die Zulassung des AstraZeneca-Impfstoffs entscheiden.<\/p>\n<h3>Impfstoff f\u00fcr \u00c4ltere ungeeignet?<\/h3>\n<p>Vorw\u00fcrfen, der britisch-schwedische Impfstoff sei f\u00fcr \u00e4ltere Empf\u00e4nger ungeeignet, wollte Spahn sich nicht anschlie\u00dfen. Das \u00bbHandelsblatt\u00ab hatte berichtet, das Pr\u00e4parat von AstraZeneca habe lediglich eine Wirksamkeit von acht Prozent bei \u00fcber 65-J\u00e4hrigen. Die Zeitung bezog sich dabei auf Koalitionskreise.<\/p>\n<p>Spahn nannte die Berichte \u00bbspekulativ\u00ab. Er wolle mit seiner Einsch\u00e4tzung warten, bis die Daten aus den Studien ausgewertet worden seien, sagte er im ZDF. Man werde auf Basis der wissenschaftlichen Erkenntnisse n\u00e4chste Woche entscheiden, \u00bbwelche Altersgruppen zuerst mit diesem Impfstoff geimpft werden\u00ab.<\/p>\n<p>AstraZeneca hat Berichte \u00fcber eine angeblich sehr geringe Wirksamkeit seines Impfstoffs bei Senioren zur\u00fcckgewiesen. Sie seien \u00bbkomplett falsch\u00ab, teilte ein Sprecher am Dienstagmorgen mit. Das Unternehmen verwies unter anderem darauf, dass die Notfallzulassung der britischen Aufsichtsbeh\u00f6rde f\u00fcr Arzneimittel (MHRA) \u00e4ltere Menschen mit einschlie\u00dfe. Eine Studie habe gezeigt, dass der Impfstoff auch bei Senioren eine starke Immunantwort ausl\u00f6se. Allerdings hei\u00dft es in dieser Studie auch, dass es wegen geringer Fallzahlen noch zu wenige Daten zur Wirksamkeit bei \u00e4lteren Menschen gebe.<\/p>\n<p>Dieses Datenproblem erw\u00e4hnte auch Spahn in seiner Stellungnahme. Er sagte indes eine Kl\u00e4rung auf Basis \u00bbriesiger Datenpakete\u00ab durch die Zulassungsbeh\u00f6rden zu.<\/p>\n<p> Icon: Der Spiegel<\/p>\n","protected":false},"excerpt":{"rendered":"<p>Icon: vergr\u00f6\u00dfern Gesundheitsminister Jens Spahn: \u00bbGutes Zeichen, dass unsere Anstrengungen Erfolge zeigen\u00ab Foto:\u2002Janine Schmitz\/photothek.de \/ imago images\/photothek Nachdem AstraZeneca Verz\u00f6gerungen bei der Auslieferung seines Corona-Impfstoffs angek\u00fcndigt hat, bekr\u00e4ftigt Gesundheitsminister Jens<\/p>\n","protected":false},"author":1,"featured_media":5448,"comment_status":"open","ping_status":"open","sticky":false,"template":"","format":"standard","meta":{"footnotes":""},"categories":[1],"tags":[],"class_list":["post-5447","post","type-post","status-publish","format-standard","has-post-thumbnail","hentry","category-nachrichten"],"_links":{"self":[{"href":"https:\/\/onlinetranslators.de\/news\/wp-json\/wp\/v2\/posts\/5447","targetHints":{"allow":["GET"]}}],"collection":[{"href":"https:\/\/onlinetranslators.de\/news\/wp-json\/wp\/v2\/posts"}],"about":[{"href":"https:\/\/onlinetranslators.de\/news\/wp-json\/wp\/v2\/types\/post"}],"author":[{"embeddable":true,"href":"https:\/\/onlinetranslators.de\/news\/wp-json\/wp\/v2\/users\/1"}],"replies":[{"embeddable":true,"href":"https:\/\/onlinetranslators.de\/news\/wp-json\/wp\/v2\/comments?post=5447"}],"version-history":[{"count":0,"href":"https:\/\/onlinetranslators.de\/news\/wp-json\/wp\/v2\/posts\/5447\/revisions"}],"wp:featuredmedia":[{"embeddable":true,"href":"https:\/\/onlinetranslators.de\/news\/wp-json\/wp\/v2\/media\/5448"}],"wp:attachment":[{"href":"https:\/\/onlinetranslators.de\/news\/wp-json\/wp\/v2\/media?parent=5447"}],"wp:term":[{"taxonomy":"category","embeddable":true,"href":"https:\/\/onlinetranslators.de\/news\/wp-json\/wp\/v2\/categories?post=5447"},{"taxonomy":"post_tag","embeddable":true,"href":"https:\/\/onlinetranslators.de\/news\/wp-json\/wp\/v2\/tags?post=5447"}],"curies":[{"name":"wp","href":"https:\/\/api.w.org\/{rel}","templated":true}]}}