{"id":5433,"date":"2021-01-25T21:00:33","date_gmt":"2021-01-25T18:00:33","guid":{"rendered":"http:\/\/onlinetranslators.de\/news\/nachrichten\/klima-risiko-index-deutschland-bei-wetterextremen-weltweit-unter-top-20\/"},"modified":"2021-01-25T21:00:33","modified_gmt":"2021-01-25T18:00:33","slug":"klima-risiko-index-deutschland-bei-wetterextremen-weltweit-unter-top-20","status":"publish","type":"post","link":"https:\/\/onlinetranslators.de\/news\/nachrichten\/klima-risiko-index-deutschland-bei-wetterextremen-weltweit-unter-top-20\/","title":{"rendered":"Klima-Risiko-Index: Deutschland bei Wetterextremen weltweit unter Top 20"},"content":{"rendered":"<figure>     <img decoding=\"async\" src=\"https:\/\/cdn.prod.www.spiegel.de\/images\/7a720ad4-6181-482e-956f-523250df211e_w948_r1.77_fpx63_fpy58.jpg\" title=\"Feld in Niedersachsen: In den vergangenen Jahren war es in Deutschland viel zu trocken\" alt=\"Feld in Niedersachsen: In den vergangenen Jahren war es in Deutschland viel zu trocken\"\/>      Icon: vergr\u00f6\u00dfern<figcaption>\n<p class=\"caps\">Feld in Niedersachsen: In den vergangenen Jahren war es in Deutschland viel zu trocken<\/p>\n<p>  Foto:\u2002Fritz Rupenkamp \/ Countrypixel \/ imago images  <\/figcaption><\/figure>\n<p>Deutschland geh\u00f6rt seit Anfang der 2000er-Jahre zu den weltweit am st\u00e4rksten von Wetterextremen betroffenen L\u00e4ndern. Das geht aus dem Globalen Klima-Risiko-Index hervor, den die Umweltorganisation Germanwatch vorgestellt hat. Demnach belegt Deutschland im Langfrist-Vergleich Platz 18 unter den L\u00e4ndern, die am st\u00e4rksten mit Hitzewellen, D\u00fcrren und St\u00fcrmen zu k\u00e4mpfen hatten. An der Spitze der Liste stehen Puerto Rico, Myanmar und Haiti.<\/p>\n<p>Der j\u00e4hrlich ver\u00f6ffentlichte Klima-Risiko-Index basiert auf einer Datenbank des R\u00fcckversicherers Munich Re und Informationen des Internationalen W\u00e4hrungsfonds (IWF). Er vergleicht die durch Extremwetter verursachten Todeszahlen und Sachsch\u00e4den \u2013 sowohl die absoluten Zahlen als auch im Verh\u00e4ltnis zur Einwohnerzahl und zum Bruttoinlandsprodukt.<\/p>\n<h3>Entwicklungsl\u00e4nder am h\u00e4rtesten betroffen<\/h3>\n<p>Die Datenbank geh\u00f6rt zu den umfassendsten Statistiken, die es zu dem Thema gibt, sie hat jedoch einige statistische Unsch\u00e4rfen. So fehlen beispielsweise Informationen \u00fcber Hitzesch\u00e4den in weiten Teilen Afrikas.<\/p>\n<p>Welche Rolle der Klimawandel bei den Wetterextremen spielt, geht aus der Analyse nicht hervor, betont Germanwatch. Die Ergebnisse seien allerdings eine Mahnung. Klimaforscher gehen davon aus, dass die steigenden Temperaturen Extremwetterereignisse wahrscheinlicher und intensiver machen.<\/p>\n<p>Von 2000 bis 2019 starben in Deutschland der Analyse zufolge mehr als 10.700 Menschen durch Extremwetterereignisse \u2013 vor allem infolge von Hitzewellen. Der wirtschaftliche Schaden lag f\u00fcr Deutschland kaufkraftbereinigt j\u00e4hrlich im Schnitt bei umgerechnet 3,54 Milliarden Euro.<\/p>\n<p>Im weltweiten Vergleich haben Extremwetter jedoch vor allem in Entwicklungsl\u00e4ndern erhebliche Sch\u00e4den angerichtet. Fast eine halbe Million Menschen kamen in den vergangenen 20 Jahren in der Folge ums Leben, hei\u00dft es in dem Bericht. Der globale wirtschaftliche Schaden liegt bei insgesamt umgerechnet rund 2,1 Billionen Euro.<\/p>\n<h3>Zugesagte Hilfen kommen nicht an<\/h3>\n<p>Im Jahr 2019 richtete Zyklon \u00bbIdai\u00ab schwere Sch\u00e4den an. Es war der bis dahin verheerendste Wirbelsturm, der jemals im westlichen Indischen Ozean beobachtet wurde. Mosambik, Simbabwe und Malawi hatten zusammen mehr als 1100 Todesopfer zu beklagen und verzeichneten kaufkraftbereinigt einen Gesamtschaden von mehr als 5,7 Milliarden Euro.<\/p>\n<p>Mit Blick auf den internationalen Klimagipfel an diesem Montag und Dienstag richtete Germanwatch einen Appell an die Industrienationen, die von Wetterextremen besonders schwer getroffenen Entwicklungsl\u00e4nder st\u00e4rker zu unterst\u00fctzen und ihnen zus\u00e4tzliche Mittel bereitzustellen.<\/p>\n<p>Im Pariser Klimaabkommen hatten sich 2015 wohlhabendere L\u00e4nder verpflichtet, umgerechnet 80 Milliarden Euro pro Jahr an \u00e4rmere Staaten f\u00fcr Klimaschutz zu zahlen. Nach aktuellen Studien liegen die tats\u00e4chlichen Zahlungen jedoch weit darunter. \u00c4rmere Staaten, \u00bbdie am wenigsten zur Klimakrise beigetragen haben, ben\u00f6tigen nun dringend finanzielle und technische Unterst\u00fctzung\u00ab, sagte David Eckstein, einer der Autoren des Klima-Risiko-Index.<\/p>\n<p> Icon: Der Spiegel<\/p>\n","protected":false},"excerpt":{"rendered":"<p>Icon: vergr\u00f6\u00dfern Feld in Niedersachsen: In den vergangenen Jahren war es in Deutschland viel zu trocken Foto:\u2002Fritz Rupenkamp \/ Countrypixel \/ imago images Deutschland geh\u00f6rt seit Anfang der 2000er-Jahre zu<\/p>\n","protected":false},"author":1,"featured_media":5434,"comment_status":"open","ping_status":"open","sticky":false,"template":"","format":"standard","meta":{"footnotes":""},"categories":[1],"tags":[],"class_list":["post-5433","post","type-post","status-publish","format-standard","has-post-thumbnail","hentry","category-nachrichten"],"_links":{"self":[{"href":"https:\/\/onlinetranslators.de\/news\/wp-json\/wp\/v2\/posts\/5433","targetHints":{"allow":["GET"]}}],"collection":[{"href":"https:\/\/onlinetranslators.de\/news\/wp-json\/wp\/v2\/posts"}],"about":[{"href":"https:\/\/onlinetranslators.de\/news\/wp-json\/wp\/v2\/types\/post"}],"author":[{"embeddable":true,"href":"https:\/\/onlinetranslators.de\/news\/wp-json\/wp\/v2\/users\/1"}],"replies":[{"embeddable":true,"href":"https:\/\/onlinetranslators.de\/news\/wp-json\/wp\/v2\/comments?post=5433"}],"version-history":[{"count":0,"href":"https:\/\/onlinetranslators.de\/news\/wp-json\/wp\/v2\/posts\/5433\/revisions"}],"wp:featuredmedia":[{"embeddable":true,"href":"https:\/\/onlinetranslators.de\/news\/wp-json\/wp\/v2\/media\/5434"}],"wp:attachment":[{"href":"https:\/\/onlinetranslators.de\/news\/wp-json\/wp\/v2\/media?parent=5433"}],"wp:term":[{"taxonomy":"category","embeddable":true,"href":"https:\/\/onlinetranslators.de\/news\/wp-json\/wp\/v2\/categories?post=5433"},{"taxonomy":"post_tag","embeddable":true,"href":"https:\/\/onlinetranslators.de\/news\/wp-json\/wp\/v2\/tags?post=5433"}],"curies":[{"name":"wp","href":"https:\/\/api.w.org\/{rel}","templated":true}]}}