{"id":5421,"date":"2021-01-25T08:19:02","date_gmt":"2021-01-25T05:19:02","guid":{"rendered":"http:\/\/onlinetranslators.de\/news\/nachrichten\/corona-news-am-montag-erste-schuloffnungen-anfang-februar-moglich\/"},"modified":"2021-01-25T08:19:02","modified_gmt":"2021-01-25T05:19:02","slug":"corona-news-am-montag-erste-schuloffnungen-anfang-februar-moglich","status":"publish","type":"post","link":"https:\/\/onlinetranslators.de\/news\/nachrichten\/corona-news-am-montag-erste-schuloffnungen-anfang-februar-moglich\/","title":{"rendered":"Corona-News am Montag: Erste Schul\u00f6ffnungen Anfang Februar m\u00f6glich"},"content":{"rendered":"<figure>     <img decoding=\"async\" src=\"https:\/\/cdn.prod.www.spiegel.de\/images\/f4a38603-4215-4937-ad73-c904e4741fcb_w948_r1.77_fpx67.04_fpy50.jpg\" title=\"Leeres Klassenzimmer (Symbolbild)\" alt=\"Leeres Klassenzimmer (Symbolbild)\"\/>      Icon: vergr\u00f6\u00dfern<figcaption>\n<p class=\"caps\">Leeres Klassenzimmer (Symbolbild)<\/p>\n<p>  Foto:\u2002Jan Woitas \/ dpa  <\/figcaption><\/figure>\n<p><em>Dieser Artikel wird laufend aktualisiert.<\/em><\/p>\n<p><em>Nichts mehr verpassen: F\u00fcr die neuesten Entwicklungen und wichtigsten Hintergr\u00fcnde abonnieren Sie unseren <\/em><em>Coronavirus-Newsletter<\/em><em>.<\/em><\/p>\n<h3>Ausschreitungen bei Protesten gegen Ausgangssperre in den Niederlanden<\/h3>\n<p><strong>04.35 Uhr: <\/strong>Bei Protesten in den Niederlanden gegen die n\u00e4chtliche Ausgangssperre zur Eind\u00e4mmung der Pandemie ist es in mehreren St\u00e4dten zu gewaltsamen Zusammenst\u00f6\u00dfen zwischen Demonstranten und der Polizei gekommen. In rund zehn St\u00e4dten gab es am Sonntag Ausschreitungen. Mehr als 130 Menschen wurden nach Angaben der Beh\u00f6rden und niederl\u00e4ndischer Medien festgenommen.<\/p>\n<p>Auf einem Platz im Zentrum von Amsterdam setzte die Polizei nach Angaben des \u00f6ffentlich-rechtlichen Senders NOS Hunde und einen Wasserwerfer ein, um eine Protestversammlung von rund 1500 Menschen aufzul\u00f6sen. Mindestens hundert Menschen wurden in der Stadt festgenommen, wie die Stadtverwaltung mitteilte. Nach Angaben des Lokalsenders AT5 riegelten Polizeikr\u00e4fte die Residenz von B\u00fcrgermeisterin Femke Halsema ab.<\/p>\n<p>In Eindhoven trieb die Polizei Hunderte Demonstranten mit Tr\u00e4nengas auseinander, wie der Regionalsender Omroep Brabant berichtete. Mehrere Fahrzeuge seien dort in Brand gesteckt und Gesch\u00e4fte am Hauptbahnhof gepl\u00fcndert worden. Mindestens 30 Menschen wurden nach Angaben der Polizei in der Stadt festgenommen.<\/p>\n<h3>Neuseeland best\u00e4tigt ersten Fall seit Monaten<\/h3>\n<p><strong>04.25 Uhr: <\/strong>In Neuseeland verzeichnen die Beh\u00f6rden erstmals seit Monaten wieder eine Corona-Infektion. Betroffen sei eine 56-J\u00e4hrige, die am 30. Dezember von einer Auslandsreise zur\u00fcckgekehrt sei, teilt die Regierung mit. W\u00e4hrend der zweiw\u00f6chigen Zwangsquarant\u00e4ne sei die Frau zun\u00e4chst zwei Mal negativ getestet worden. Doch nach der Quarant\u00e4ne sei bei einem weiteren Test die s\u00fcdafrikanische Variante des Virus nachgewiesen worden. 15 engere Kontaktpersonen seien identifiziert und kontaktiert worden. Ihr Ehemann sei negativ getestet worden.<\/p>\n<h3>Viel mehr Notrufe bei britischem Kinderschutzbund w\u00e4hrend Pandemie<\/h3>\n<p><strong>03.55 Uhr:<\/strong> In Gro\u00dfbritannien gibt es seit Beginn der Coronakrise deutlich mehr Hinweise auf Gewalt und Missbrauch in der Familie. Die Zahl der Anrufe von um das Kindeswohl besorgten Erwachsenen habe um 53 Prozent im Vergleich zu vor der Pandemie zugelegt, teilte die Kinderschutzorganisation NSPCC in der Nacht zum Montag mit. Jeden Tag gingen mehr als 30 Notrufe ein. Die Organisation warnte, die Zahl k\u00f6nne weiter steigen, wenn der Lockdown mit Schulschlie\u00dfungen sowie weitreichenden Ausgangsbeschr\u00e4nkungen andauere.<\/p>\n<p>Die Regierung m\u00fcsse in ihrem Gesetzentwurf \u00fcber h\u00e4uslichen Missbrauch zus\u00e4tzliche Vorkehrungen f\u00fcr Kinder treffen, forderte die NSPCC. Ohne Verpflichtung f\u00fcr die Kommunen, staatliches Geld zum Kindesschutz einzusetzen, k\u00f6nnten die Mittel in andere Projekte flie\u00dfen. Das Papier geht an diesem Montag in die Parlamentsaussch\u00fcsse.<\/p>\n<h3>Mexikos Staatspr\u00e4sident mit positivem Test und leichten Symptomen<\/h3>\n<p><strong>03.20 Uhr: <\/strong>Der mexikanische Staatspr\u00e4sident Andr\u00e9s Manuel L\u00f3pez Obrador ist an Covid-19 erkrankt. Er sei positiv auf das Coronavirus getestet worden, habe leichte Symptome und werde medizinisch behandelt, teilte der 67-j\u00e4hrige Staats- und Regierungschef am Sonntag (Ortszeit) auf Twitter mit. \u00bbIch bin, wie immer, Optimist\u00ab, schrieb er.<\/p>\n<p>Mexiko ist nach offiziellen Zahlen das Land mit den viertmeisten Todesf\u00e4llen infolge der Corona-Pandemie \u2013 knapp 150 000 Todesopfer wurden bislang registriert. Allerdings wird in dem nordamerikanischen Land mit fast 130 Millionen Einwohnern \u2013 Platz zehn der bev\u00f6lkerungsreichsten L\u00e4nder \u2013 \u00e4u\u00dferst wenig auf das Virus getestet. Au\u00dferdem ist die sogenannte \u00dcbersterblichkeit dort sehr hoch.<\/p>\n<h3>Australien winkt Impfstoff von Biontech durch<\/h3>\n<p><strong>03.00 Uhr: <\/strong>Die australische Regulierungsbeh\u00f6rde f\u00fcr therapeutische Mittel (TGA) hat dem Corona-Impfstoff aus dem Hause Pfizer\/Biontech eine Zulassung erteilt. Das Mittel d\u00fcrfe bei mindesten 16-J\u00e4hrigen angewendet werden, sagt Ministerpr\u00e4sident Scott Morrison. Nach Angaben von Gesundheitsminister Greg Hunt soll mit Impfen von priorisierten Gruppen Ende Februar begonnen werden.<\/p>\n<p> Icon: Der Spiegel<\/p>\n","protected":false},"excerpt":{"rendered":"<p>Icon: vergr\u00f6\u00dfern Leeres Klassenzimmer (Symbolbild) Foto:\u2002Jan Woitas \/ dpa Dieser Artikel wird laufend aktualisiert. Nichts mehr verpassen: F\u00fcr die neuesten Entwicklungen und wichtigsten Hintergr\u00fcnde abonnieren Sie unseren Coronavirus-Newsletter. Ausschreitungen bei<\/p>\n","protected":false},"author":1,"featured_media":5422,"comment_status":"open","ping_status":"open","sticky":false,"template":"","format":"standard","meta":{"footnotes":""},"categories":[1],"tags":[],"class_list":["post-5421","post","type-post","status-publish","format-standard","has-post-thumbnail","hentry","category-nachrichten"],"_links":{"self":[{"href":"https:\/\/onlinetranslators.de\/news\/wp-json\/wp\/v2\/posts\/5421","targetHints":{"allow":["GET"]}}],"collection":[{"href":"https:\/\/onlinetranslators.de\/news\/wp-json\/wp\/v2\/posts"}],"about":[{"href":"https:\/\/onlinetranslators.de\/news\/wp-json\/wp\/v2\/types\/post"}],"author":[{"embeddable":true,"href":"https:\/\/onlinetranslators.de\/news\/wp-json\/wp\/v2\/users\/1"}],"replies":[{"embeddable":true,"href":"https:\/\/onlinetranslators.de\/news\/wp-json\/wp\/v2\/comments?post=5421"}],"version-history":[{"count":0,"href":"https:\/\/onlinetranslators.de\/news\/wp-json\/wp\/v2\/posts\/5421\/revisions"}],"wp:featuredmedia":[{"embeddable":true,"href":"https:\/\/onlinetranslators.de\/news\/wp-json\/wp\/v2\/media\/5422"}],"wp:attachment":[{"href":"https:\/\/onlinetranslators.de\/news\/wp-json\/wp\/v2\/media?parent=5421"}],"wp:term":[{"taxonomy":"category","embeddable":true,"href":"https:\/\/onlinetranslators.de\/news\/wp-json\/wp\/v2\/categories?post=5421"},{"taxonomy":"post_tag","embeddable":true,"href":"https:\/\/onlinetranslators.de\/news\/wp-json\/wp\/v2\/tags?post=5421"}],"curies":[{"name":"wp","href":"https:\/\/api.w.org\/{rel}","templated":true}]}}