{"id":5417,"date":"2021-01-25T04:17:07","date_gmt":"2021-01-25T01:17:07","guid":{"rendered":"http:\/\/onlinetranslators.de\/news\/nachrichten\/munchen-querdenken-demo-uberschreitet-erlaubte-teilnehmerzahl\/"},"modified":"2021-01-25T04:17:07","modified_gmt":"2021-01-25T01:17:07","slug":"munchen-querdenken-demo-uberschreitet-erlaubte-teilnehmerzahl","status":"publish","type":"post","link":"https:\/\/onlinetranslators.de\/news\/nachrichten\/munchen-querdenken-demo-uberschreitet-erlaubte-teilnehmerzahl\/","title":{"rendered":"M\u00fcnchen: \u00bbQuerdenken\u00ab-Demo \u00fcberschreitet erlaubte Teilnehmerzahl"},"content":{"rendered":"<figure>     <img decoding=\"async\" src=\"https:\/\/cdn.prod.www.spiegel.de\/images\/d7a20721-3227-4fc4-b410-af0d584bacee_w948_r1.77_fpx66.67_fpy50.jpg\" title=\"Menschenmenge in der M\u00fcnchner Innenstadt\" alt=\"Menschenmenge in der M\u00fcnchner Innenstadt\"\/>      Icon: vergr\u00f6\u00dfern<figcaption>\n<p class=\"caps\">Menschenmenge in der M\u00fcnchner Innenstadt<\/p>\n<p>  Foto:\u2002Matthias Balk \/ dpa  <\/figcaption><\/figure>\n<p>In M\u00fcnchen haben mehrere Hundert Anh\u00e4nger der \u00bbQuerdenken\u00ab-Bewegung gegen die geltenden Corona-Ma\u00dfnahmen demonstriert. Die Demonstranten verstie\u00dfen offenbar gegen die von einem Gericht verh\u00e4ngte Auflage, sich mit maximal 200 Menschen zusammenzutun.<\/p>\n<p>Die Polizei z\u00e4hlte nach Angaben eines Sprechers rund 300 Teilnehmer und war mit etwa 500 Beamten im Einsatz. Der Veranstalter war zun\u00e4chst nicht erreichbar, hatte nach Angaben der Nachrichtenagentur dpa aber rund 1000 Teilnehmer bei den Beh\u00f6rden angemeldet.<\/p>\n<p>Das M\u00fcnchner Kreisverwaltungsreferat genehmigte letztlich 200 Teilnehmer und begr\u00fcndete dies mit den derzeit geltenden staatlichen Corona-Regeln.<\/p>\n<p>Auf eine Beschwerde der Veranstalter vor dem Bayerischen Verwaltungsgerichtshof entschieden die Richter, dass an der Versammlung maximal 200 Menschen teilnehmen d\u00fcrfen.<\/p>\n<p>Wie der Bayerische Rundfunk berichtet, war f\u00fcr die Kundgebung eine Ausnahme von der eigentlich ab 21 Uhr geltenden Ausgangssperre genehmigt worden. Der Protest war demnach bis 22.15 Uhr gestattet.<\/p>\n<p>Zuletzt hatten Corona-Leugnerinnen und -Leugner in N\u00fcrnberg nach einer Absage durch die Stadt versucht, eine Kundgebung gegen die Corona-Ma\u00dfnahmen offenbar als Gottesdienst zu tarnen. Die Kirche hatte sich davon distanziert.<\/p>\n<p> Icon: Der Spiegel<\/p>\n","protected":false},"excerpt":{"rendered":"<p>Icon: vergr\u00f6\u00dfern Menschenmenge in der M\u00fcnchner Innenstadt Foto:\u2002Matthias Balk \/ dpa In M\u00fcnchen haben mehrere Hundert Anh\u00e4nger der \u00bbQuerdenken\u00ab-Bewegung gegen die geltenden Corona-Ma\u00dfnahmen demonstriert. Die Demonstranten verstie\u00dfen offenbar gegen die<\/p>\n","protected":false},"author":1,"featured_media":5418,"comment_status":"open","ping_status":"open","sticky":false,"template":"","format":"standard","meta":{"footnotes":""},"categories":[1],"tags":[],"class_list":["post-5417","post","type-post","status-publish","format-standard","has-post-thumbnail","hentry","category-nachrichten"],"_links":{"self":[{"href":"https:\/\/onlinetranslators.de\/news\/wp-json\/wp\/v2\/posts\/5417","targetHints":{"allow":["GET"]}}],"collection":[{"href":"https:\/\/onlinetranslators.de\/news\/wp-json\/wp\/v2\/posts"}],"about":[{"href":"https:\/\/onlinetranslators.de\/news\/wp-json\/wp\/v2\/types\/post"}],"author":[{"embeddable":true,"href":"https:\/\/onlinetranslators.de\/news\/wp-json\/wp\/v2\/users\/1"}],"replies":[{"embeddable":true,"href":"https:\/\/onlinetranslators.de\/news\/wp-json\/wp\/v2\/comments?post=5417"}],"version-history":[{"count":0,"href":"https:\/\/onlinetranslators.de\/news\/wp-json\/wp\/v2\/posts\/5417\/revisions"}],"wp:featuredmedia":[{"embeddable":true,"href":"https:\/\/onlinetranslators.de\/news\/wp-json\/wp\/v2\/media\/5418"}],"wp:attachment":[{"href":"https:\/\/onlinetranslators.de\/news\/wp-json\/wp\/v2\/media?parent=5417"}],"wp:term":[{"taxonomy":"category","embeddable":true,"href":"https:\/\/onlinetranslators.de\/news\/wp-json\/wp\/v2\/categories?post=5417"},{"taxonomy":"post_tag","embeddable":true,"href":"https:\/\/onlinetranslators.de\/news\/wp-json\/wp\/v2\/tags?post=5417"}],"curies":[{"name":"wp","href":"https:\/\/api.w.org\/{rel}","templated":true}]}}