{"id":5415,"date":"2021-01-25T02:16:31","date_gmt":"2021-01-24T23:16:31","guid":{"rendered":"http:\/\/onlinetranslators.de\/news\/nachrichten\/apotheker-uber-corona-leugner-ich-frage-die-leute-ja-nicht-was-sie-wahlen-bevor-ich-ihr-rezept-einlose\/"},"modified":"2021-01-25T02:16:31","modified_gmt":"2021-01-24T23:16:31","slug":"apotheker-uber-corona-leugner-ich-frage-die-leute-ja-nicht-was-sie-wahlen-bevor-ich-ihr-rezept-einlose","status":"publish","type":"post","link":"https:\/\/onlinetranslators.de\/news\/nachrichten\/apotheker-uber-corona-leugner-ich-frage-die-leute-ja-nicht-was-sie-wahlen-bevor-ich-ihr-rezept-einlose\/","title":{"rendered":"Apotheker \u00fcber Corona-Leugner: \u00bbIch frage die Leute ja nicht, was sie w\u00e4hlen, bevor ich ihr Rezept einl\u00f6se\u00ab"},"content":{"rendered":"<figure>     <img decoding=\"async\" src=\"https:\/\/cdn.prod.www.spiegel.de\/images\/2fa3eefd-30ef-4f1d-b681-754f8d404cf6_w948_r1.77_fpx74.76_fpy50.jpg\" title=\"Apotheker Markus Schilli: \u00bbDa ist mir die Hutschnur geplatzt\u00ab\" alt=\"Apotheker Markus Schilli: \u00bbDa ist mir die Hutschnur geplatzt\u00ab\"\/>      Icon: vergr\u00f6\u00dfern<figcaption>\n<p class=\"caps\">Apotheker Markus Schilli: \u00bbDa ist mir die Hutschnur geplatzt\u00ab<\/p>\n<p>  Foto:\u2002privat  <\/figcaption><\/figure>\n<p><em>Der Apotheker Markus Schilli betreibt im badischen Gengenbach die \u00bbSchwarzwald-Apotheke\u00ab. Der 56-J\u00e4hrige ist f\u00fcr die Gr\u00fcnen im lokalen Gemeinderat sowie im Kreistag vertreten. In dem Gremium im Ortenau-Kreis sitzt auch Thomas Seitz.<\/em><\/p>\n<p><em>Seitz ist AfD-Politiker und musste im Dezember und Januar <\/em><em>wochenlang wegen des schweren Verlaufs seiner Corona-Erkrankung auf der Intensivstation behandelt<\/em><em> werden. Der AfD-Mann sorgte bundesweit f\u00fcr Schlagzeilen, als er mit einer l\u00f6chrigen Maske im <\/em><em>Bundestag<\/em><em> auftrat. Auch nach vier Wochen im Krankenhaus bestreitet Seitz aber nach wie vor, dass eine Pandemie existiert und h\u00e4lt die Schutzma\u00dfnahmen f\u00fcr unangemessen. <\/em><\/p>\n<p><em>In einem Facebook-Post forderte Apotheker Schilli Corona-Leugner wie Seitz auf, nicht in seine Apotheke zu kommen, um dort FFP2-Masken zu kaufen. Daf\u00fcr erntete er einen Shitstorm im Netz \u2013 und viel Zustimmung in seiner Apotheke. Den Beitrag hat er inzwischen trotzdem gel\u00f6scht. <\/em><\/p>\n<p><strong>SPIEGEL: <\/strong>Herr Schilli, mit Ihrem Facebook-Post haben Sie ganz sch\u00f6n Wirbel gemacht. Was hat Sie denn so in Rage versetzt, dass Sie eine ganze Partei und Ihre W\u00e4hler gegen sich aufbringen?<\/p>\n<p><strong>Markus Schilli<\/strong>: Unmittelbarer Anlass war die Aussage des AfD-Bundestagsabgeordneten Thomas Seitz, der ja hier aus der Region kommt und vier Wochen mit Corona auf der Intensivstation des Lahrer Krankenhauses lag. Es ging um Leben und Tod. Und als er alles \u00fcberstanden hat, sagt er im ersten Interview danach, er m\u00fcsse seine \u00dcberzeugung nicht revidieren, Corona sei keine Pandemie. Diese Dreistigkeit, allein schon dem Pflegepersonal gegen\u00fcber, diese Doppelmoral. Da ist mir die Hutschnur geplatzt.<\/p>\n<p><strong>SPIEGEL:<\/strong> Herr Seitz ist ja auch im Bundestag schon aufgefallen, als er mit einer perforierten Maske ans Rednerpult ging. Von der Bundestagsvizepr\u00e4sidentin Claudia Roth bekam er dann eine richtige.<\/p>\n<p><strong>Schilli:<\/strong> Und die nannte er dann einen \u203aMaulkorb\u2039. Menschen wie Seitz tun nichts daf\u00fcr, um sich zu sch\u00fctzen, sie verharmlosen die Pandemie oder leugnen sie sogar. Und sie \u00e4ndern nicht einmal ihre Meinung, wenn sie fast daran sterben. Dass f\u00fcr so viel Starrsinn und Ignoranz die Allgemeinheit bezahlen muss, emp\u00f6rt mich.<\/p>\n<p><strong>SPIEGEL:<\/strong> Also haben Sie in Ihrem mittlerweile gel\u00f6schten Facebook-Post geschrieben, dass Herr Seitz seine Krankenhausrechnung selbst bezahlen sollte.<\/p>\n<p><strong>Schilli:<\/strong> Au\u00dferdem habe ich AfD-W\u00e4hler darum gebeten, sich ihre Masken nicht in meiner Apotheke zu kaufen.<\/p>\n<p><strong>SPIEGEL:<\/strong> Moment. Sie unterstellen AFD-W\u00e4hlern, dass Sie sich eh nicht vor Corona sch\u00fctzen wollen und wollen ihnen gleichzeitig verbieten, Masken bei Ihnen zu kaufen, die sie sch\u00fctzen w\u00fcrden. Ist das nicht widerspr\u00fcchlich?<\/p>\n<p><strong>Schilli:<\/strong> Mein Post sollte auf ein Problem aufmerksam machen, er sollte wach r\u00fctteln. Mir ist nat\u00fcrlich bewusst, dass es rechtlich gar nicht m\u00f6glich ist, Herrn Seitz die Kosten seiner Behandlung in Rechnung zu stellen. Und selbstverst\u00e4ndlich unterliege ich als Apotheker dem sogenannten Kontrahierungszwang. Hei\u00dft: Jeder, der mit einem Rezept zu mir kommt, hat Anspruch, dass das eingel\u00f6st wird \u2013 auch ein AfD-W\u00e4hler. Der w\u00e4re mir sogar regelrecht willkommen, wenn er begriffen h\u00e4tte, wof\u00fcr seine Partei steht.<\/p>\n<p><strong>SPIEGEL:<\/strong> Sie sind immer noch emp\u00f6rt.<\/p>\n<p><strong>Schilli:<\/strong> Ich selbst war vergangenes Jahr nach einem Unfall drei Monate nicht ansprechbar. Es ist ein Wunder, dass es mir wieder so gut geht. Vielleicht macht es mich auch deshalb so w\u00fctend, wie diese Leute mit Menschenleben spielen. Und ich kenne den Alltag in den Kliniken.<\/p>\n<p><strong>SPIEGEL:<\/strong> Erz\u00e4hlen Sie.<\/p>\n<p><strong>Schilli:<\/strong> Das Personal ist dort v\u00f6llig am Ende. Die ausufernden Dokumentationspflichten plus Corona \u2013 das ist nicht zu stemmen. Stellen Sie sich vor, wie belastend es ist, wenn man sich wochenlang um einen Menschen k\u00fcmmert, und er stirbt einem dann unter den Fingern weg. Ich frage mich halt, wie wenig Empathief\u00e4higkeit man haben muss, um in dieser Lage vor Masken zu warnen und diese Infektion zu verharmlosen. Ich ahne, was in Indien oder Afrika los ist, wo die Dokumentation auf einem anderen Level ist als in Europa. Und wir alle kennen die Bilder aus Brasilien oder Oberitalien. Na ja, fast alle\u2026<\/p>\n<p><strong>SPIEGEL:<\/strong> In Ihrem Post haben Sie AFD-W\u00e4hler gebeten, ihre Masken anderswo zu besorgen. Trauen die sich \u00fcberhaupt in Ihre Apotheke?<\/p>\n<p><strong>Schilli:<\/strong> Ich frage die Leute ja nicht, was Sie w\u00e4hlen, bevor ich Ihr Rezept einl\u00f6se. Nach meinem Facebook-Eintrag war es aber schon auff\u00e4llig, dass hier in der Apotheke die Kunden unisono positiv reagiert haben, nach dem Motto: \u00bbEndlich traut sich mal jemand, denen die Meinung zu sagen.\u00ab Im Netz gab es allerdings einen regelrechten Shitstorm. Deshalb habe ich den Post dann gel\u00f6scht.<\/p>\n<p><strong>SPIEGEL:<\/strong> Was wurde Ihnen vorgehalten?<\/p>\n<p><strong>Schilli: <\/strong>Ich wurde als Nazi beschimpft. Oder als naiver Alt-68er, der von nichts eine Ahnung hat. Fast immer \u00fcbrigens von Leuten, sie sich nicht einmal trauen, ihren Namen dazuzuschreiben.<\/p>\n<p><strong>SPIEGEL:<\/strong> Kennen Sie Herrn Seitz, den Anlass Ihres Facebook-Eintrags, denn pers\u00f6nlich? Sein Wohnort Lahr ist von hier aus ja mit dem Fahrrad zu erreichen.<\/p>\n<p><strong>Schilli:<\/strong> Ja, wir sitzen beide im Kreistag. Ich f\u00fcr die Gr\u00fcnen, er f\u00fcr die AfD. Und dann haben wir in der Region ja noch Stefan R\u00e4pple.<\/p>\n<p><strong>SPIEGEL:<\/strong> Das ist der Landtagsabgeordnete aus Kehl, der seiner eigenen Fraktion zu radikal ist und ausgeschlossen werden soll.<\/p>\n<p><strong>Schilli: <\/strong>Schlimme Leute sind das, Seitz geh\u00f6rt ja auch zum rechten Fl\u00fcgel der AfD. Die w\u00fcrden wahrscheinlich den Impfstoff von Biontech verweigern, weil er von t\u00fcrkeist\u00e4mmigen Menschen entwickelt wurde\u2026<\/p>\n<p><strong>SPIEGEL:<\/strong> Sie wollten mit Ihrem Post eine Debatte ansto\u00dfen. Das ist Ihnen gelungen. Trotzdem sagen Sie, dass Sie den Post bereuen. Warum?<\/p>\n<p><strong>Schilli:<\/strong> Nicht wegen mir, sondern wegen meiner Angestellten. Die arbeiten sowieso schon seit Monaten unter erschwerten Bedingungen. Hier war vor einigen Tagen eine langj\u00e4hrige Kundin, deren Mann mit 54 Jahren an Corona gestorben ist. Das nimmt einen mit, wenn man hinterm Tresen steht und dann pl\u00f6tzlich eine Witwe vor einem steht und man nicht wei\u00df, wie man tr\u00f6sten soll.<\/p>\n<p><strong>SPIEGEL:<\/strong> Corona pr\u00e4gt den Apothekenalltag?<\/p>\n<p><strong>Schilli:<\/strong> Der Laden ist st\u00e4ndig voll, stundenlang am St\u00fcck haben wir alle eine FFP2-Maske auf. Dazu kommt die private Situation. Die eine kann die Mutter im Pflegeheim nicht besuchen, die andere hat zwei kleine Kinder zu Hause, die nicht in die Kita k\u00f6nnen.<\/p>\n<p><strong>SPIEGEL:<\/strong> Und dann kommt der Chef auf die Idee, sich mit der AfD und Corona-Leugnern anzulegen\u2026<\/p>\n<p><strong>Schilli:<\/strong> Das Telefon steht nicht mehr still, weil irgendwelche Leute aus D\u00fcsseldorf und Berlin hier anrufen und einem erkl\u00e4ren wollen, dass es Corona gar nicht gibt. Das hat meinem Personal dann nat\u00fcrlich gerade noch gefehlt. Und ich bin daran schuld.<\/p>\n<p> Icon: Der Spiegel<\/p>\n","protected":false},"excerpt":{"rendered":"<p>Icon: vergr\u00f6\u00dfern Apotheker Markus Schilli: \u00bbDa ist mir die Hutschnur geplatzt\u00ab Foto:\u2002privat Der Apotheker Markus Schilli betreibt im badischen Gengenbach die \u00bbSchwarzwald-Apotheke\u00ab. Der 56-J\u00e4hrige ist f\u00fcr die Gr\u00fcnen im lokalen<\/p>\n","protected":false},"author":1,"featured_media":5416,"comment_status":"open","ping_status":"open","sticky":false,"template":"","format":"standard","meta":{"footnotes":""},"categories":[1],"tags":[],"class_list":["post-5415","post","type-post","status-publish","format-standard","has-post-thumbnail","hentry","category-nachrichten"],"_links":{"self":[{"href":"https:\/\/onlinetranslators.de\/news\/wp-json\/wp\/v2\/posts\/5415","targetHints":{"allow":["GET"]}}],"collection":[{"href":"https:\/\/onlinetranslators.de\/news\/wp-json\/wp\/v2\/posts"}],"about":[{"href":"https:\/\/onlinetranslators.de\/news\/wp-json\/wp\/v2\/types\/post"}],"author":[{"embeddable":true,"href":"https:\/\/onlinetranslators.de\/news\/wp-json\/wp\/v2\/users\/1"}],"replies":[{"embeddable":true,"href":"https:\/\/onlinetranslators.de\/news\/wp-json\/wp\/v2\/comments?post=5415"}],"version-history":[{"count":0,"href":"https:\/\/onlinetranslators.de\/news\/wp-json\/wp\/v2\/posts\/5415\/revisions"}],"wp:featuredmedia":[{"embeddable":true,"href":"https:\/\/onlinetranslators.de\/news\/wp-json\/wp\/v2\/media\/5416"}],"wp:attachment":[{"href":"https:\/\/onlinetranslators.de\/news\/wp-json\/wp\/v2\/media?parent=5415"}],"wp:term":[{"taxonomy":"category","embeddable":true,"href":"https:\/\/onlinetranslators.de\/news\/wp-json\/wp\/v2\/categories?post=5415"},{"taxonomy":"post_tag","embeddable":true,"href":"https:\/\/onlinetranslators.de\/news\/wp-json\/wp\/v2\/tags?post=5415"}],"curies":[{"name":"wp","href":"https:\/\/api.w.org\/{rel}","templated":true}]}}