{"id":5411,"date":"2021-01-24T22:11:53","date_gmt":"2021-01-24T19:11:53","guid":{"rendered":"http:\/\/onlinetranslators.de\/news\/nachrichten\/drohende-kita-schliesungen-sie-konnen-ja-arbeiten-wenn-die-kinder-im-bett-sind\/"},"modified":"2021-01-24T22:11:53","modified_gmt":"2021-01-24T19:11:53","slug":"drohende-kita-schliesungen-sie-konnen-ja-arbeiten-wenn-die-kinder-im-bett-sind","status":"publish","type":"post","link":"https:\/\/onlinetranslators.de\/news\/nachrichten\/drohende-kita-schliesungen-sie-konnen-ja-arbeiten-wenn-die-kinder-im-bett-sind\/","title":{"rendered":"Drohende Kita-Schlie\u00dfungen: \u00bbSie k\u00f6nnen ja arbeiten, wenn die Kinder im Bett sind\u00ab"},"content":{"rendered":"<figure>     <img decoding=\"async\" src=\"https:\/\/cdn.prod.www.spiegel.de\/images\/ad284340-eda4-445b-8eb3-4b87310122da_w948_r1.77_fpx51.3_fpy44.98.jpg\" title=\"\u00bbMir ist langweilig!\u00ab \u2013 Kitakind im Homeoffice\" alt=\"\u00bbMir ist langweilig!\u00ab \u2013 Kitakind im Homeoffice\"\/>      Icon: vergr\u00f6\u00dfern<figcaption>\n<p class=\"caps\">\u00bbMir ist langweilig!\u00ab \u2013 Kitakind im Homeoffice<\/p>\n<p>  Foto:\u2002Catherine Falls Commercial \/ Getty Images  <\/figcaption><\/figure>\n<p>Ich arbeite gerade an unserem Balkontisch, den ich jeden Morgen zwischen Ehebett und Kleiderschrank im Schlafzimmer aufklappe. Im Hintergrund quietschende Kinderstimmen aus der Zoom-Schulkonferenz meiner Neunj\u00e4hrigen, unter mir ein bedenklich knarzender Balkonstuhl aus Holz. Gleich wird mein Kind hereinkommen und mir detailreich erkl\u00e4ren, wer heute wieder besonders bl\u00f6d war in der Konfi. Und ich werde nicht das Herz haben, ihr zu sagen, dass ich mir das nicht anh\u00f6ren kann, weil bei mir auch die n\u00e4chste Konferenz dr\u00e4ngt.<\/p>\n<p>H\u00e4tte ich auch nicht gedacht, dass man so arbeiten kann, aber es geht schon. Das sage ich heute leichthin, meine Frau denkt dar\u00fcber sicher anders: Sie hat \u00bbSchuldienst\u00ab, sitzt dem Kind mit ihrem Arbeitsrechner also direkt gegen\u00fcber macht Betreuung und Arbeit parallel. Das bl\u00fcht mir n\u00e4chste Woche auch wieder. Aber trotzdem, anderen geht\u2019s sicher weitaus schlechter. Allerdings: Auch diese improvisierte Routine ist wackeliger als gedacht. Ab Montag kehrt Hamburg wieder zur Kita-Notbetreuung zur\u00fcck, und dann k\u00f6nnte Schluss sein mit der relativen Ruhe. Dann tobt hier m\u00f6glicherweise auch noch eine Sechsj\u00e4hrige durch die Wohnung, und die braucht noch ein ganz anderes Ma\u00df an Betreuung (ihr Lieblingssatz derzeit: \u00bbMir ist langweilig\u00ab). Wie soll das werden?<\/p>\n<p>Diese Frage hat bisher offiziell noch kein Hamburger Politiker auch nur ansatzweise beantwortet. Eltern sollen, wenn irgend m\u00f6glich, aus dem Homeoffice arbeiten und gleichzeitig, wenn irgend m\u00f6glich, ihre Kitakinder betreuen. Das sind zwei Dinge, die sich diametral gegen\u00fcberstehen, die schlicht nicht miteinander vereinbar sind. Der Kopf raucht. Es zerrt an den Nervenstr\u00e4ngen. Ich will jetzt Antworten. Anruf bei der Hamburger Corona-Hotline. Nach dem zweiten Klingeln nimmt jemand ab, wer h\u00e4tte das gedacht?<\/p>\n<p>\u00bbWie soll das gehen?\u00ab, frage ich also.<\/p>\n<p>\u00bbTja \u2013 Sie k\u00f6nnen ja arbeiten, wenn die Kinder im Bett sind.\u00ab Steilvorlage! Nach dieser Frechheit kann ich die Dame anschreien, endlich jemand, bei dem ich meinen Frust abladen kann. Aber die redet schon weiter, mit freundlicher, eifriger Stimme.<\/p>\n<p>\u00bbGanz ehrlich \u2013 die Eltern stehen wieder im Regen, das kann ich nicht anders sagen. Ich m\u00f6chte nicht mit Ihnen tauschen. Ich habe mit Eltern gesprochen, die ernsthaft abends ab acht Uhr arbeiten bis drei Uhr morgens.\u00ab Das hilft mir jetzt zwar nicht weiter, und ich wei\u00df ja schon, dass andere Eltern vor den gleichen Problemen stehen. Immerhin f\u00fchle ich mich in meiner Not verstanden.<\/p>\n<p>\u00bbIch bin Journalist, aber ich schreibe \u00fcber Serien und Filme, macht mich das systemrelevant?\u00ab \u2013 Z\u00f6gernd: \u00bbDa bin ich mir nicht sicher, das m\u00fcssen Sie mit der Kitaleitung kl\u00e4ren.\u00ab \u2013 \u00bbUnd woher soll die das wissen?\u00ab \u2013 \u00bbIn meiner Vorlage steht etwas von Eltern, die in f\u00fcr die Daseinsf\u00fcrsorge bedeutsamen Berufen t\u00e4tig sind. Es ist aber nicht definiert, was Daseinsf\u00fcrsorge umfasst. Tja.\u00ab Ich imaginiere, wie sie empathisch mit den Schultern zuckt.<\/p>\n<p>\u00bbSie k\u00f6nnen Ihr Kind ja bei Oma und Opa unterbringen\u00ab, sagt die freundliche Dame als N\u00e4chstes. Sekundenlanges, schockiertes Schweigen in der Leitung. Dann: \u00bbOh Gott, Sie vergessen jetzt schnell, dass ich das gerade gesagt habe, ja?\u00ab<\/p>\n<p>Langsam finde ich dieses Gespr\u00e4ch richtig unterhaltsam. Die Frau gibt auch nicht auf, obwohl sie ihrer Hilflosigkeit ja deutlich genug Ausdruck verliehen hat. Sie kann es ja auch nicht \u00e4ndern. Trotzdem scannt sie Verordnungen zum Kinderkrankengeld, liest Beschl\u00fcsse zur privaten Kinderbetreuung, versichert mir wiederholt, dass ich n\u00e4chste Woche jederzeit wieder anrufen kann, wenn die Angaben des Senats deutlicher werden sollten.<\/p>\n<p>Zum Schuss sagt die freundliche Frau: \u00bbJetzt habe ich Ihnen aber doch helfen k\u00f6nnen, oder? Also, nicht konkret vielleicht, aber immerhin\u2026\u00ab Sie versucht nicht, ein Kompliment einzuheimsen, sie meint die Frage ernst, sie will helfen in ihrer ganzen Hilflosigkeit. Ist es so, dass mehr nicht m\u00f6glich ist in dieser wirren Zeit?<\/p>\n<p>Wie es nun ab Montag weitergehen soll \u2013 ich wei\u00df es nicht. Es wird wohl gehen m\u00fcssen, irgendwie.<\/p>\n<p> Icon: Der Spiegel<\/p>\n","protected":false},"excerpt":{"rendered":"<p>Icon: vergr\u00f6\u00dfern \u00bbMir ist langweilig!\u00ab \u2013 Kitakind im Homeoffice Foto:\u2002Catherine Falls Commercial \/ Getty Images Ich arbeite gerade an unserem Balkontisch, den ich jeden Morgen zwischen Ehebett und Kleiderschrank im<\/p>\n","protected":false},"author":1,"featured_media":5412,"comment_status":"open","ping_status":"open","sticky":false,"template":"","format":"standard","meta":{"footnotes":""},"categories":[1],"tags":[],"class_list":["post-5411","post","type-post","status-publish","format-standard","has-post-thumbnail","hentry","category-nachrichten"],"_links":{"self":[{"href":"https:\/\/onlinetranslators.de\/news\/wp-json\/wp\/v2\/posts\/5411","targetHints":{"allow":["GET"]}}],"collection":[{"href":"https:\/\/onlinetranslators.de\/news\/wp-json\/wp\/v2\/posts"}],"about":[{"href":"https:\/\/onlinetranslators.de\/news\/wp-json\/wp\/v2\/types\/post"}],"author":[{"embeddable":true,"href":"https:\/\/onlinetranslators.de\/news\/wp-json\/wp\/v2\/users\/1"}],"replies":[{"embeddable":true,"href":"https:\/\/onlinetranslators.de\/news\/wp-json\/wp\/v2\/comments?post=5411"}],"version-history":[{"count":0,"href":"https:\/\/onlinetranslators.de\/news\/wp-json\/wp\/v2\/posts\/5411\/revisions"}],"wp:featuredmedia":[{"embeddable":true,"href":"https:\/\/onlinetranslators.de\/news\/wp-json\/wp\/v2\/media\/5412"}],"wp:attachment":[{"href":"https:\/\/onlinetranslators.de\/news\/wp-json\/wp\/v2\/media?parent=5411"}],"wp:term":[{"taxonomy":"category","embeddable":true,"href":"https:\/\/onlinetranslators.de\/news\/wp-json\/wp\/v2\/categories?post=5411"},{"taxonomy":"post_tag","embeddable":true,"href":"https:\/\/onlinetranslators.de\/news\/wp-json\/wp\/v2\/tags?post=5411"}],"curies":[{"name":"wp","href":"https:\/\/api.w.org\/{rel}","templated":true}]}}