{"id":4369,"date":"2020-12-08T04:07:41","date_gmt":"2020-12-08T01:07:41","guid":{"rendered":"http:\/\/onlinetranslators.de\/news\/nachrichten\/jens-spahn-spekuliert-uber-hartere-corona-masnahmen\/"},"modified":"2020-12-08T04:07:41","modified_gmt":"2020-12-08T01:07:41","slug":"jens-spahn-spekuliert-uber-hartere-corona-masnahmen","status":"publish","type":"post","link":"https:\/\/onlinetranslators.de\/news\/nachrichten\/jens-spahn-spekuliert-uber-hartere-corona-masnahmen\/","title":{"rendered":"Jens Spahn spekuliert \u00fcber h\u00e4rtere Corona-Ma\u00dfnahmen"},"content":{"rendered":"<figure>     <img decoding=\"async\" src=\"https:\/\/cdn.prod.www.spiegel.de\/images\/67eadd0c-bdbe-44d1-9aea-a8d6db575873_w948_r1.77_fpx51.6_fpy50.jpg\" title=\"Jens Spahn (im August): \u00bbDann m\u00fcssen wir das diskutieren\u00ab\" alt=\"Jens Spahn (im August): \u00bbDann m\u00fcssen wir das diskutieren\u00ab\"\/>      Icon: vergr\u00f6\u00dfern<figcaption>\n<p class=\"caps\">Jens Spahn (im August): \u00bbDann m\u00fcssen wir das diskutieren\u00ab<\/p>\n<p>  Foto:\u2002Bernd Thissen \/ dpa  <\/figcaption><\/figure>\n<p>Gerade erst hatte die Bundeskanzlerin \u00fcber m\u00f6gliche \u00bbzus\u00e4tzliche Ma\u00dfnahmen\u00ab im Winter gesprochen. Nun hat sich auch der CDU-Gesundheitsminister in diese Richtung hin ge\u00e4u\u00dfert Jens Spahn schlie\u00dft angesichts der hohen Infektionszahlen eine Versch\u00e4rfung der Corona-Beschr\u00e4nkungen nicht aus.<\/p>\n<p>Sollten die Zahlen bis Weihnachten nicht sinken, \u00bbdann m\u00fcssen wir das diskutieren\u00ab, sagte Spahn am Montag dem Sender Phoenix. Er pl\u00e4dierte daf\u00fcr, h\u00e4rtere Ma\u00dfnahmen f\u00fcr einen k\u00fcrzeren Zeitraum zu ergreifen. \u00bbDer Ansatz, kurz und umfassender, um wirklich einen Unterschied zu machen, ist wahrscheinlich der erfolgreichere.\u00ab<\/p>\n<p>Auch eine erneute Schlie\u00dfung des Einzelhandels k\u00f6nne erforderlich sein, sagte Spahn. \u00bbWir m\u00fcssen das abh\u00e4ngig machen von den n\u00e4chsten Tagen, ob es uns gelingt, die Zahlen runterzubringen.\u00ab Auch k\u00fcnftig w\u00fcrden die Bundesl\u00e4nder individuelle Konzepte verfolgen, was er aufgrund unterschiedlicher Inzidenzzahlen auch f\u00fcr richtig halte. \u00bbWir m\u00fcssen in Sachsen andere Ma\u00dfnahmen ergreifen als in Schleswig-Holstein, wenn das Ganze Akzeptanz behalten soll\u00ab, sagte der Gesundheitsminister.<\/p>\n<p>Kanzlerin Angela Merkel (CDU) strebt noch vor Weihnachten eine Einigung auf weitere Schritte zur Eind\u00e4mmung der Corona-Pandemie an. Mit den bisher ergriffenen Ma\u00dfnahmen komme man von den auf einem viel zu hohen Niveau stagnierenden Infektionszahlen nicht herunter, so Merkel bei einer Videokonferenz mit der Unionsfraktion im Bundestag.<\/p>\n<h3>Sachsen k\u00f6nnte schon ab 14. Dezember in Lockdown gehen<\/h3>\n<p>Laut einem Bericht der \u00bbBild\u00ab-Zeitung plant das Bundeskanzleramt die Corona-Ma\u00dfnahmen ab dem 27. Dezember erheblich zu versch\u00e4rfen. Es sollten demnach mindestens bis zum 3. Januar s\u00e4mtliche Gesch\u00e4fte in Deutschland schlie\u00dfen \u2013 mit Ausnahme des Lebensmitteleinzelhandels. Um die Regeln durchzusetzen, wolle das Kanzleramt noch in dieser Woche eine Ministerpr\u00e4sidentenkonferenz organisieren.<\/p>\n<p>Schon sehr bald k\u00f6nnte laut Medienberichten das Bundesland Sachsen einen Vorsto\u00df wagen und den harten Lockdown ausrufen. Unter Berufung auf Regierungskreise berichtet die \u00bbBild\u00ab, es werde diskutiert, Gesch\u00e4fte ab dem 14. Dezember zu schlie\u00dfen. Nur lebensnotwendige L\u00e4den sollen \u2013 wie im Fr\u00fchjahr \u2013 offen bleiben. Welche das neben Lebensmittelgesch\u00e4ften genau sind, sei noch unklar. Sachsens Regierungssprecher Ralph Schreiber best\u00e4tigte die Berichte zun\u00e4chst nicht. Er verwies darauf, dass das Kabinett am Dienstag zu den versch\u00e4rften Corona-Schutzma\u00dfnahmen tagen wolle.<\/p>\n<p> Icon: Der Spiegel<\/p>\n","protected":false},"excerpt":{"rendered":"<p>Icon: vergr\u00f6\u00dfern Jens Spahn (im August): \u00bbDann m\u00fcssen wir das diskutieren\u00ab Foto:\u2002Bernd Thissen \/ dpa Gerade erst hatte die Bundeskanzlerin \u00fcber m\u00f6gliche \u00bbzus\u00e4tzliche Ma\u00dfnahmen\u00ab im Winter gesprochen. Nun hat sich<\/p>\n","protected":false},"author":1,"featured_media":4370,"comment_status":"open","ping_status":"open","sticky":false,"template":"","format":"standard","meta":{"footnotes":""},"categories":[1],"tags":[],"class_list":["post-4369","post","type-post","status-publish","format-standard","has-post-thumbnail","hentry","category-nachrichten"],"_links":{"self":[{"href":"https:\/\/onlinetranslators.de\/news\/wp-json\/wp\/v2\/posts\/4369","targetHints":{"allow":["GET"]}}],"collection":[{"href":"https:\/\/onlinetranslators.de\/news\/wp-json\/wp\/v2\/posts"}],"about":[{"href":"https:\/\/onlinetranslators.de\/news\/wp-json\/wp\/v2\/types\/post"}],"author":[{"embeddable":true,"href":"https:\/\/onlinetranslators.de\/news\/wp-json\/wp\/v2\/users\/1"}],"replies":[{"embeddable":true,"href":"https:\/\/onlinetranslators.de\/news\/wp-json\/wp\/v2\/comments?post=4369"}],"version-history":[{"count":0,"href":"https:\/\/onlinetranslators.de\/news\/wp-json\/wp\/v2\/posts\/4369\/revisions"}],"wp:featuredmedia":[{"embeddable":true,"href":"https:\/\/onlinetranslators.de\/news\/wp-json\/wp\/v2\/media\/4370"}],"wp:attachment":[{"href":"https:\/\/onlinetranslators.de\/news\/wp-json\/wp\/v2\/media?parent=4369"}],"wp:term":[{"taxonomy":"category","embeddable":true,"href":"https:\/\/onlinetranslators.de\/news\/wp-json\/wp\/v2\/categories?post=4369"},{"taxonomy":"post_tag","embeddable":true,"href":"https:\/\/onlinetranslators.de\/news\/wp-json\/wp\/v2\/tags?post=4369"}],"curies":[{"name":"wp","href":"https:\/\/api.w.org\/{rel}","templated":true}]}}