{"id":4365,"date":"2020-12-07T23:58:21","date_gmt":"2020-12-07T20:58:21","guid":{"rendered":"http:\/\/onlinetranslators.de\/news\/nachrichten\/brexit-boris-johnson-will-zu-gesprachen-nach-brussel-reisen\/"},"modified":"2020-12-07T23:58:21","modified_gmt":"2020-12-07T20:58:21","slug":"brexit-boris-johnson-will-zu-gesprachen-nach-brussel-reisen","status":"publish","type":"post","link":"https:\/\/onlinetranslators.de\/news\/nachrichten\/brexit-boris-johnson-will-zu-gesprachen-nach-brussel-reisen\/","title":{"rendered":"Brexit: Boris Johnson will zu Gespr\u00e4chen nach Br\u00fcssel reisen"},"content":{"rendered":"<figure>     <img decoding=\"async\" src=\"https:\/\/cdn.prod.www.spiegel.de\/images\/371e5371-21a1-4e98-818d-fa44aa58bf7a_w948_r1.77_fpx50_fpy22.jpg\" title=\"Boris Johnson: Fortsetzung der Brexit-Verhandlungen in Br\u00fcssel\" alt=\"Boris Johnson: Fortsetzung der Brexit-Verhandlungen in Br\u00fcssel\"\/>      Icon: vergr\u00f6\u00dfern<figcaption>\n<p class=\"caps\">Boris Johnson: Fortsetzung der Brexit-Verhandlungen in Br\u00fcssel<\/p>\n<p>  Foto:\u2002<\/p>\n<p>Martyn Wheatley \/ i-Images \/ imago images\/i Images<\/p>\n<\/figcaption><\/figure>\n<p>Im Streit \u00fcber den Brexit-Handelspakt soll ein pers\u00f6nliches Treffen auf h\u00f6chster Ebene den Durchbruch bringen. Der britische Premierminister Boris Johnson werde in den kommenden Tagen nach Br\u00fcssel reisen, um mit EU-Kommissionspr\u00e4sidentin Ursula von der Leyen die schwierigsten Fragen zu kl\u00e4ren, teilte die EU-Kommission mit. Johnson und von der Leyen hatten zuvor telefoniert.<\/p>\n<p>Die Kommissionspr\u00e4sidentin hatte zuvor auf Twitter mitgeteilt, dass die Bedingungen f\u00fcr eine Einigung noch immer nicht erreicht seien. Es best\u00fcnden weiter \u00bbDifferenzen bei wichtigen Themen\u00ab, schrieb von der Leyen. Die Unterh\u00e4ndler sollten nun einen \u00dcberblick \u00fcber die Meinungsverschiedenheiten erstellen, in den kommenden Tagen solle es weitere pers\u00f6nliche Gespr\u00e4che geben.<\/p>\n<p>Wann Johnson kommt, blieb vorerst offen. Wie die Nachrichtenagentur AFP berichtete, wird der Besuch voraussichtlich nicht am Dienstag stattfinden. M\u00f6glich w\u00e4re der Mittwoch, weil am Donnerstag der letzte regul\u00e4re Gipfel der EU-Staats- und Regierungschefs beginnt. Direkte Verhandlungen der 27 Mitgliedsregierungen mit der britischen Seite hatte die EU immer ausgeschlossen.<\/p>\n<p>Die Bereitschaft, die Verhandlungen noch lange weiterzuf\u00fchren, scheint aber sowohl bei der EU als auch bei den Briten gering. Der EU-Chefunterh\u00e4ndler Michel Barnier sagte zuletzt, er wolle noch vor dem Gipfel am Donnerstag und Freitag eine Entscheidung herbeif\u00fchren. <\/p>\n<p>Die britische Seite schwankte zuletzt zwischen Gespr\u00e4chsbereitschaft und Fristdrohungen. \u00bbWir sind bereit, solange zu verhandeln, wie die Zeit reicht, wenn wir denken, ein Abkommen ist noch m\u00f6glich\u00ab, sagte ein Sprecher von Premierminister Boris Johnson. Gespr\u00e4che bis ins kommende Jahr schloss der Sprecher jedoch aus.<\/p>\n<p>Gro\u00dfbritannien war zum 1. Februar aus der EU ausgetreten. Bis Jahresende bleibt es aber noch im EU-Binnenmarkt und in der Zollunion. Diese \u00dcbergangsphase wollten beide Seiten eigentlich nutzen, um ein Handelsabkommen auszuhandeln. Ohne Handelsabkommen drohen ab dem 1. Januar Z\u00f6lle und andere Handelsh\u00fcrden.<\/p>\n<p>Hauptstreitpunkte sind weiterhin insbesondere Vereinbarungen \u00fcber faire Wettbewerbsbedingungen zwischen Gro\u00dfbritannien und der EU, Fangrechte f\u00fcr EU-Fischer in britischen Gew\u00e4ssern und Regeln zur Ahndung von Verst\u00f6\u00dfen gegen die Vereinbarungen.<\/p>\n<h3>Skepsis im EU-Parlament<\/h3>\n<p>Mit Blick auf den wachsenden Zeitdruck \u00e4u\u00dferten sich am Montag auch Brexit-Experten im Europaparlament zunehmend ungehalten. Die Abgeordneten m\u00fcssen dem Abkommen noch zustimmen.<\/p>\n<p>Selbst bei einem sofortigen Verhandlungserfolg k\u00f6nnte ein Vertrag in einer offiziellen Fassung erst am 23. Dezember ins Parlament eingebracht werden, sagte der Linken-Fraktionschef Martin Schirdewan der Nachrichtenagentur dpa.<\/p>\n<p>Dauere es noch einige Tage, w\u00e4re der erste Termin der 27. Dezember. Das lasse keine gr\u00fcndliche Pr\u00fcfung zu. \u00bbIch halte das f\u00fcr sehr problematisch\u00ab, sagte Schirdewan.<\/p>\n<p> Icon: Der Spiegel<\/p>\n","protected":false},"excerpt":{"rendered":"<p>Icon: vergr\u00f6\u00dfern Boris Johnson: Fortsetzung der Brexit-Verhandlungen in Br\u00fcssel Foto:\u2002 Martyn Wheatley \/ i-Images \/ imago images\/i Images Im Streit \u00fcber den Brexit-Handelspakt soll ein pers\u00f6nliches Treffen auf h\u00f6chster Ebene<\/p>\n","protected":false},"author":1,"featured_media":4366,"comment_status":"open","ping_status":"open","sticky":false,"template":"","format":"standard","meta":{"footnotes":""},"categories":[1],"tags":[],"class_list":["post-4365","post","type-post","status-publish","format-standard","has-post-thumbnail","hentry","category-nachrichten"],"_links":{"self":[{"href":"https:\/\/onlinetranslators.de\/news\/wp-json\/wp\/v2\/posts\/4365","targetHints":{"allow":["GET"]}}],"collection":[{"href":"https:\/\/onlinetranslators.de\/news\/wp-json\/wp\/v2\/posts"}],"about":[{"href":"https:\/\/onlinetranslators.de\/news\/wp-json\/wp\/v2\/types\/post"}],"author":[{"embeddable":true,"href":"https:\/\/onlinetranslators.de\/news\/wp-json\/wp\/v2\/users\/1"}],"replies":[{"embeddable":true,"href":"https:\/\/onlinetranslators.de\/news\/wp-json\/wp\/v2\/comments?post=4365"}],"version-history":[{"count":0,"href":"https:\/\/onlinetranslators.de\/news\/wp-json\/wp\/v2\/posts\/4365\/revisions"}],"wp:featuredmedia":[{"embeddable":true,"href":"https:\/\/onlinetranslators.de\/news\/wp-json\/wp\/v2\/media\/4366"}],"wp:attachment":[{"href":"https:\/\/onlinetranslators.de\/news\/wp-json\/wp\/v2\/media?parent=4365"}],"wp:term":[{"taxonomy":"category","embeddable":true,"href":"https:\/\/onlinetranslators.de\/news\/wp-json\/wp\/v2\/categories?post=4365"},{"taxonomy":"post_tag","embeddable":true,"href":"https:\/\/onlinetranslators.de\/news\/wp-json\/wp\/v2\/tags?post=4365"}],"curies":[{"name":"wp","href":"https:\/\/api.w.org\/{rel}","templated":true}]}}