{"id":4359,"date":"2020-12-07T17:57:23","date_gmt":"2020-12-07T14:57:23","guid":{"rendered":"http:\/\/onlinetranslators.de\/news\/nachrichten\/hannover-die-grausame-geschichte-eines-stalker-mords\/"},"modified":"2020-12-07T17:57:23","modified_gmt":"2020-12-07T14:57:23","slug":"hannover-die-grausame-geschichte-eines-stalker-mords","status":"publish","type":"post","link":"https:\/\/onlinetranslators.de\/news\/nachrichten\/hannover-die-grausame-geschichte-eines-stalker-mords\/","title":{"rendered":"Hannover: Die grausame Geschichte eines Stalker-Mords"},"content":{"rendered":"<figure>     <img decoding=\"async\" src=\"https:\/\/cdn.prod.www.spiegel.de\/images\/b4b5a3de-a342-49c7-a1ac-2d6a1f37dc78_w948_r1.77_fpx32_fpy40.jpg\"\/>      Icon: vergr\u00f6\u00dfern<figcaption>  Foto:\u2002Russlan \/ DER SPIEGEL  <\/figcaption><\/figure>\n<p class=\"caps\">Der Angeklagte nimmt im Gerichtssaal Platz, er tr\u00e4gt ein Holzf\u00e4llerhemd, dunkelblaues Sakko, die Jeans an den Knien aufgeschnitten. Er hat viel Zeit in seine Frisur investiert, als m\u00fcsste er zur Arbeit in die Dessauer H&amp;M-Filiale. Dort, wo er die Frau traf, die offenbar diese Begegnung mit dem Leben bezahlte.<\/p>\n<p>Patrick S. ist 35 Jahre alt, er studierte Wirtschaftsmathematik, dann Wirtschafts- und Politikwissenschaft, Bachelor-Abschluss. Er wohnte bei seinen Eltern und arbeitete bis zu seiner Festnahme als Aushilfe in der Kinderabteilung der Modekette H&amp;M.<\/p>\n<p>F\u00fcr anderes hatte er keine Zeit.<\/p>\n<p>Sein Leben drehte sich um Sophie N., 23 Jahre alt, eine ehemalige Arbeitskollegin. Fast zwei Jahre lang stellt er ihr nach, beobachtet und verfolgt sie. Am 10. Januar dieses Jahres klettert er nach eigenen Angaben \u00fcber den Balkon ihrer Wohnung in Hannover. Er legt sich stundenlang unter das Bett ihrer Mitbewohnerin. Irgendwann kriecht er hervor und st\u00fcrmt ins Bad.<\/p>\n<p>Mit einem Klappmesser soll Patrick S. die Halsschlagader der jungen Frau durchtrennt haben. Staatsanw\u00e4ltin Wiebke Gratz wirft ihm Mord vor.<\/p>\n","protected":false},"excerpt":{"rendered":"<p>Icon: vergr\u00f6\u00dfern Foto:\u2002Russlan \/ DER SPIEGEL Der Angeklagte nimmt im Gerichtssaal Platz, er tr\u00e4gt ein Holzf\u00e4llerhemd, dunkelblaues Sakko, die Jeans an den Knien aufgeschnitten. Er hat viel Zeit in seine<\/p>\n","protected":false},"author":1,"featured_media":4360,"comment_status":"open","ping_status":"open","sticky":false,"template":"","format":"standard","meta":{"footnotes":""},"categories":[1],"tags":[],"class_list":["post-4359","post","type-post","status-publish","format-standard","has-post-thumbnail","hentry","category-nachrichten"],"_links":{"self":[{"href":"https:\/\/onlinetranslators.de\/news\/wp-json\/wp\/v2\/posts\/4359","targetHints":{"allow":["GET"]}}],"collection":[{"href":"https:\/\/onlinetranslators.de\/news\/wp-json\/wp\/v2\/posts"}],"about":[{"href":"https:\/\/onlinetranslators.de\/news\/wp-json\/wp\/v2\/types\/post"}],"author":[{"embeddable":true,"href":"https:\/\/onlinetranslators.de\/news\/wp-json\/wp\/v2\/users\/1"}],"replies":[{"embeddable":true,"href":"https:\/\/onlinetranslators.de\/news\/wp-json\/wp\/v2\/comments?post=4359"}],"version-history":[{"count":0,"href":"https:\/\/onlinetranslators.de\/news\/wp-json\/wp\/v2\/posts\/4359\/revisions"}],"wp:featuredmedia":[{"embeddable":true,"href":"https:\/\/onlinetranslators.de\/news\/wp-json\/wp\/v2\/media\/4360"}],"wp:attachment":[{"href":"https:\/\/onlinetranslators.de\/news\/wp-json\/wp\/v2\/media?parent=4359"}],"wp:term":[{"taxonomy":"category","embeddable":true,"href":"https:\/\/onlinetranslators.de\/news\/wp-json\/wp\/v2\/categories?post=4359"},{"taxonomy":"post_tag","embeddable":true,"href":"https:\/\/onlinetranslators.de\/news\/wp-json\/wp\/v2\/tags?post=4359"}],"curies":[{"name":"wp","href":"https:\/\/api.w.org\/{rel}","templated":true}]}}