{"id":4349,"date":"2020-12-07T07:37:42","date_gmt":"2020-12-07T04:37:42","guid":{"rendered":"http:\/\/onlinetranslators.de\/news\/nachrichten\/xavier-becerra-joe-biden-will-kaliforniens-generalstaatsanwalt-als-gesundheitsminister\/"},"modified":"2020-12-07T07:37:42","modified_gmt":"2020-12-07T04:37:42","slug":"xavier-becerra-joe-biden-will-kaliforniens-generalstaatsanwalt-als-gesundheitsminister","status":"publish","type":"post","link":"https:\/\/onlinetranslators.de\/news\/nachrichten\/xavier-becerra-joe-biden-will-kaliforniens-generalstaatsanwalt-als-gesundheitsminister\/","title":{"rendered":"Xavier Becerra: Joe Biden will Kaliforniens Generalstaatsanwalt als Gesundheitsminister"},"content":{"rendered":"<figure>     <img decoding=\"async\" src=\"https:\/\/cdn.prod.www.spiegel.de\/images\/b7dc6b30-e541-42d6-adcf-c90c4d30b9d9_w948_r1.77_fpx66_fpy47.jpg\" title=\"Xavier Becerra w\u00e4re neben dem nominierten Heimatschutzminister Alejandro Mayorkas der zweite Latino in Bidens Kabinett\" alt=\"Xavier Becerra w\u00e4re neben dem nominierten Heimatschutzminister Alejandro Mayorkas der zweite Latino in Bidens Kabinett\"\/>      Icon: vergr\u00f6\u00dfern<figcaption>\n<p class=\"caps\">Xavier Becerra w\u00e4re neben dem nominierten Heimatschutzminister Alejandro Mayorkas der zweite Latino in Bidens Kabinett<\/p>\n<p>  Foto:\u2002Rich Pedroncelli \/ AP  <\/figcaption><\/figure>\n<p>Kaliforniens Generalstaatsanwalt Xavier Becerra soll Medienberichten zufolge vom gew\u00e4hlten US-Pr\u00e4sidenten Joe Biden zum Gesundheitsminister ernannt werden. Dies berichteten \u00fcbereinstimmend NBC, \u00bbNew York Times\u00ab und weitere US-Medien unter Berufung auf Bidens Umfeld.<\/p>\n<p>Becerra w\u00e4re nach dem bereits nominierten Heimatschutzminister Alejandro Mayorkas der zweite Latino in Bidens Kabinett. Er war auch als potenzieller Kandidat f\u00fcr das US-Justizministerium gehandelt worden. Biden hatte versprochen, das vielf\u00e4ltigste Kabinett aller Zeiten zu bilden.<\/p>\n<p>W\u00e4hrend seiner Zeit als Kongressabgeordneter galt Becerra als vehementer Verfechter der Rechte von Latinos. 2016 trat der heute 62-J\u00e4hrige die Nachfolge von Kamala Harris als Generalstaatsanwalt von Kalifornien an. Er war damals der erste Latino, der dieses Amt innehatte. <\/p>\n<p>W\u00e4hrend seiner Amtszeit setzte er sich unter anderem vor dem Obersten Gerichtshof f\u00fcr das sogenannte Daca-Programm zum Schutz Hunderttausender junger Migranten ein.<\/p>\n<h3>Verfechter von Obamas Gesundheitsprogramm<\/h3>\n<p>Becerra leitete zudem die Anstrengungen mehrerer US-Staaten und der Hauptstadt Washington gegen Bestrebungen der Republikaner, die Gesundheitsreform von Pr\u00e4sident Barack Obama vor Gericht zu kippen. Mit \u00bbObamacare\u00ab bekamen rund 20 Millionen Amerikaner neu Zugang zur Krankenversicherung. Ein zentraler Punkt der Reform ist auch, dass Menschen eine Versicherung nicht mehr aufgrund von Vorerkrankungen verweigert werden kann.<\/p>\n<p>Der Erhalt von \u00abObamacare\u00bb ist ein wichtiges Anliegen von Biden, der unter Obama Vizepr\u00e4sident war. Er hat im Wahlkampf versprochen, als Pr\u00e4sident auf der Reform aufbauen und zum Beispiel die Gesundheitskosten f\u00fcr die Amerikaner senken zu wollen.<\/p>\n<p>Wenn Becerra vom Senat als Gesundheitsminister best\u00e4tigt wird, nimmt er eine Schl\u00fcsselrolle in Bidens Kabinett ein. Der gew\u00e4hlte Pr\u00e4sident hat den Kampf gegen die Corona-Pandemie zu einer seiner Priorit\u00e4ten erkl\u00e4rt.<\/p>\n<p>Vergangene Woche hatte Biden einige Mitglieder seines Gesundheitsteams benannt: Der Seuchenexperte Anthony Fauci soll auch in Bidens Amtszeit der f\u00fchrende Corona-Berater der Regierung bleiben. Fauci ist Mitglied der Corona-Taskforce des noch amtierenden Pr\u00e4sidenten Donald Trump, mit dem er aber oftmals wegen dessen Krisenpolitik \u00fcber Kreuz lag.<\/p>\n<p>Die Johns-Hopkins-Universit\u00e4t hatte am Samstag am dritten Tag in Folge einen neuen H\u00f6chstwert bei der Zahl der Corona-Neuinfektionen in den USA gemeldet. Binnen 24 Stunden wurden mehr als 230.000 neue Ansteckungen registriert.<\/p>\n<p>Die USA sind das am schwersten von der Pandemie betroffene Land weltweit. Insgesamt verzeichneten die Vereinigten Staaten bereits mehr als 14,6 Millionen Corona-F\u00e4lle. Mehr als 282.000 Infizierte starben.<\/p>\n<p> Icon: Der Spiegel<\/p>\n","protected":false},"excerpt":{"rendered":"<p>Icon: vergr\u00f6\u00dfern Xavier Becerra w\u00e4re neben dem nominierten Heimatschutzminister Alejandro Mayorkas der zweite Latino in Bidens Kabinett Foto:\u2002Rich Pedroncelli \/ AP Kaliforniens Generalstaatsanwalt Xavier Becerra soll Medienberichten zufolge vom gew\u00e4hlten<\/p>\n","protected":false},"author":1,"featured_media":4350,"comment_status":"open","ping_status":"open","sticky":false,"template":"","format":"standard","meta":{"footnotes":""},"categories":[1],"tags":[],"class_list":["post-4349","post","type-post","status-publish","format-standard","has-post-thumbnail","hentry","category-nachrichten"],"_links":{"self":[{"href":"https:\/\/onlinetranslators.de\/news\/wp-json\/wp\/v2\/posts\/4349","targetHints":{"allow":["GET"]}}],"collection":[{"href":"https:\/\/onlinetranslators.de\/news\/wp-json\/wp\/v2\/posts"}],"about":[{"href":"https:\/\/onlinetranslators.de\/news\/wp-json\/wp\/v2\/types\/post"}],"author":[{"embeddable":true,"href":"https:\/\/onlinetranslators.de\/news\/wp-json\/wp\/v2\/users\/1"}],"replies":[{"embeddable":true,"href":"https:\/\/onlinetranslators.de\/news\/wp-json\/wp\/v2\/comments?post=4349"}],"version-history":[{"count":0,"href":"https:\/\/onlinetranslators.de\/news\/wp-json\/wp\/v2\/posts\/4349\/revisions"}],"wp:featuredmedia":[{"embeddable":true,"href":"https:\/\/onlinetranslators.de\/news\/wp-json\/wp\/v2\/media\/4350"}],"wp:attachment":[{"href":"https:\/\/onlinetranslators.de\/news\/wp-json\/wp\/v2\/media?parent=4349"}],"wp:term":[{"taxonomy":"category","embeddable":true,"href":"https:\/\/onlinetranslators.de\/news\/wp-json\/wp\/v2\/categories?post=4349"},{"taxonomy":"post_tag","embeddable":true,"href":"https:\/\/onlinetranslators.de\/news\/wp-json\/wp\/v2\/tags?post=4349"}],"curies":[{"name":"wp","href":"https:\/\/api.w.org\/{rel}","templated":true}]}}