{"id":4341,"date":"2020-12-06T23:08:50","date_gmt":"2020-12-06T20:08:50","guid":{"rendered":"http:\/\/onlinetranslators.de\/news\/nachrichten\/querdenken-und-samuel-eckert-wie-kinder-im-corona-protest-instrumentalisiert-werden\/"},"modified":"2020-12-06T23:08:50","modified_gmt":"2020-12-06T20:08:50","slug":"querdenken-und-samuel-eckert-wie-kinder-im-corona-protest-instrumentalisiert-werden","status":"publish","type":"post","link":"https:\/\/onlinetranslators.de\/news\/nachrichten\/querdenken-und-samuel-eckert-wie-kinder-im-corona-protest-instrumentalisiert-werden\/","title":{"rendered":"\u00bbQuerdenken\u00ab und Samuel Eckert: Wie Kinder im Corona-Protest instrumentalisiert werden"},"content":{"rendered":"<figure>     <img decoding=\"async\" src=\"https:\/\/cdn.prod.www.spiegel.de\/images\/cfaf2b4b-f7bc-4659-a6c3-328d7adb422b_w948_r1.77_fpx62.54_fpy49.98.jpg\" title=\"Anh\u00e4nger der \u00bbQuerdenken\u00ab-Initiative bei einer Demonstration gegen die Corona-Ma\u00dfnahmen auf den Rheinwiesen in D\u00fcsseldorf\" alt=\"Anh\u00e4nger der \u00bbQuerdenken\u00ab-Initiative bei einer Demonstration gegen die Corona-Ma\u00dfnahmen auf den Rheinwiesen in D\u00fcsseldorf\"\/>      Icon: vergr\u00f6\u00dfern<figcaption>\n<p class=\"caps\">Anh\u00e4nger der \u00bbQuerdenken\u00ab-Initiative bei einer Demonstration gegen die Corona-Ma\u00dfnahmen auf den Rheinwiesen in D\u00fcsseldorf<\/p>\n<p>  Foto:\u2002Jonas G\u00fcttler \/ dpa  <\/figcaption><\/figure>\n<p>Der Aufruf ist unmissverst\u00e4ndlich. F\u00fcr Mitte Dezember plant die \u00bbQuerdenken\u00ab-Bewegung eine Demo in Weil am Rhein, im Dreil\u00e4ndereck zwischen Deutschland, Frankreich und der Schweiz. Es soll um Menschenrechte und eine bessere Zukunft \u00bbf\u00fcr unsere Kinder\u00ab gehen. \u00bbQuerdenken\u00ab-Chef Michael Ballweg soll kommen, au\u00dferdem weitere Stars der Szene sowie Rednerinnen und Redner aus der Region. <\/p>\n<p>\u00bbGanz besonders\u00ab, hei\u00dft es aber in dem Aufruf, der im Netz kursiert, \u00bbfreuen wir uns \u00fcber Beitr\u00e4ge von Kindern, Sch\u00fclern, Studenten und den Youngsters\u00ab. Die Suche nach kindlichen F\u00fcrsprechern im Kampf gegen die Corona-Ma\u00dfnahmen der Bundesregierung ist kein Zufall. <\/p>\n<h3>Im Hintergrund applaudieren die Eltern<\/h3>\n<p>Die \u00bbQuerdenken\u00ab-Bewegung ist Anlaufstelle f\u00fcr Unternehmerinnen und Unternehmer, die sich um ihre finanzielle Zukunft im Shutdown sorgen \u2013 aber auch f\u00fcr Eso\u00adte\u00adri\u00adkerinnen, Rechts\u00adex\u00adtre\u00adme, Impf\u00adgeg\u00adnerinnen und Reichs\u00adb\u00fcr\u00adger, ge\u00adnau\u00adso wie Men\u00adschen, die glau\u00adben, das Coronavi\u00adrus existiere gar nicht.<\/p>\n<p>Oft geben jedoch fundamentalistische Christen den Ton an \u2013 und die ziehen Kinder aktiv mit in den Protest hinein. <\/p>\n","protected":false},"excerpt":{"rendered":"<p>Icon: vergr\u00f6\u00dfern Anh\u00e4nger der \u00bbQuerdenken\u00ab-Initiative bei einer Demonstration gegen die Corona-Ma\u00dfnahmen auf den Rheinwiesen in D\u00fcsseldorf Foto:\u2002Jonas G\u00fcttler \/ dpa Der Aufruf ist unmissverst\u00e4ndlich. F\u00fcr Mitte Dezember plant die \u00bbQuerdenken\u00ab-Bewegung<\/p>\n","protected":false},"author":1,"featured_media":4342,"comment_status":"open","ping_status":"open","sticky":false,"template":"","format":"standard","meta":{"footnotes":""},"categories":[1],"tags":[],"class_list":["post-4341","post","type-post","status-publish","format-standard","has-post-thumbnail","hentry","category-nachrichten"],"_links":{"self":[{"href":"https:\/\/onlinetranslators.de\/news\/wp-json\/wp\/v2\/posts\/4341","targetHints":{"allow":["GET"]}}],"collection":[{"href":"https:\/\/onlinetranslators.de\/news\/wp-json\/wp\/v2\/posts"}],"about":[{"href":"https:\/\/onlinetranslators.de\/news\/wp-json\/wp\/v2\/types\/post"}],"author":[{"embeddable":true,"href":"https:\/\/onlinetranslators.de\/news\/wp-json\/wp\/v2\/users\/1"}],"replies":[{"embeddable":true,"href":"https:\/\/onlinetranslators.de\/news\/wp-json\/wp\/v2\/comments?post=4341"}],"version-history":[{"count":0,"href":"https:\/\/onlinetranslators.de\/news\/wp-json\/wp\/v2\/posts\/4341\/revisions"}],"wp:featuredmedia":[{"embeddable":true,"href":"https:\/\/onlinetranslators.de\/news\/wp-json\/wp\/v2\/media\/4342"}],"wp:attachment":[{"href":"https:\/\/onlinetranslators.de\/news\/wp-json\/wp\/v2\/media?parent=4341"}],"wp:term":[{"taxonomy":"category","embeddable":true,"href":"https:\/\/onlinetranslators.de\/news\/wp-json\/wp\/v2\/categories?post=4341"},{"taxonomy":"post_tag","embeddable":true,"href":"https:\/\/onlinetranslators.de\/news\/wp-json\/wp\/v2\/tags?post=4341"}],"curies":[{"name":"wp","href":"https:\/\/api.w.org\/{rel}","templated":true}]}}