{"id":4329,"date":"2020-12-06T08:31:50","date_gmt":"2020-12-06T05:31:50","guid":{"rendered":"http:\/\/onlinetranslators.de\/news\/nachrichten\/corona-jens-spahn-rechnet-mit-massenimpfungen-spatestens-im-sommer\/"},"modified":"2020-12-06T08:31:50","modified_gmt":"2020-12-06T05:31:50","slug":"corona-jens-spahn-rechnet-mit-massenimpfungen-spatestens-im-sommer","status":"publish","type":"post","link":"https:\/\/onlinetranslators.de\/news\/nachrichten\/corona-jens-spahn-rechnet-mit-massenimpfungen-spatestens-im-sommer\/","title":{"rendered":"Corona: Jens Spahn rechnet mit Massenimpfungen sp\u00e4testens im Sommer"},"content":{"rendered":"<figure>     <img decoding=\"async\" src=\"https:\/\/cdn.prod.www.spiegel.de\/images\/ae85eb7f-50a9-47f2-a23d-23c5aa661b71_w948_r1.77_fpx50_fpy13.jpg\" title=\"Jens Spahn: \u00bbSp\u00e4testens im Sommer wird es Massenimpfungen geben\u00ab\" alt=\"Jens Spahn: \u00bbSp\u00e4testens im Sommer wird es Massenimpfungen geben\u00ab\"\/>      Icon: vergr\u00f6\u00dfern<figcaption>\n<p class=\"caps\">Jens Spahn: \u00bbSp\u00e4testens im Sommer wird es Massenimpfungen geben\u00ab<\/p>\n<p>  Foto:\u2002<\/p>\n<p>CLEMENS BILAN\/EPA-EFE\/Shutterstock<\/p>\n<\/figcaption><\/figure>\n<p>Bundesgesundheitsminister Jens Spahn (CDU) h\u00e4lt es f\u00fcr realistisch, dass es in Deutschland in absehbarer Zeit Massenimpfungen gegen das Coronavirus geben wird. \u00bbStand heute bin ich sehr optimistisch, dass es sp\u00e4testens im Sommer Massenimpfungen geben wird\u00ab, sagte Spahn am Samstag dem Nachrichtenportal \u00bbT-Online\u00ab. Nach seinem aktuellen Wissensstand erwarte er, dass \u00bbwir im Sommer auch fl\u00e4chendeckend in den Arztpraxen impfen k\u00f6nnen\u00ab.<\/p>\n<p>Insgesamt gebe es f\u00fcnf Impfstoffkandidaten, \u00bbdie mit einer gewissen Wahrscheinlichkeit bis zur Jahresmitte zugelassen werden\u00ab, so Spahn. \u00bbNeben den Produkten von Biontech und Moderna auch die von Curevac, AstraZeneca und Johnson &amp; Johnson.\u00ab<\/p>\n<p>Die Frage, ob Deutschland im n\u00e4chsten Herbst 2021 mit dem Gr\u00f6bsten durch sei, beantwortete Spahn knapp: \u00bbWenn m\u00f6glichst viele das Impfangebot wahrnehmen: ja.\u00ab<\/p>\n<h3>\u00bbBalance zwischen ethischem Grundsatz und Praktikabilit\u00e4t finden\u00ab<\/h3>\n<p>Millionen Menschen k\u00f6nnten bereits im Fr\u00fchjahr durch Impfungen immunisiert sein, so Spahn. Bis Ende M\u00e4rz seien \u00bbf\u00fcr Deutschland elf Millionen Dosen allein von Biontech realistisch\u00ab. Auf die Frage, wer zuerst geimpft werde, antwortete Spahn: \u00bbDas kl\u00e4ren wir in der kommenden Wochen auf Basis der Expertenempfehlungen. Wir m\u00fcssen die Balance zwischen ethischem Grundsatz und Praktikabilit\u00e4t finden.\u00ab<\/p>\n<p>Kritik an Spahns \u00c4u\u00dferungen kam von der Deutschen Stiftung Patientenschutz. \u00bbDie Seren helfen, die Erkrankung Covid-19 zu mildern. Ob Impfungen die Infektion verhindern k\u00f6nnen, ist jedoch unsicher\u00ab, sagte Stiftungsvorstand Eugen Brysch. Deshalb sei es \u00bbgef\u00e4hrlich, den Eindruck zu erwecken, dass Impfungen vor dem Virus umfassend sch\u00fctzen\u00ab.<\/p>\n<p>Die Bundesregierung und insbesondere Gesundheitsminister Spahn sollten sich \u00bbdavor h\u00fcten, solche einfachen Bilder zu nutzen, um die Impfbereitschaft zu steigern\u00ab, sagte Brysch. \u00bbSolche Vereinfachungen treiben die Menschen in die F\u00e4nge der Corona-Leugner. Das w\u00e4re negativ f\u00fcr die dringend notwendige Impfbereitschaft.\u00ab<\/p>\n<h3>Sorge vor Verteilungskonflikten<\/h3>\n<p>Zum Thema Impfbereitschaft \u00e4u\u00dferte sich Jens Spahn am Samstag auch noch in einer Onlinediskussion. Dort sagte er, dass es zum Start der Corona-Impfungen eine \u00bbsehr harte Priorisierung\u00ab geben werde. Voraussichtlich werde es im Januar in Deutschland f\u00fcr eine zweistellige Millionenzahl an Impfwilligen nur drei Millionen Impfdosen geben, hei\u00dft es in einer Zusammenfassung der Nachrichtenagentur dpa zu Spahns Onlineauftritt: Der CDU-Politiker bef\u00fcrchte deshalb, es k\u00f6nne anfangs zu Verteilungskonflikten um den Impfstoff kommen.<\/p>\n<p>\u00bbEs wird ja nicht umsonst an Konzepten gearbeitet, bis hin zu polizeilichem Schutz der Impfzentren\u00ab, sagte Spahn demnach. M\u00f6glicherweise werde es Situationen geben, in denen Leute sagten \u00bbIch will jetzt aber\u00ab, obwohl sie noch nicht an der Reihe seien.<\/p>\n<p>Risikogruppen \u2013 also \u00c4ltere und Kranke \u2013, Besch\u00e4ftigte im Gesundheitsdienst und in zentralen Bereichen der Daseinsvorsorge sollen nach den Pl\u00e4nen der Bundesregierung zuerst geimpft werden. Als \u00bbHauptkriterium\u00ab nannte Jens Spahn das Alter. Wer Vorerkrankungen habe, brauche eine Bescheinigung vom Haus- oder Facharzt. Von \u00c4rzten erwarte er Aufgeschlossenheit, sich selbst impfen zu lassen. Eine Impfpflicht werde es aber auch f\u00fcr sie nicht geben.<\/p>\n<p>Auch Bundeskanzlerin Angela Merkel \u00e4u\u00dferte sich zum Stand der Impfstoffentwicklung. \u00bbNach mehr als einem Dreivierteljahr der Pandemie sehen wir mittlerweile ja Licht am Ende des Tunnels\u00ab, sagte Merkel in ihrem w\u00f6chentlichen Podcast. Es bestehe die Hoffnung, dass schon sehr bald ein oder mehrere Impfstoffe zur Verf\u00fcgung st\u00fcnden. \u00bbDann k\u00f6nnen wir Schritt f\u00fcr Schritt das Virus besiegen.\u00ab Eine Sache von wenigen Monaten sei das allerdings nicht, schr\u00e4nkte Merkel ein.<\/p>\n<p> Icon: Der Spiegel<\/p>\n","protected":false},"excerpt":{"rendered":"<p>Icon: vergr\u00f6\u00dfern Jens Spahn: \u00bbSp\u00e4testens im Sommer wird es Massenimpfungen geben\u00ab Foto:\u2002 CLEMENS BILAN\/EPA-EFE\/Shutterstock Bundesgesundheitsminister Jens Spahn (CDU) h\u00e4lt es f\u00fcr realistisch, dass es in Deutschland in absehbarer Zeit Massenimpfungen<\/p>\n","protected":false},"author":1,"featured_media":4330,"comment_status":"open","ping_status":"open","sticky":false,"template":"","format":"standard","meta":{"footnotes":""},"categories":[1],"tags":[],"class_list":["post-4329","post","type-post","status-publish","format-standard","has-post-thumbnail","hentry","category-nachrichten"],"_links":{"self":[{"href":"https:\/\/onlinetranslators.de\/news\/wp-json\/wp\/v2\/posts\/4329","targetHints":{"allow":["GET"]}}],"collection":[{"href":"https:\/\/onlinetranslators.de\/news\/wp-json\/wp\/v2\/posts"}],"about":[{"href":"https:\/\/onlinetranslators.de\/news\/wp-json\/wp\/v2\/types\/post"}],"author":[{"embeddable":true,"href":"https:\/\/onlinetranslators.de\/news\/wp-json\/wp\/v2\/users\/1"}],"replies":[{"embeddable":true,"href":"https:\/\/onlinetranslators.de\/news\/wp-json\/wp\/v2\/comments?post=4329"}],"version-history":[{"count":0,"href":"https:\/\/onlinetranslators.de\/news\/wp-json\/wp\/v2\/posts\/4329\/revisions"}],"wp:featuredmedia":[{"embeddable":true,"href":"https:\/\/onlinetranslators.de\/news\/wp-json\/wp\/v2\/media\/4330"}],"wp:attachment":[{"href":"https:\/\/onlinetranslators.de\/news\/wp-json\/wp\/v2\/media?parent=4329"}],"wp:term":[{"taxonomy":"category","embeddable":true,"href":"https:\/\/onlinetranslators.de\/news\/wp-json\/wp\/v2\/categories?post=4329"},{"taxonomy":"post_tag","embeddable":true,"href":"https:\/\/onlinetranslators.de\/news\/wp-json\/wp\/v2\/tags?post=4329"}],"curies":[{"name":"wp","href":"https:\/\/api.w.org\/{rel}","templated":true}]}}