{"id":4315,"date":"2020-12-05T17:47:28","date_gmt":"2020-12-05T14:47:28","guid":{"rendered":"http:\/\/onlinetranslators.de\/news\/nachrichten\/donald-trump-und-die-begnadigungen-prasident-in-angst\/"},"modified":"2020-12-05T17:47:28","modified_gmt":"2020-12-05T14:47:28","slug":"donald-trump-und-die-begnadigungen-prasident-in-angst","status":"publish","type":"post","link":"https:\/\/onlinetranslators.de\/news\/nachrichten\/donald-trump-und-die-begnadigungen-prasident-in-angst\/","title":{"rendered":"Donald Trump und die Begnadigungen: Pr\u00e4sident in Angst"},"content":{"rendered":"<figure>     <img decoding=\"async\" src=\"https:\/\/cdn.prod.www.spiegel.de\/images\/f51db8ea-1220-4a11-9b43-9f122acb1a4d_w948_r1.77_fpx55_fpy46.jpg\" title=\"Donald Trump nach seiner Wahlniederlage im Wei\u00dfen Haus\" alt=\"Donald Trump nach seiner Wahlniederlage im Wei\u00dfen Haus\"\/>      Icon: vergr\u00f6\u00dfern<figcaption>\n<p class=\"caps\">Donald Trump nach seiner Wahlniederlage im Wei\u00dfen Haus<\/p>\n<p>  Foto:\u2002JONATHAN ERNST \/ REUTERS  <\/figcaption><\/figure>\n<p>Wo immer Donald Trump in diesen Tagen in der \u00d6ffentlichkeit auftritt, spricht er meist \u00fcber das immer gleiche Thema. Die US-Wahl sei \u00bbgef\u00e4lscht\u00ab, er werde weiter gegen Betr\u00fcgereien k\u00e4mpfen, schimpft Trump dann.<\/p>\n<p>Der Theaterdonner soll wohl davon ablenken, dass der Nochpr\u00e4sident hinter den Kulissen eigentlich mit ganz anderen Dingen besch\u00e4ftigt ist. Trump, seine Familienmitglieder und einige seiner engsten Verb\u00fcndeten beraten sich offenbar intensiv zu der Frage, wie sie sich in Zukunft vor m\u00f6glichen Strafverfolgungen sch\u00fctzen k\u00f6nnten.<\/p>\n<p>Ihnen l\u00e4uft die Zeit davon. Am 20. Januar wird Joe Biden als neuer Pr\u00e4sident die Amtsgesch\u00e4fte von Trump \u00fcbernehmen. Der muss bis dahin entscheiden, wen von seinen Freunden und Verwandten er mit seinen pr\u00e4sidialen Vollmachten noch rasch begnadigen k\u00f6nnte. Auch f\u00fcr Trumps Selbstbegnadigung werden im Umfeld des Pr\u00e4sidenten nach US-Medienberichten weiter diverse Szenarien entworfen.<\/p>\n<p>Nur manchmal wird sichtbar, wie sehr den Pr\u00e4sidenten diese delikaten Fragen umtreiben. Als Trump am vergangenen Donnerstag via Facebook eine 46 Minuten lange Videoansprache verbreitete, gab er dabei am Rande auch einen Einblick in sein Seelenleben. Zu besichtigen war ein Pr\u00e4sident in Angst.<\/p>\n","protected":false},"excerpt":{"rendered":"<p>Icon: vergr\u00f6\u00dfern Donald Trump nach seiner Wahlniederlage im Wei\u00dfen Haus Foto:\u2002JONATHAN ERNST \/ REUTERS Wo immer Donald Trump in diesen Tagen in der \u00d6ffentlichkeit auftritt, spricht er meist \u00fcber das<\/p>\n","protected":false},"author":1,"featured_media":4316,"comment_status":"open","ping_status":"open","sticky":false,"template":"","format":"standard","meta":{"footnotes":""},"categories":[1],"tags":[],"class_list":["post-4315","post","type-post","status-publish","format-standard","has-post-thumbnail","hentry","category-nachrichten"],"_links":{"self":[{"href":"https:\/\/onlinetranslators.de\/news\/wp-json\/wp\/v2\/posts\/4315","targetHints":{"allow":["GET"]}}],"collection":[{"href":"https:\/\/onlinetranslators.de\/news\/wp-json\/wp\/v2\/posts"}],"about":[{"href":"https:\/\/onlinetranslators.de\/news\/wp-json\/wp\/v2\/types\/post"}],"author":[{"embeddable":true,"href":"https:\/\/onlinetranslators.de\/news\/wp-json\/wp\/v2\/users\/1"}],"replies":[{"embeddable":true,"href":"https:\/\/onlinetranslators.de\/news\/wp-json\/wp\/v2\/comments?post=4315"}],"version-history":[{"count":0,"href":"https:\/\/onlinetranslators.de\/news\/wp-json\/wp\/v2\/posts\/4315\/revisions"}],"wp:featuredmedia":[{"embeddable":true,"href":"https:\/\/onlinetranslators.de\/news\/wp-json\/wp\/v2\/media\/4316"}],"wp:attachment":[{"href":"https:\/\/onlinetranslators.de\/news\/wp-json\/wp\/v2\/media?parent=4315"}],"wp:term":[{"taxonomy":"category","embeddable":true,"href":"https:\/\/onlinetranslators.de\/news\/wp-json\/wp\/v2\/categories?post=4315"},{"taxonomy":"post_tag","embeddable":true,"href":"https:\/\/onlinetranslators.de\/news\/wp-json\/wp\/v2\/tags?post=4315"}],"curies":[{"name":"wp","href":"https:\/\/api.w.org\/{rel}","templated":true}]}}