{"id":4309,"date":"2020-12-05T11:28:22","date_gmt":"2020-12-05T08:28:22","guid":{"rendered":"http:\/\/onlinetranslators.de\/news\/nachrichten\/wirecard-generalbundesanwalt-will-nicht-gegen-geflohenen-vorstand-marsalek-wegen-spionage-ermitteln\/"},"modified":"2020-12-05T11:28:22","modified_gmt":"2020-12-05T08:28:22","slug":"wirecard-generalbundesanwalt-will-nicht-gegen-geflohenen-vorstand-marsalek-wegen-spionage-ermitteln","status":"publish","type":"post","link":"https:\/\/onlinetranslators.de\/news\/nachrichten\/wirecard-generalbundesanwalt-will-nicht-gegen-geflohenen-vorstand-marsalek-wegen-spionage-ermitteln\/","title":{"rendered":"Wirecard: Generalbundesanwalt will nicht gegen geflohenen Vorstand Marsalek wegen Spionage ermitteln"},"content":{"rendered":"<figure>     <img decoding=\"async\" src=\"https:\/\/cdn.prod.www.spiegel.de\/images\/c294100d-319e-461c-8f58-6f2c92dc01cf_w948_r1.77_fpx32.05_fpy45.jpg\" title=\"Fahndungsplakat nach Wirecard-Ex-Vorstand Jan Marsalek im Bahnhof am Potsdamer Platz in Berlin\" alt=\"Fahndungsplakat nach Wirecard-Ex-Vorstand Jan Marsalek im Bahnhof am Potsdamer Platz in Berlin\"\/>      Icon: vergr\u00f6\u00dfern<figcaption>\n<p class=\"caps\">Fahndungsplakat nach Wirecard-Ex-Vorstand Jan Marsalek im Bahnhof am Potsdamer Platz in Berlin<\/p>\n<p>  Foto:\u2002CLEMENS BILAN \/ EPA-EFE \/ Shutterstock  <\/figcaption><\/figure>\n<p>Sie geh\u00f6rt zu den wohl schillerndsten Facetten im Finanzskandal um Wirecard: die Verbindung zwischen dem fl\u00fcchtigen Ex-Vorstand des ehemaligen Dax-Konzerns, Jan Marsalek, zu internationalen Geheimdiensten. Die Indizien daf\u00fcr sind zahlreich, doch der Generalbundesanwalt und die Bundesregierung scheinen den Hinweisen nicht weiter nachgehen zu wollen.<\/p>\n<p>Nach SPIEGEL-Informationen hat der Chefankl\u00e4ger das Pr\u00fcfverfahren f\u00fcr ein formelles Ermittlungsverfahren in dieser Angelegenheit eingestellt. Das geht aus der Antwort der Bundesregierung auf eine Anfrage des Linkenpolitikers Michael Leutert hervor, die dem SPIEGEL vorliegt. Darin hei\u00dft es, dass \u00bbder Generalbundesanwalt (GBA) beim Bundesgerichtshof kein Ermittlungsverfahren im Zusammenhang mit dem in der Frage genannten Sachverhalt fu\u0308hrt\u00ab.<\/p>\n<p>Anf\u00e4ngliche Pr\u00fcfungen, \u00fcber die Ende Oktober die \u00bbS\u00fcddeutsche Zeitung\u00ab berichtete, hat die Karlsruher Beh\u00f6rde demnach beendet. Dabei ging es um die Frage, ob Marsalek m\u00f6glicherweise als eine Vertrauensperson vom \u00f6sterreichischen Verfassungsschutz gef\u00fchrt worden sein k\u00f6nnte.<\/p>\n<p>Die Bundesregierung schreibt dazu in ihrer Antwort an das Parlament: \u00bbEs haben sich keine zureichenden tats\u00e4chlichen Anhaltspunkte dafu\u0308r ergeben, dass die im Raum stehenden Kontakte Jan Marsaleks zum Bundesamt fu\u0308r Verfassungsschutz und Terrorismusbek\u00e4mpfung den Tatbestand einer gegen die Bundesrepublik Deutschland gerichteten geheimdienstlichen Agentent\u00e4tigkeit oder eines sonstigen in die Verfolgungszust\u00e4ndigkeit des GBA fallenden Straftatbestands erfu\u0308llen k\u00f6nnten.\u00ab<\/p>\n<h3>Deutsche Regierung fragt nicht in Wien nach<\/h3>\n<p>Die Linken wollten auch wissen, ob die Bundesregierung dazu mit der \u00f6sterreichischen Regierung unter Bundeskanzler Sebastian Kurz (\u00d6VP) in Kontakt gestanden hat. Berlin verneint dies. Es habe \u00bbkein Austausch der Ressorts auf Leitungsebene mit der \u00f6sterreichischen Regierung stattgefunden\u00ab, hei\u00dft es nun in dem Schreiben der Bundesregierung.<\/p>\n<p>Fabio De Masi, Obmann der Linken im parlamentarischen Untersuchungsausschuss zum Wirecard-Skandal, erinnert daran, dass sich Marsalek am Abend des 18. Juni, einen Tag vor seiner Flucht, noch mit Martin W., einem ehemaligen Mitarbeiter des \u00f6sterreichischen Verfassungsschutzes, in M\u00fcnchen zum Essen getroffen hat. Einen Tag sp\u00e4ter startete Marsalek, der als Hauptverd\u00e4chtiger in dem Wirtschaftsskandal gilt, \u00fcber Klagenfurt mit einem Privatjet Richtung Wei\u00dfrussland. W. war ein enger Vertrauter von Marsalek und st\u00e4ndiger Gast in dessen M\u00fcnchener Domizil, einer Gr\u00fcnderzeitvilla in der Prinzregentenstra\u00dfe im Nobelstadtteil Bogenhausen.<\/p>\n<p>\u00bbEs ist ein Skandal, dass die Bundesregierung da nicht zum H\u00f6rer greift und sich Kanzler Kurz zur Brust nimmt\u00ab, sagte De Masi dem SPIEGEL und fragt provozierend: \u00bbK\u00f6nnte es daran liegen, dass die deutschen Dienste doch mehr Erkenntnisse hatten, als sie einr\u00e4umen, was Marsalek und die \u00d6sterreicher so treiben?\u00ab Der Linkenpolitiker wundert sich auch dar\u00fcber, warum Marsalek \u00bb\u00fcberhaupt entspannt aus Deutschland ausreisen\u00ab habe k\u00f6nnen. Er vermutet, dass Marsalek dabei geheimdienstliche Unterst\u00fctzung bekommen haben k\u00f6nnte.<\/p>\n<h3>Dubiose Gesch\u00e4fte mit \u00f6sterreichischem Ex-Agent<\/h3>\n<p>Die Verbindung zwischen Marsalek und dem \u00f6sterreichischen Ex-Geheimdienstmitarbeiter Martin W. ist auch deshalb bedeutsam, weil die beiden nach SPIEGEL-Informationen gemeinsame Gesch\u00e4fte machten. Marsalek soll W. an seinen Gesch\u00e4ftsfreund Aleksandar V. und dessen Firma IMS Capital vermittelt haben. Die Beteiligungsgesellschaft residierte in der Marsalek-Villa in der Prinzregentenstra\u00dfe in M\u00fcnchen. Martin W. betreute von dort aus f\u00fcr IMS Capital Auslandsinvestments und Projekte. Einige dieser Projekte wiederum hatte Wirecard an IMS vergeben.<\/p>\n<p>Die Geheimdienstverwicklungen in der Wirecard-Aff\u00e4re werden auch im Untersuchungsausschuss thematisiert werden, unabh\u00e4ngig von der Tatsache, dass der Generalbundesanwalt offensichtlich keinen Verdacht hegt. Dabei geht es auch um dubiose Aktivit\u00e4ten in Libyen, in die der Ex-Wirecard-Vorstand verstrickt gewesen sein soll. Marsalek hatte seit dem Jahre 2015 unter anderem Geld in drei Zementfabriken im Osten des Landes investiert, offiziell, um den Wiederaufbau des Landes zu unterst\u00fctzen. Doch es gibt auch Hinweise, dass er eine S\u00f6ldnertruppe aufbauen wollte, die zur Sicherung der S\u00fcdgrenzen des B\u00fcrgerkriegslandes dienen sollte.<\/p>\n<p>Der SPIEGEL hatte unl\u00e4ngst zudem \u00fcber die enge Verbindung Marsaleks mit dem ehemaligen libyschen Geheimdienstmann Rami El Obeidi berichtet. Der Anwalt des fl\u00fcchtigen Wirecard-Managers will sich zu den Vorw\u00fcrfen gegen seinen Mandanten nicht \u00e4u\u00dfern.<\/p>\n<p> Icon: Der Spiegel<\/p>\n","protected":false},"excerpt":{"rendered":"<p>Icon: vergr\u00f6\u00dfern Fahndungsplakat nach Wirecard-Ex-Vorstand Jan Marsalek im Bahnhof am Potsdamer Platz in Berlin Foto:\u2002CLEMENS BILAN \/ EPA-EFE \/ Shutterstock Sie geh\u00f6rt zu den wohl schillerndsten Facetten im Finanzskandal um<\/p>\n","protected":false},"author":1,"featured_media":4310,"comment_status":"open","ping_status":"open","sticky":false,"template":"","format":"standard","meta":{"footnotes":""},"categories":[1],"tags":[],"class_list":["post-4309","post","type-post","status-publish","format-standard","has-post-thumbnail","hentry","category-nachrichten"],"_links":{"self":[{"href":"https:\/\/onlinetranslators.de\/news\/wp-json\/wp\/v2\/posts\/4309","targetHints":{"allow":["GET"]}}],"collection":[{"href":"https:\/\/onlinetranslators.de\/news\/wp-json\/wp\/v2\/posts"}],"about":[{"href":"https:\/\/onlinetranslators.de\/news\/wp-json\/wp\/v2\/types\/post"}],"author":[{"embeddable":true,"href":"https:\/\/onlinetranslators.de\/news\/wp-json\/wp\/v2\/users\/1"}],"replies":[{"embeddable":true,"href":"https:\/\/onlinetranslators.de\/news\/wp-json\/wp\/v2\/comments?post=4309"}],"version-history":[{"count":0,"href":"https:\/\/onlinetranslators.de\/news\/wp-json\/wp\/v2\/posts\/4309\/revisions"}],"wp:featuredmedia":[{"embeddable":true,"href":"https:\/\/onlinetranslators.de\/news\/wp-json\/wp\/v2\/media\/4310"}],"wp:attachment":[{"href":"https:\/\/onlinetranslators.de\/news\/wp-json\/wp\/v2\/media?parent=4309"}],"wp:term":[{"taxonomy":"category","embeddable":true,"href":"https:\/\/onlinetranslators.de\/news\/wp-json\/wp\/v2\/categories?post=4309"},{"taxonomy":"post_tag","embeddable":true,"href":"https:\/\/onlinetranslators.de\/news\/wp-json\/wp\/v2\/tags?post=4309"}],"curies":[{"name":"wp","href":"https:\/\/api.w.org\/{rel}","templated":true}]}}