{"id":4301,"date":"2020-12-05T03:06:17","date_gmt":"2020-12-05T00:06:17","guid":{"rendered":"http:\/\/onlinetranslators.de\/news\/nachrichten\/joe-biden-rechnet-mit-kleiner-feier-zur-amtseinfuhrung-am-20-januar-2021\/"},"modified":"2020-12-05T03:06:17","modified_gmt":"2020-12-05T00:06:17","slug":"joe-biden-rechnet-mit-kleiner-feier-zur-amtseinfuhrung-am-20-januar-2021","status":"publish","type":"post","link":"https:\/\/onlinetranslators.de\/news\/nachrichten\/joe-biden-rechnet-mit-kleiner-feier-zur-amtseinfuhrung-am-20-januar-2021\/","title":{"rendered":"Joe Biden rechnet mit kleiner Feier zur Amtseinf\u00fchrung am 20. Januar 2021"},"content":{"rendered":"<figure>     <img decoding=\"async\" src=\"https:\/\/cdn.prod.www.spiegel.de\/images\/6c9cc495-1a74-4916-8d2a-dc76df4dabf2_w948_r1.77_fpx48_fpy82.jpg\" title=\"Vorweihnachtliches Kapitol mit B\u00fchnenbau im Hintergrund\" alt=\"Vorweihnachtliches Kapitol mit B\u00fchnenbau im Hintergrund\"\/>      Icon: vergr\u00f6\u00dfern<figcaption>\n<p class=\"caps\">Vorweihnachtliches Kapitol mit B\u00fchnenbau im Hintergrund<\/p>\n<p>  Foto:\u2002<\/p>\n<p>Rod Lamkey &#8211; Cnp \/ imago images\/ZUMA Wire<\/p>\n<\/figcaption><\/figure>\n<p>Der bisherige US-Pr\u00e4sident Donald Trump prahlt bis heute, er habe die gr\u00f6\u00dfte Amtseinf\u00fchrung in der Geschichte der USA veranstaltet. Der k\u00fcnftige US-Pr\u00e4sident Joe Biden sagt von vornherein, dass seine wohl eine der kleinsten werden k\u00f6nnte: Biden geht von einer sehr abgespeckten Feier f\u00fcr seine \u00bbInauguration\u00ab aus. Es wird wahrscheinlich keine gigantische Er\u00f6ffnungsparade geben, so Biden bei einer Pressekonferenz in Delaware. Da die Sicherheit der Menschen seine erste \u00dcberlegung sei, mache es das \u00bbh\u00f6chst unwahrscheinlich\u00ab, dass eine Million Menschen seiner Vereidigung w\u00e4hrend der Corona-Pandemie beiwohnen w\u00fcrden.<\/p>\n<p>Der 78-J\u00e4hrige schlug vor, dass die Feierlichkeiten wie die weitgehend virtuellen Parteitage aussehen k\u00f6nnten, die die Demokraten im August in den Staaten abgehalten hatten. Biden sagte auch, sein Team spreche mit Kongressleitern \u00fcber Pl\u00e4ne f\u00fcr die Einf\u00fchrung. <\/p>\n<p>Joe Biden wird seinen Amtseid am 20. Januar ablegen. Der \u00bbInauguration Day\u00ab wird traditionell auf den Treppen des Kapitols in Washington, D.C. zelebriert. <\/p>\n<p>Die B\u00fchne an der Westfront des Kapitols wird bereits gebaut und bietet f\u00fcr 1.600 Zuschauer Platz. Auch vor dem Wei\u00dfen Haus wird eine Trib\u00fcne errichtet, die f\u00fcr die Er\u00f6ffnungsparade vor jubelnden Zuschauern gedacht ist. Die National Mall steht bereit, um Menschen zu versammeln.<\/p>\n<p>Ob all das genutzt wird, ist nach Bidens Statements sehr unwahrscheinlich. Man wolle \u00bbdie amerikanischen Gr\u00fcndungstraditionen ehren und die Amerikaner im ganzen Land einbeziehen, aber alle sollen gesund und sicher bleiben\u00ab, sagte Tony Allen, Pr\u00e4sident der Delaware State University und Gesch\u00e4ftsf\u00fchrer des Biden-Komitees, so die \u00bbNew York Times\u00ab.<\/p>\n<p>Die Organisatoren sind demnach fest entschlossen, dass Biden zwar vor dem Kapitol den Amtseid ablegt und eine Ansprache an die Nation h\u00e4lt, doch die Anzahl der Menschen soll extrem reduziert werden und bei Weitem nicht die m\u00f6glichen 1.600 erreichen. W\u00fcrdentr\u00e4ger und W\u00fcrdentr\u00e4gerinnen wie zum Beispiel Richter und Richterinnen des Obersten Gerichtshofs, ehemalige Pr\u00e4sidenten, oberste F\u00fchrer des Repr\u00e4sentantenhauses und des Senats werden auf Abstand gehen und Masken tragen m\u00fcssen. Einige sollen m\u00f6glicherweise sogar gebeten werden, Coronavirus-Tests durchzuf\u00fchren.<\/p>\n<p>Normalerweise werden bei einer solchen Feier bis zu 200.000 Tickets f\u00fcr Sitzpl\u00e4tze in der N\u00e4he der Kapitol-Treppe vergeben. Auch dies wird wohl ausbleiben. Um Menschen dennoch zu beteiligen, w\u00e4ren laut \u00bbNew York Times\u00ab Drive-In-Kundgebungen m\u00f6glich, wie sie Biden w\u00e4hrend seines Wahlkampfs und auch nach seiner Wahl abgehalten hat.<\/p>\n<p>Die Organisatoren diskutieren immer noch, ob sie ein Mittagessen in der National Statuary Hall im Kapitol retten k\u00f6nnen, wo seit den 1950er Jahren mehr als 200 W\u00fcrdentr\u00e4ger und G\u00e4ste den neuen Pr\u00e4sidenten geehrt haben. Die Beratungen, wie das aussehen k\u00f6nnte, sind noch nicht abgeschlossen.<\/p>\n<p>Wenn Bidens Amtseinf\u00fchrung so karg wird, wie er selbst prognostiziert, wird diese Feier auf jeden Fall auch billiger werden, da weniger Sicherheits- und Reisekosten anfallen. Trump hatte f\u00fcr seine Amtseinf\u00fchrung den Rekordbetrag von 107 Millionen US-Dollar gesammelt. Biden will es g\u00fcnstiger, signalisierte aber, dass er durchaus Spenden von wohlhabenden Einzelpersonen und Unternehmen begr\u00fc\u00dfen w\u00fcrde.<\/p>\n<p> Icon: Der Spiegel<\/p>\n","protected":false},"excerpt":{"rendered":"<p>Icon: vergr\u00f6\u00dfern Vorweihnachtliches Kapitol mit B\u00fchnenbau im Hintergrund Foto:\u2002 Rod Lamkey &#8211; Cnp \/ imago images\/ZUMA Wire Der bisherige US-Pr\u00e4sident Donald Trump prahlt bis heute, er habe die gr\u00f6\u00dfte Amtseinf\u00fchrung<\/p>\n","protected":false},"author":1,"featured_media":4302,"comment_status":"open","ping_status":"open","sticky":false,"template":"","format":"standard","meta":{"footnotes":""},"categories":[1],"tags":[],"class_list":["post-4301","post","type-post","status-publish","format-standard","has-post-thumbnail","hentry","category-nachrichten"],"_links":{"self":[{"href":"https:\/\/onlinetranslators.de\/news\/wp-json\/wp\/v2\/posts\/4301","targetHints":{"allow":["GET"]}}],"collection":[{"href":"https:\/\/onlinetranslators.de\/news\/wp-json\/wp\/v2\/posts"}],"about":[{"href":"https:\/\/onlinetranslators.de\/news\/wp-json\/wp\/v2\/types\/post"}],"author":[{"embeddable":true,"href":"https:\/\/onlinetranslators.de\/news\/wp-json\/wp\/v2\/users\/1"}],"replies":[{"embeddable":true,"href":"https:\/\/onlinetranslators.de\/news\/wp-json\/wp\/v2\/comments?post=4301"}],"version-history":[{"count":0,"href":"https:\/\/onlinetranslators.de\/news\/wp-json\/wp\/v2\/posts\/4301\/revisions"}],"wp:featuredmedia":[{"embeddable":true,"href":"https:\/\/onlinetranslators.de\/news\/wp-json\/wp\/v2\/media\/4302"}],"wp:attachment":[{"href":"https:\/\/onlinetranslators.de\/news\/wp-json\/wp\/v2\/media?parent=4301"}],"wp:term":[{"taxonomy":"category","embeddable":true,"href":"https:\/\/onlinetranslators.de\/news\/wp-json\/wp\/v2\/categories?post=4301"},{"taxonomy":"post_tag","embeddable":true,"href":"https:\/\/onlinetranslators.de\/news\/wp-json\/wp\/v2\/tags?post=4301"}],"curies":[{"name":"wp","href":"https:\/\/api.w.org\/{rel}","templated":true}]}}