{"id":4297,"date":"2020-12-04T22:52:19","date_gmt":"2020-12-04T19:52:19","guid":{"rendered":"http:\/\/onlinetranslators.de\/news\/nachrichten\/holger-stahlknecht-tritt-von-cdu-landesparteivorsitz-in-sachsen-anhalt-zuruck\/"},"modified":"2020-12-04T22:52:19","modified_gmt":"2020-12-04T19:52:19","slug":"holger-stahlknecht-tritt-von-cdu-landesparteivorsitz-in-sachsen-anhalt-zuruck","status":"publish","type":"post","link":"https:\/\/onlinetranslators.de\/news\/nachrichten\/holger-stahlknecht-tritt-von-cdu-landesparteivorsitz-in-sachsen-anhalt-zuruck\/","title":{"rendered":"Holger Stahlknecht tritt von CDU-Landesparteivorsitz in Sachsen-Anhalt zur\u00fcck"},"content":{"rendered":"<figure>     <img decoding=\"async\" src=\"https:\/\/cdn.prod.www.spiegel.de\/images\/6e035ffb-3a30-4541-8e91-28480889c68e_w948_r1.77_fpx55.6_fpy45.jpg\" title=\"Ex-Inneminister aus Sachsen-Anhalt: Holger Stahlknecht\" alt=\"Ex-Inneminister aus Sachsen-Anhalt: Holger Stahlknecht\"\/>      Icon: vergr\u00f6\u00dfern<figcaption>\n<p class=\"caps\">Ex-Inneminister aus Sachsen-Anhalt: Holger Stahlknecht<\/p>\n<p>  Foto:\u2002Janine Schmitz\/photothek.net \/ imago images\/photothek  <\/figcaption><\/figure>\n<p>Nachdem Sachsen-Anhalts Ministerpr\u00e4sident Reiner Haseloff seinen Innenminister Holger Stahlknecht entlassen hat, will dieser nun auch von seiner Position als Landesvorsitzender seiner Partei zur\u00fccktreten. Das teilte Stahlknecht in einer Pressemitteilung mit.<\/p>\n<p>Haseloff hatte Stahlknecht entlassen, nachdem er ein nicht abgesprochenes Interview gegeben hatte. In diesem Interview hatte Stahlknecht angek\u00fcndigt, es k\u00f6nne \u00bbzu einer CDU-Minderheitsregierung\u00ab kommen, sollte sich die Keniakoalition aus CDU, SPD und Gr\u00fcnen \u00fcber den Rundfunkbeitrag zerstreiten. SPD und Gr\u00fcne hatten mit dem Koalitionsbruch gedroht, sollte die CDU gemeinsam mit der AfD gegen die geplante Erh\u00f6hung des Beitrags um 86 Cent stimmen. Die SPD begr\u00fc\u00dfte Haseloffs Entscheidung. Doch die CDU wirkt tief gespalten. Der Rundfunkstreit ist noch nicht vom Tisch.<\/p>\n<p>Stahlknecht teilte nun mit, er habe in dem Interview nur \u00bbdie aktuelle und eindeutige Beschlusslage meiner Partei, sowie als Fraktionsmitglied die Meinung meiner Fraktion wiedergegeben.\u00ab Dies sei notwendig gewesen, um seine Partei gegen die Vorw\u00fcrfe zu verteidigen, die Partei suche eine Ann\u00e4herung an die AfD. \u00bbDas ist eine haltlose Behauptung, die ich nicht unwidersprochen im Raum stehen lassen konnte\u00ab, schreibt er in der Mittelung.<\/p>\n<p>\u00bbMein Appell ging dabei auch an die Koalitionspartner, dieses zerst\u00f6rerische Man\u00f6ver nicht zuzulassen und alle drohenden Konsequenzen zu durchdenken\u00ab, schreibt er weiter. Das Interview sei f\u00fcr seine Partei und sich selbst richtig gewesen. Er stehe dazu. \u00bbAllerdings haben sich die Interpretationen gegen die Intention entwickelt. Auch das gilt es zu erkennen.\u00ab<\/p>\n<p>Um weiteren Schaden von seiner Partei, seiner Funktion, seiner Familie und sich selbst abzuwenden, werde er am Dienstag, dem 8. Dezember 2020 vom Amt des Landesparteivorsitzenden der CDU Sachsen-Anhalt zur\u00fccktreten.<\/p>\n<p> Icon: Der Spiegel<\/p>\n","protected":false},"excerpt":{"rendered":"<p>Icon: vergr\u00f6\u00dfern Ex-Inneminister aus Sachsen-Anhalt: Holger Stahlknecht Foto:\u2002Janine Schmitz\/photothek.net \/ imago images\/photothek Nachdem Sachsen-Anhalts Ministerpr\u00e4sident Reiner Haseloff seinen Innenminister Holger Stahlknecht entlassen hat, will dieser nun auch von seiner Position<\/p>\n","protected":false},"author":1,"featured_media":4298,"comment_status":"open","ping_status":"open","sticky":false,"template":"","format":"standard","meta":{"footnotes":""},"categories":[1],"tags":[],"class_list":["post-4297","post","type-post","status-publish","format-standard","has-post-thumbnail","hentry","category-nachrichten"],"_links":{"self":[{"href":"https:\/\/onlinetranslators.de\/news\/wp-json\/wp\/v2\/posts\/4297","targetHints":{"allow":["GET"]}}],"collection":[{"href":"https:\/\/onlinetranslators.de\/news\/wp-json\/wp\/v2\/posts"}],"about":[{"href":"https:\/\/onlinetranslators.de\/news\/wp-json\/wp\/v2\/types\/post"}],"author":[{"embeddable":true,"href":"https:\/\/onlinetranslators.de\/news\/wp-json\/wp\/v2\/users\/1"}],"replies":[{"embeddable":true,"href":"https:\/\/onlinetranslators.de\/news\/wp-json\/wp\/v2\/comments?post=4297"}],"version-history":[{"count":0,"href":"https:\/\/onlinetranslators.de\/news\/wp-json\/wp\/v2\/posts\/4297\/revisions"}],"wp:featuredmedia":[{"embeddable":true,"href":"https:\/\/onlinetranslators.de\/news\/wp-json\/wp\/v2\/media\/4298"}],"wp:attachment":[{"href":"https:\/\/onlinetranslators.de\/news\/wp-json\/wp\/v2\/media?parent=4297"}],"wp:term":[{"taxonomy":"category","embeddable":true,"href":"https:\/\/onlinetranslators.de\/news\/wp-json\/wp\/v2\/categories?post=4297"},{"taxonomy":"post_tag","embeddable":true,"href":"https:\/\/onlinetranslators.de\/news\/wp-json\/wp\/v2\/tags?post=4297"}],"curies":[{"name":"wp","href":"https:\/\/api.w.org\/{rel}","templated":true}]}}