{"id":4293,"date":"2020-12-04T18:38:15","date_gmt":"2020-12-04T15:38:15","guid":{"rendered":"http:\/\/onlinetranslators.de\/news\/nachrichten\/volkswagen-machtpoker-bei-vw-herbert-diess-provoziert-den-showdown\/"},"modified":"2020-12-04T18:38:15","modified_gmt":"2020-12-04T15:38:15","slug":"volkswagen-machtpoker-bei-vw-herbert-diess-provoziert-den-showdown","status":"publish","type":"post","link":"https:\/\/onlinetranslators.de\/news\/nachrichten\/volkswagen-machtpoker-bei-vw-herbert-diess-provoziert-den-showdown\/","title":{"rendered":"Volkswagen: Machtpoker bei VW &#8211; Herbert Diess provoziert den Showdown"},"content":{"rendered":"<figure>     <img decoding=\"async\" src=\"https:\/\/cdn.prod.www.spiegel.de\/images\/327ca084-4255-4027-bdde-00d85b9b04c0_w948_r1.77_fpx44_fpy41.jpg\" title=\"VW-Chef Herbert Diess: VW ist in eine F\u00fchrungskrise geschlittert\" alt=\"VW-Chef Herbert Diess: VW ist in eine F\u00fchrungskrise geschlittert\"\/>      Icon: vergr\u00f6\u00dfern<figcaption>\n<p class=\"caps\">VW-Chef Herbert Diess: VW ist in eine F\u00fchrungskrise geschlittert<\/p>\n<p>  Foto:\u2002<\/p>\n<p>Marco Urban<\/p>\n<\/figcaption><\/figure>\n<p>Anfang September gelang Herbert Diess am Flughafen Braunschweig ein Coup. Der VW-Chef empfing Tesla-Boss Elon Musk zu einer gemeinsamen Testfahrt mit Volkswagens E-Auto ID.3. Der Weltmarktf\u00fchrer aus Wolfsburg, so die Botschaft, war auf Kurs, Diess auf Augenh\u00f6he mit dem Elektropionier aus dem Silicon Valley.<\/p>\n<p>Drei Monate sp\u00e4ter, am Dienstagabend, war am selben Ort von Aufbruchstimmung nichts mehr zu sp\u00fcren. Um 18 Uhr traf sich das VW-Aufsichtsratspr\u00e4sidium zu einer kurzfristig einberufenen Sitzung. Diess war nur Gast, zwischendurch wurde er in einen Konferenzraum gebeten. VW, eben noch gefeierter Elektrovorreiter, ist in eine F\u00fchrungskrise geschlittert.<\/p>\n<p>Seit etwa zwei Wochen versetzt der Boss den ganzen Konzern in Aufruhr. Er verlangt mehr Macht, um den Autohersteller nach seinen Bedingungen umbauen zu k\u00f6nnen. Diess will dazu den Vorstand nach seinem Gusto neu besetzen, den Konzern noch st\u00e4rker auf Effizienz trimmen. Auch der Verkauf einzelner Marken scheint nicht mehr sakrosankt. Vor allem aber fordert Diess eine vorzeitige Verl\u00e4ngerung seines Vertrags, obwohl der aktuelle noch bis April 2023 l\u00e4uft.<\/p>\n","protected":false},"excerpt":{"rendered":"<p>Icon: vergr\u00f6\u00dfern VW-Chef Herbert Diess: VW ist in eine F\u00fchrungskrise geschlittert Foto:\u2002 Marco Urban Anfang September gelang Herbert Diess am Flughafen Braunschweig ein Coup. Der VW-Chef empfing Tesla-Boss Elon Musk<\/p>\n","protected":false},"author":1,"featured_media":4294,"comment_status":"open","ping_status":"open","sticky":false,"template":"","format":"standard","meta":{"footnotes":""},"categories":[1],"tags":[],"class_list":["post-4293","post","type-post","status-publish","format-standard","has-post-thumbnail","hentry","category-nachrichten"],"_links":{"self":[{"href":"https:\/\/onlinetranslators.de\/news\/wp-json\/wp\/v2\/posts\/4293","targetHints":{"allow":["GET"]}}],"collection":[{"href":"https:\/\/onlinetranslators.de\/news\/wp-json\/wp\/v2\/posts"}],"about":[{"href":"https:\/\/onlinetranslators.de\/news\/wp-json\/wp\/v2\/types\/post"}],"author":[{"embeddable":true,"href":"https:\/\/onlinetranslators.de\/news\/wp-json\/wp\/v2\/users\/1"}],"replies":[{"embeddable":true,"href":"https:\/\/onlinetranslators.de\/news\/wp-json\/wp\/v2\/comments?post=4293"}],"version-history":[{"count":0,"href":"https:\/\/onlinetranslators.de\/news\/wp-json\/wp\/v2\/posts\/4293\/revisions"}],"wp:featuredmedia":[{"embeddable":true,"href":"https:\/\/onlinetranslators.de\/news\/wp-json\/wp\/v2\/media\/4294"}],"wp:attachment":[{"href":"https:\/\/onlinetranslators.de\/news\/wp-json\/wp\/v2\/media?parent=4293"}],"wp:term":[{"taxonomy":"category","embeddable":true,"href":"https:\/\/onlinetranslators.de\/news\/wp-json\/wp\/v2\/categories?post=4293"},{"taxonomy":"post_tag","embeddable":true,"href":"https:\/\/onlinetranslators.de\/news\/wp-json\/wp\/v2\/tags?post=4293"}],"curies":[{"name":"wp","href":"https:\/\/api.w.org\/{rel}","templated":true}]}}