{"id":4291,"date":"2020-12-04T16:36:23","date_gmt":"2020-12-04T13:36:23","guid":{"rendered":"http:\/\/onlinetranslators.de\/news\/nachrichten\/sachsen-anhalt-ministerprasident-reiner-haseloff-entlasst-innenminister-holger-stahlknecht\/"},"modified":"2020-12-04T16:36:23","modified_gmt":"2020-12-04T13:36:23","slug":"sachsen-anhalt-ministerprasident-reiner-haseloff-entlasst-innenminister-holger-stahlknecht","status":"publish","type":"post","link":"https:\/\/onlinetranslators.de\/news\/nachrichten\/sachsen-anhalt-ministerprasident-reiner-haseloff-entlasst-innenminister-holger-stahlknecht\/","title":{"rendered":"Sachsen-Anhalt: Ministerpr\u00e4sident Reiner Haseloff entl\u00e4sst Innenminister Holger Stahlknecht"},"content":{"rendered":"<figure>     <img decoding=\"async\" src=\"https:\/\/cdn.prod.www.spiegel.de\/images\/3fd74494-8c17-4bd7-b3e5-b2815738b8b0_w948_r1.77_fpx51.94_fpy44.98.jpg\"\/>      Icon: vergr\u00f6\u00dfern<figcaption>  Foto:\u2002Hendrik Schmidt\/ dpa  <\/figcaption><\/figure>\n<p class=\"caps\">Sachsen-Anhalts Ministerpr\u00e4sident Reiner Haseloff hat Innenminister Holger Stahlknecht (beide CDU) entlassen. <\/p>\n<p>Er zog damit die Konsequenz aus einem nicht abgesprochenen Interview zum Koalitionsstreit um den Rundfunkbeitrag und die Ank\u00fcndigung einer CDU-Minderheitsregierung, wie die Staatskanzlei am Freitag mitteilte. Stahlknecht habe bereits seine Entlassungsurkunde erhalten.<\/p>\n<p>In dem Interview in der \u00bbMagdeburger Volksstimme\u00ab hatte Stahlknecht am Freitagmorgen das schwarz-rot-gr\u00fcne Regierungsb\u00fcndnis infrage gestellt. Wenn die Kenia-Koalition im Zerw\u00fcrfnis \u00fcber die Rundfunkgeb\u00fchren platze, k\u00e4me es \u00bbzu einer CDU-Minderheitsregierung\u00ab, so Stahlknecht.<\/p>\n<p><em>In K\u00fcrze mehr bei SPIEGEL.de<\/em><\/p>\n<p> Icon: Der Spiegel<\/p>\n","protected":false},"excerpt":{"rendered":"<p>Icon: vergr\u00f6\u00dfern Foto:\u2002Hendrik Schmidt\/ dpa Sachsen-Anhalts Ministerpr\u00e4sident Reiner Haseloff hat Innenminister Holger Stahlknecht (beide CDU) entlassen. Er zog damit die Konsequenz aus einem nicht abgesprochenen Interview zum Koalitionsstreit um den<\/p>\n","protected":false},"author":1,"featured_media":4292,"comment_status":"open","ping_status":"open","sticky":false,"template":"","format":"standard","meta":{"footnotes":""},"categories":[1],"tags":[],"class_list":["post-4291","post","type-post","status-publish","format-standard","has-post-thumbnail","hentry","category-nachrichten"],"_links":{"self":[{"href":"https:\/\/onlinetranslators.de\/news\/wp-json\/wp\/v2\/posts\/4291","targetHints":{"allow":["GET"]}}],"collection":[{"href":"https:\/\/onlinetranslators.de\/news\/wp-json\/wp\/v2\/posts"}],"about":[{"href":"https:\/\/onlinetranslators.de\/news\/wp-json\/wp\/v2\/types\/post"}],"author":[{"embeddable":true,"href":"https:\/\/onlinetranslators.de\/news\/wp-json\/wp\/v2\/users\/1"}],"replies":[{"embeddable":true,"href":"https:\/\/onlinetranslators.de\/news\/wp-json\/wp\/v2\/comments?post=4291"}],"version-history":[{"count":0,"href":"https:\/\/onlinetranslators.de\/news\/wp-json\/wp\/v2\/posts\/4291\/revisions"}],"wp:featuredmedia":[{"embeddable":true,"href":"https:\/\/onlinetranslators.de\/news\/wp-json\/wp\/v2\/media\/4292"}],"wp:attachment":[{"href":"https:\/\/onlinetranslators.de\/news\/wp-json\/wp\/v2\/media?parent=4291"}],"wp:term":[{"taxonomy":"category","embeddable":true,"href":"https:\/\/onlinetranslators.de\/news\/wp-json\/wp\/v2\/categories?post=4291"},{"taxonomy":"post_tag","embeddable":true,"href":"https:\/\/onlinetranslators.de\/news\/wp-json\/wp\/v2\/tags?post=4291"}],"curies":[{"name":"wp","href":"https:\/\/api.w.org\/{rel}","templated":true}]}}