{"id":4289,"date":"2020-12-04T14:29:52","date_gmt":"2020-12-04T11:29:52","guid":{"rendered":"http:\/\/onlinetranslators.de\/news\/nachrichten\/corona-impfstoff-verzetteln-sich-bund-und-lander-bei-der-logistik\/"},"modified":"2020-12-04T14:29:52","modified_gmt":"2020-12-04T11:29:52","slug":"corona-impfstoff-verzetteln-sich-bund-und-lander-bei-der-logistik","status":"publish","type":"post","link":"https:\/\/onlinetranslators.de\/news\/nachrichten\/corona-impfstoff-verzetteln-sich-bund-und-lander-bei-der-logistik\/","title":{"rendered":"Corona-Impfstoff: Verzetteln sich Bund und L\u00e4nder bei der Logistik?"},"content":{"rendered":"<figure>     <img decoding=\"async\" src=\"https:\/\/cdn.prod.www.spiegel.de\/images\/1da71dec-996f-4009-bc1a-74ae6e75a629_w948_r1.77_fpx42_fpy48.jpg\" title=\"Impfzentrum in D\u00fcsseldorfer Merkur-Arena:\u00a0Historische Aufgabe\" alt=\"Impfzentrum in D\u00fcsseldorfer Merkur-Arena:\u00a0Historische Aufgabe\"\/>      Icon: vergr\u00f6\u00dfern<figcaption>\n<p class=\"caps\">Impfzentrum in D\u00fcsseldorfer Merkur-Arena: Historische Aufgabe<\/p>\n<p>  Foto:\u2002<\/p>\n<p>Andreas Rentz \/ ddp images \/ Getty Images<\/p>\n<\/figcaption><\/figure>\n<p>Der Gesundheitsminister ist bester Dinge. \u00bbEs gibt einen Weg raus\u00ab, sagt Jens Spahn, wenn er dieser Tage vor ein Mikrofon tritt: \u00bbWir sind auf einem guten Weg.\u00ab Seine Euphorie speist sich aus der Aussicht, bald einen zugelassenen Corona-Impfstoff zu haben.<\/p>\n<p>W\u00e4hrend Spahn die frohe Botschaft verk\u00fcndet, k\u00e4mpfen seine Beamten mit praktischen Problemen: Wie kommen die Massen an Impfdosen schnell und gezielt zu den Menschen? Am vorvergangenen Mittwoch schalteten sie sich mit einigen Dutzend Experten aus der Frachtbranche zusammen.<\/p>\n<p>Das Ergebnis des rund zweist\u00fcndigen Treffens war ern\u00fcchternd: \u00bbDer Bund ist gerade dabei, die gemeinsame Herausforderung in den f\u00f6deralen Sumpf zu kippen\u00ab, fasst es ein Teilnehmer zusammen.<\/p>\n<p>Die Aufgabe ist ja auch historisch. Noch nie in der Geschichte der Bundesrepublik gab es eine derart gro\u00dfe Impfaktion, die noch dazu extrem kurzfristig organisiert werden muss. Doch statt nach einer effektiven L\u00f6sung zu suchen, etwa mithilfe der gro\u00dfen Frachtkonzerne des Landes, verk\u00fcnsteln sich Bund und L\u00e4nder an einem selbst geschaffenen System, das immer verworrener wird. In den Bundesl\u00e4ndern entstehen Zwischenlager, in denen die Ware aufbewahrt werden soll. F\u00fcr den Weg dorthin ist der Bund zust\u00e4ndig. Von den Lagern gehen die Impfdosen weiter an die Impfzentren, daf\u00fcr sind die L\u00e4nder zust\u00e4ndig.<\/p>\n","protected":false},"excerpt":{"rendered":"<p>Icon: vergr\u00f6\u00dfern Impfzentrum in D\u00fcsseldorfer Merkur-Arena: Historische Aufgabe Foto:\u2002 Andreas Rentz \/ ddp images \/ Getty Images Der Gesundheitsminister ist bester Dinge. \u00bbEs gibt einen Weg raus\u00ab, sagt Jens Spahn,<\/p>\n","protected":false},"author":1,"featured_media":4290,"comment_status":"open","ping_status":"open","sticky":false,"template":"","format":"standard","meta":{"footnotes":""},"categories":[1],"tags":[],"class_list":["post-4289","post","type-post","status-publish","format-standard","has-post-thumbnail","hentry","category-nachrichten"],"_links":{"self":[{"href":"https:\/\/onlinetranslators.de\/news\/wp-json\/wp\/v2\/posts\/4289","targetHints":{"allow":["GET"]}}],"collection":[{"href":"https:\/\/onlinetranslators.de\/news\/wp-json\/wp\/v2\/posts"}],"about":[{"href":"https:\/\/onlinetranslators.de\/news\/wp-json\/wp\/v2\/types\/post"}],"author":[{"embeddable":true,"href":"https:\/\/onlinetranslators.de\/news\/wp-json\/wp\/v2\/users\/1"}],"replies":[{"embeddable":true,"href":"https:\/\/onlinetranslators.de\/news\/wp-json\/wp\/v2\/comments?post=4289"}],"version-history":[{"count":0,"href":"https:\/\/onlinetranslators.de\/news\/wp-json\/wp\/v2\/posts\/4289\/revisions"}],"wp:featuredmedia":[{"embeddable":true,"href":"https:\/\/onlinetranslators.de\/news\/wp-json\/wp\/v2\/media\/4290"}],"wp:attachment":[{"href":"https:\/\/onlinetranslators.de\/news\/wp-json\/wp\/v2\/media?parent=4289"}],"wp:term":[{"taxonomy":"category","embeddable":true,"href":"https:\/\/onlinetranslators.de\/news\/wp-json\/wp\/v2\/categories?post=4289"},{"taxonomy":"post_tag","embeddable":true,"href":"https:\/\/onlinetranslators.de\/news\/wp-json\/wp\/v2\/tags?post=4289"}],"curies":[{"name":"wp","href":"https:\/\/api.w.org\/{rel}","templated":true}]}}