{"id":4271,"date":"2020-12-03T19:56:00","date_gmt":"2020-12-03T16:56:00","guid":{"rendered":"http:\/\/onlinetranslators.de\/news\/nachrichten\/jeff-bezos-in-der-kritik-parlamentarier-fordern-amazon-chef-zu-sozialerer-unternehmenspolitik-auf\/"},"modified":"2020-12-03T19:56:00","modified_gmt":"2020-12-03T16:56:00","slug":"jeff-bezos-in-der-kritik-parlamentarier-fordern-amazon-chef-zu-sozialerer-unternehmenspolitik-auf","status":"publish","type":"post","link":"https:\/\/onlinetranslators.de\/news\/nachrichten\/jeff-bezos-in-der-kritik-parlamentarier-fordern-amazon-chef-zu-sozialerer-unternehmenspolitik-auf\/","title":{"rendered":"Jeff Bezos in der Kritik: Parlamentarier fordern Amazon-Chef zu sozialerer Unternehmenspolitik auf"},"content":{"rendered":"<figure>     <img decoding=\"async\" src=\"https:\/\/cdn.prod.www.spiegel.de\/images\/7c315d75-8e52-4f4f-973a-98cb18c89d0f_w948_r1.77_fpx66.67_fpy50.jpg\" title=\"Proteste vor Jeff Bezos&#039; Wohnhaus in New York\" alt=\"Proteste vor Jeff Bezos&#039; Wohnhaus in New York\"\/>      Icon: vergr\u00f6\u00dfern<figcaption>\n<p class=\"caps\">Proteste vor Jeff Bezos&#039; Wohnhaus in New York<\/p>\n<p>  Foto:\u2002KENA BETANCUR \/ AFP  <\/figcaption><\/figure>\n<p>\u00bbWir werden daf\u00fcr sorgen, dass Amazon zahlt\u00ab \u2013 das verk\u00fcnden 402 Parlamentarier aus 34 L\u00e4ndern in einem offenen Brief an Amazon-Chef Jeff Bezos. Sie kritisieren den amerikanischen Konzern f\u00fcr seine Arbeitsbedingungen, seine Umweltpolitik und seine niedrigen Steuerabgaben. \u00bbAmazons straffreie Tage sind vorbei\u00ab, schreiben sie und fordern von Bezos einen Kurswechsel.<\/p>\n<p>Die teils bekannten Unterzeichner stammen aus dem linken Spektrum ihrer jeweiligen L\u00e4nder. Unter ihnen sind der ehemalige britische Labour-Parteichef Jeremy Corbyn, Frankreichs gescheiterter Pr\u00e4sidentschaftskandidat Jean-Luc M\u00e9lenchon, der griechische Politiker Yanis Varoufakis und die Finnin Heidi Hautala, Vizepr\u00e4sidentin des Europ\u00e4ischen Parlaments.<\/p>\n<p>Koordiniert wurde der offene Brief an den Konzernchef durch den links-progressiven Dachverband \u00bbProgressive International\u00ab und dem Gewerkschaftsverbund UNI Global Union, der weltweit insgesamt 20 Millionen Besch\u00e4ftigte im Dienstleistungssektor repr\u00e4sentiert. Das Schreiben ist Teil der Kampagne \u00bbMake Amazon Pay\u00ab, eines B\u00fcndnisses von \u00fcber 50 internationalen Organisationen, unter anderem Greenpeace und das \u00bbTax Justice Network\u00ab, ein Verband f\u00fcr Steuergerechtigkeit.<\/p>\n<p>Seit dem Start der Kampagne am vergangenen Freitag \u2013 dem \u00bbBlack Friday\u00ab, an dem Amazon regelm\u00e4\u00dfig mit Rabattschlachten Rekorderl\u00f6se erzielt \u2013 protestierten Unterst\u00fctzer in 15 L\u00e4ndern. Sie bestreikten vereinzelt Amazon-Depots und demonstrierten unter anderem vor Bezos Wohnhaus in New Yorks Fifth Avenue.<\/p>\n<p>Auch 30 Abgeordnete des Bundestags und des Europ\u00e4ischen Parlaments haben das Schreiben unterzeichnet \u2013 vorrangig Politiker der Linken, dazu von SPD und Gr\u00fcnen.<\/p>\n<p>In dem Brief schreiben sie an Bezos: \u00bbDie Welt wei\u00df, dass Amazon es sich leisten kann, seine Arbeiter, seine Umweltkosten und seine Steuern zu zahlen. Und trotzdem haben Sie \u2013 immer und immer wieder \u2013 ihre Verpflichtungen (&#8230;) abgetan und sind ihre Schulden umgangen.\u00ab<\/p>\n<p>Amazons und Bezos pers\u00f6nlicher Wohlstand basiere auf den Leistungen der Angestellten und deren Unterst\u00fctzung durch ihr soziales Umfeld, hei\u00dft es weiter. F\u00fcr diese komme der Konzern seiner Verpflichtung nicht nach.<\/p>\n<p>In den USA zahlte Amazon im vergangenen Jahr nur 1,2 Prozent K\u00f6rperschaftsteuer \u2013 in den beiden Vorjahren \u00fcberhaupt keine. Weltweit spart das Unternehmen im gro\u00dfen Stil Sozialabgaben durch Firmensitze in Niedrigsteuerl\u00e4ndern. Mit diesen Steuertricksereien besch\u00e4dige Bezos die \u00f6ffentlichen Gesundheits-, Bildungs- und Wohnsysteme, schreiben die \u00bbMake Amazon pay\u00ab-Organisatoren.<\/p>\n<p>Zudem werfen die Aktivisten Bezos Doppelmoral in Umweltbelangen vor: \u00bbDer Aufstieg ihrer Firma ging mit au\u00dfergew\u00f6hnlichen Kosten f\u00fcr unsere Umwelt einher. W\u00e4hrend Sie pers\u00f6nlich die Klimakrise als eine der erkl\u00e4rten Herausforderungen der Gegenwart anerkennen, ist Amazons CO2-Bilanz gr\u00f6\u00dfer als die zweier Drittel der L\u00e4nder weltweit.\u00ab In 25 Einzelpunkten fordern sie unter anderem:<\/p>\n<ul>\n<li>\n<p><strong>Gehaltserh\u00f6hungen <\/strong>in allen Amazonlagern proportional zu steigenden Konzernerl\u00f6sen,<\/p>\n<\/li>\n<li>\n<p>das <strong>Ende prek\u00e4rer Besch\u00e4ftigungsverh\u00e4ltnisse<\/strong>, etwa durch vermeintliche Scheinselbstst\u00e4ndigkeit,<\/p>\n<\/li>\n<li>\n<p>eine Zusage f\u00fcr <strong>Emissionsneutralit\u00e4t bis 2030<\/strong>,<\/p>\n<\/li>\n<li>\n<p><strong>Zugang f\u00fcr Gewerkschaften<\/strong> zu Amazon-Werken um Information sammeln und Mitglieder werben zu k\u00f6nnen,<\/p>\n<\/li>\n<li>\n<p><strong>vollst\u00e4ndige Steuerzahlungen <\/strong>am Ort der tats\u00e4chlichen Gesch\u00e4ftst\u00e4tigkeit, keine weiteren Gewinnverschiebungen zum Zweck der Steuerersparnis und keine Vorteilnahme in Steueroasen.<\/p>\n<\/li>\n<\/ul>\n<p>\u00bbWie man die Rechte seiner Besch\u00e4ftigten so mit F\u00fc\u00dfen treten kann, ist f\u00fcr mich absolut unbegreiflich\u00ab, erkl\u00e4rte Cansel Kiziltepe, SPD-Bundestagsabgeordnete und Unterzeichnerin des offenen Briefes an Bezos, \u00f6ffentlich. \u00bbAls Arbeitgeber und Gro\u00dfkonzern hat Amazon nicht nur die rechtliche, sondern auch moralische Pflicht, Verantwortung zu \u00fcbernehmen. Diese Menschen stehen tagt\u00e4glich f\u00fcr das Unternehmen auf und arbeiten hart. Es ist ihr gutes Recht, daf\u00fcr auch faire L\u00f6hne und gute Arbeitsbedingungen zu fordern.\u00ab<\/p>\n<p>Kampagnenleiter Casper Gelderblom von \u00bbProgressive International\u00ab sagte dazu: \u00bbDie Parlamentarier haben sich der Bewegung nicht nur angeschlossen, um Forderungen vorzutragen\u00ab. Sie wollten vielmehr \u00bbreelle Ver\u00e4nderungen durch die Parlamente einleiten. Unser Appell sollte Jeff Bezos in den Ohren klingen\u00ab. Wandel komme bestimmt, so der Organisator. \u00bbWir versprechen, dies ist erst der Anfang.\u00ab<\/p>\n<p> Icon: Der Spiegel<\/p>\n","protected":false},"excerpt":{"rendered":"<p>Icon: vergr\u00f6\u00dfern Proteste vor Jeff Bezos&#039; Wohnhaus in New York Foto:\u2002KENA BETANCUR \/ AFP \u00bbWir werden daf\u00fcr sorgen, dass Amazon zahlt\u00ab \u2013 das verk\u00fcnden 402 Parlamentarier aus 34 L\u00e4ndern in<\/p>\n","protected":false},"author":1,"featured_media":4272,"comment_status":"open","ping_status":"open","sticky":false,"template":"","format":"standard","meta":{"footnotes":""},"categories":[1],"tags":[],"class_list":["post-4271","post","type-post","status-publish","format-standard","has-post-thumbnail","hentry","category-nachrichten"],"_links":{"self":[{"href":"https:\/\/onlinetranslators.de\/news\/wp-json\/wp\/v2\/posts\/4271","targetHints":{"allow":["GET"]}}],"collection":[{"href":"https:\/\/onlinetranslators.de\/news\/wp-json\/wp\/v2\/posts"}],"about":[{"href":"https:\/\/onlinetranslators.de\/news\/wp-json\/wp\/v2\/types\/post"}],"author":[{"embeddable":true,"href":"https:\/\/onlinetranslators.de\/news\/wp-json\/wp\/v2\/users\/1"}],"replies":[{"embeddable":true,"href":"https:\/\/onlinetranslators.de\/news\/wp-json\/wp\/v2\/comments?post=4271"}],"version-history":[{"count":0,"href":"https:\/\/onlinetranslators.de\/news\/wp-json\/wp\/v2\/posts\/4271\/revisions"}],"wp:featuredmedia":[{"embeddable":true,"href":"https:\/\/onlinetranslators.de\/news\/wp-json\/wp\/v2\/media\/4272"}],"wp:attachment":[{"href":"https:\/\/onlinetranslators.de\/news\/wp-json\/wp\/v2\/media?parent=4271"}],"wp:term":[{"taxonomy":"category","embeddable":true,"href":"https:\/\/onlinetranslators.de\/news\/wp-json\/wp\/v2\/categories?post=4271"},{"taxonomy":"post_tag","embeddable":true,"href":"https:\/\/onlinetranslators.de\/news\/wp-json\/wp\/v2\/tags?post=4271"}],"curies":[{"name":"wp","href":"https:\/\/api.w.org\/{rel}","templated":true}]}}