{"id":4255,"date":"2020-12-03T01:07:48","date_gmt":"2020-12-02T22:07:48","guid":{"rendered":"http:\/\/onlinetranslators.de\/news\/nachrichten\/krankenhauser-in-der-corona-krise-als-ob-jeden-tag-ein-jumbo-absturzt\/"},"modified":"2020-12-03T01:07:48","modified_gmt":"2020-12-02T22:07:48","slug":"krankenhauser-in-der-corona-krise-als-ob-jeden-tag-ein-jumbo-absturzt","status":"publish","type":"post","link":"https:\/\/onlinetranslators.de\/news\/nachrichten\/krankenhauser-in-der-corona-krise-als-ob-jeden-tag-ein-jumbo-absturzt\/","title":{"rendered":"Krankenh\u00e4user in der Corona-Krise: \u00bbAls ob jeden Tag ein Jumbo abst\u00fcrzt\u00ab"},"content":{"rendered":"<figure>     <img decoding=\"async\" src=\"https:\/\/cdn.prod.www.spiegel.de\/images\/44579e9a-f083-485b-b6d6-83a65af3d804_w948_r1.77_fpx47_fpy54.jpg\" title=\"Schleusent\u00fcr zu einer Intensivstation f\u00fcr Corona-Patienten in Greifswald\" alt=\"Schleusent\u00fcr zu einer Intensivstation f\u00fcr Corona-Patienten in Greifswald\"\/>      Icon: vergr\u00f6\u00dfern<figcaption>\n<p class=\"caps\">Schleusent\u00fcr zu einer Intensivstation f\u00fcr Corona-Patienten in Greifswald<\/p>\n<p>  Foto:\u2002<\/p>\n<p>Jens B\u00fcttner \/ dpa<\/p>\n<\/figcaption><\/figure>\n<p>Es ist zun\u00e4chst eine gute Nachricht, die Intensivmediziner mit Blick auf ganz Deutschland verk\u00fcnden: Nachdem sich die Zahl der Corona-Neuinfektionen in Deutschland vor fast zwei Wochen auf einem hohen Niveau stabilisiert hat, nimmt auch die Zahl der Patienten, die auf einer Intensivstation behandelt werden m\u00fcssen, nicht mehr so stark zu. \u00bbWir kommen auf ein Plateau\u00ab, sagte Uwe Janssens, Chef der Intensivmediziner-Vereinigung Divi am Mittwoch auf einer Online-Tagung.<\/p>\n<p>Derzeit befinden sich laut dem Divi-Register (Stand 2.12.) 3957 Patienten in intensivmedizinischer Behandlung, 2353 davon (59 Prozent) werden beatmet. In Deutschland sind insgesamt 22.270 Intensivbetten belegt und 5273 frei. Weil sich ein schwerer Verlauf einer Covid-19-Erkrankung meist erst mit einiger Verz\u00f6gerung zeigt, landen diese Patienten im Durchschnitt erst zehn Tage nach Registrierung ihrer Infektion auf einer Intensivstation. \u00bbUnsere Erfahrung zeigt, dass rund ein bis zwei Prozent der Infizierten intensivpflichtig sind\u00ab, sagte Janssens, \u00bbwenn wir heute 20.000 Neuinfektionen haben, m\u00fcssen wir davon ausgehen, dass in zehn Tagen 200 bis 400 neue Patienten auf unsere Intensivstationen kommen.\u00ab  <\/p>\n","protected":false},"excerpt":{"rendered":"<p>Icon: vergr\u00f6\u00dfern Schleusent\u00fcr zu einer Intensivstation f\u00fcr Corona-Patienten in Greifswald Foto:\u2002 Jens B\u00fcttner \/ dpa Es ist zun\u00e4chst eine gute Nachricht, die Intensivmediziner mit Blick auf ganz Deutschland verk\u00fcnden: Nachdem<\/p>\n","protected":false},"author":1,"featured_media":4256,"comment_status":"open","ping_status":"open","sticky":false,"template":"","format":"standard","meta":{"footnotes":""},"categories":[1],"tags":[],"class_list":["post-4255","post","type-post","status-publish","format-standard","has-post-thumbnail","hentry","category-nachrichten"],"_links":{"self":[{"href":"https:\/\/onlinetranslators.de\/news\/wp-json\/wp\/v2\/posts\/4255","targetHints":{"allow":["GET"]}}],"collection":[{"href":"https:\/\/onlinetranslators.de\/news\/wp-json\/wp\/v2\/posts"}],"about":[{"href":"https:\/\/onlinetranslators.de\/news\/wp-json\/wp\/v2\/types\/post"}],"author":[{"embeddable":true,"href":"https:\/\/onlinetranslators.de\/news\/wp-json\/wp\/v2\/users\/1"}],"replies":[{"embeddable":true,"href":"https:\/\/onlinetranslators.de\/news\/wp-json\/wp\/v2\/comments?post=4255"}],"version-history":[{"count":0,"href":"https:\/\/onlinetranslators.de\/news\/wp-json\/wp\/v2\/posts\/4255\/revisions"}],"wp:featuredmedia":[{"embeddable":true,"href":"https:\/\/onlinetranslators.de\/news\/wp-json\/wp\/v2\/media\/4256"}],"wp:attachment":[{"href":"https:\/\/onlinetranslators.de\/news\/wp-json\/wp\/v2\/media?parent=4255"}],"wp:term":[{"taxonomy":"category","embeddable":true,"href":"https:\/\/onlinetranslators.de\/news\/wp-json\/wp\/v2\/categories?post=4255"},{"taxonomy":"post_tag","embeddable":true,"href":"https:\/\/onlinetranslators.de\/news\/wp-json\/wp\/v2\/tags?post=4255"}],"curies":[{"name":"wp","href":"https:\/\/api.w.org\/{rel}","templated":true}]}}