{"id":4247,"date":"2020-12-02T16:51:16","date_gmt":"2020-12-02T13:51:16","guid":{"rendered":"http:\/\/onlinetranslators.de\/news\/nachrichten\/trier-haftbefehl-gegen-tatverdachtigen-erlassen\/"},"modified":"2020-12-02T16:51:16","modified_gmt":"2020-12-02T13:51:16","slug":"trier-haftbefehl-gegen-tatverdachtigen-erlassen","status":"publish","type":"post","link":"https:\/\/onlinetranslators.de\/news\/nachrichten\/trier-haftbefehl-gegen-tatverdachtigen-erlassen\/","title":{"rendered":"Trier: Haftbefehl gegen Tatverd\u00e4chtigen erlassen"},"content":{"rendered":"<figure>     <img decoding=\"async\" src=\"https:\/\/cdn.prod.www.spiegel.de\/images\/de8cab32-0d5e-4cad-9db3-ed1c6d558865_w948_r1.77_fpx30.78_fpy44.99.jpg\" title=\"Polizisten sichern den Tatort in Trier\" alt=\"Polizisten sichern den Tatort in Trier\"\/>      Icon: vergr\u00f6\u00dfern<figcaption>\n<p class=\"caps\">Polizisten sichern den Tatort in Trier<\/p>\n<p>  Foto:\u2002JEAN-CHRISTOPHE VERHAEGEN \/ AFP  <\/figcaption><\/figure>\n<p>Nach der Amokfahrt in der Trierer Innenstadt mit f\u00fcnf Toten ist gegen den 51-j\u00e4hrigen Tatverd\u00e4chtigen Haftbefehl wegen Mordes erlassen worden. Dies best\u00e4tigte ein Polizeisprecher am Mittwoch. Der dringend tatverd\u00e4chtige Bernd W. befindet sich demnach in Untersuchungshaft.<\/p>\n<p>Unklar blieb zun\u00e4chst, ob der Mann bei der Vorf\u00fchrung vor dem Richter auch Angaben zu seinem Motiv machte.<\/p>\n<p>Am Dienstag hatte ein Mann mit einem Gel\u00e4ndewagen gezielt Passanten in der Fu\u00dfg\u00e4ngerzone von Trier \u00fcberfahren. F\u00fcnf Menschen starben, darunter ein neun Wochen altes Baby und sein Vater. 14 weitere Personen wurden verletzt.<\/p>\n<p>Unter den Todesopfern befindet sich nach Angaben des rheinland-pf\u00e4lzischen Bildungsministeriums auch eine Berufsschullehrerin. \u00bbDas ist eine furchtbare Situation f\u00fcr das Kollegium wie die Sch\u00fclerinnen und Sch\u00fcler, die ihre Lehrerin sehr gesch\u00e4tzt haben\u00ab, teilte Ministerin Stefanie Hubig (SPD) mit. Der schulpsychologische Dienst sowie Seelsorger k\u00fcmmerten sich um die Sch\u00fcler und Lehrer der Schule. \u00bbF\u00fcnf Menschen wurden sinnlos aus dem Leben gerissen\u00ab, so Hubig. \u00bbMeine Gedanken sind bei den Familien und Angeh\u00f6rigen der Verstorbenen.\u00ab<\/p>\n<p>Bernd W. soll zum Tatzeitpunkt betrunken gewesen sein. Polizeilich in Erscheinung getreten ist er bisher nicht. Laut Staatsanwaltschaft gibt es Hinweise auf eine m\u00f6gliche psychische Erkrankung W.s.<\/p>\n<p>Der Polizeisprecher best\u00e4tigte einen Bericht der Zeitung \u00bbTrierischer Volksfreund\u00ab. Im Lauf des Mittwochs sollten weitere Einzelheiten von Polizei und Staatsanwaltschaft mitgeteilt werden. Im Raum hatte auch gestanden, ob der von der Staatsanwaltschaft als psychisch auff\u00e4llig beschriebene mutma\u00dfliche Todesfahrer in die Psychiatrie statt in Untersuchungshaft kommt.<\/p>\n<p> Icon: Der Spiegel<\/p>\n","protected":false},"excerpt":{"rendered":"<p>Icon: vergr\u00f6\u00dfern Polizisten sichern den Tatort in Trier Foto:\u2002JEAN-CHRISTOPHE VERHAEGEN \/ AFP Nach der Amokfahrt in der Trierer Innenstadt mit f\u00fcnf Toten ist gegen den 51-j\u00e4hrigen Tatverd\u00e4chtigen Haftbefehl wegen Mordes<\/p>\n","protected":false},"author":1,"featured_media":4248,"comment_status":"open","ping_status":"open","sticky":false,"template":"","format":"standard","meta":{"footnotes":""},"categories":[1],"tags":[],"class_list":["post-4247","post","type-post","status-publish","format-standard","has-post-thumbnail","hentry","category-nachrichten"],"_links":{"self":[{"href":"https:\/\/onlinetranslators.de\/news\/wp-json\/wp\/v2\/posts\/4247","targetHints":{"allow":["GET"]}}],"collection":[{"href":"https:\/\/onlinetranslators.de\/news\/wp-json\/wp\/v2\/posts"}],"about":[{"href":"https:\/\/onlinetranslators.de\/news\/wp-json\/wp\/v2\/types\/post"}],"author":[{"embeddable":true,"href":"https:\/\/onlinetranslators.de\/news\/wp-json\/wp\/v2\/users\/1"}],"replies":[{"embeddable":true,"href":"https:\/\/onlinetranslators.de\/news\/wp-json\/wp\/v2\/comments?post=4247"}],"version-history":[{"count":0,"href":"https:\/\/onlinetranslators.de\/news\/wp-json\/wp\/v2\/posts\/4247\/revisions"}],"wp:featuredmedia":[{"embeddable":true,"href":"https:\/\/onlinetranslators.de\/news\/wp-json\/wp\/v2\/media\/4248"}],"wp:attachment":[{"href":"https:\/\/onlinetranslators.de\/news\/wp-json\/wp\/v2\/media?parent=4247"}],"wp:term":[{"taxonomy":"category","embeddable":true,"href":"https:\/\/onlinetranslators.de\/news\/wp-json\/wp\/v2\/categories?post=4247"},{"taxonomy":"post_tag","embeddable":true,"href":"https:\/\/onlinetranslators.de\/news\/wp-json\/wp\/v2\/tags?post=4247"}],"curies":[{"name":"wp","href":"https:\/\/api.w.org\/{rel}","templated":true}]}}