{"id":4218,"date":"2020-12-01T09:16:32","date_gmt":"2020-12-01T06:16:32","guid":{"rendered":"http:\/\/onlinetranslators.de\/news\/nachrichten\/horst-seehofer-verbietet-rechtsextreme-gruppierung-sturmbrigade-44\/"},"modified":"2020-12-01T09:16:32","modified_gmt":"2020-12-01T06:16:32","slug":"horst-seehofer-verbietet-rechtsextreme-gruppierung-sturmbrigade-44","status":"publish","type":"post","link":"https:\/\/onlinetranslators.de\/news\/nachrichten\/horst-seehofer-verbietet-rechtsextreme-gruppierung-sturmbrigade-44\/","title":{"rendered":"Horst Seehofer verbietet rechtsextreme Gruppierung &#8220;Sturmbrigade 44&#8221;"},"content":{"rendered":"<figure>     <img decoding=\"async\" src=\"https:\/\/cdn.prod.www.spiegel.de\/images\/b88273e3-2b34-4d42-b7c6-a2d4fa481a15_w948_r1.77_fpx64.64_fpy55.jpg\" title=\"Innenminister Horst Seehofer\" alt=\"Innenminister Horst Seehofer\"\/>      Icon: vergr\u00f6\u00dfern<figcaption>\n<p class=\"caps\">Innenminister Horst Seehofer<\/p>\n<p>  Foto:\u2002Christian Spicker \/ imago images\/Christian Spicker  <\/figcaption><\/figure>\n<p>Die rechtsextreme \u00bbSturmbrigade 44\u00ab soll aufgel\u00f6st werden. Bundesinnenminister Horst Seehofer habe am Dienstag die Gruppierung verboten, teilte dessen Sprecher am Morgen auf Twitter mit. Die Gruppe nennt sich auch \u00bbWolfsbrigade 44\u00ab. <\/p>\n<p>\u00bbWer die Grundwerte unserer freiheitlichen Gesellschaft bek\u00e4mpft, bekommt die entschlossene Reaktion unseres Rechtsstaates zu sp\u00fcren\u00ab, zitiert der Sprecher den CSU-Minister. <\/p>\n<p>Im Sommer 2019 hatte die Bundesanwaltschaft in vier Bundesl\u00e4ndern Razzien durchgef\u00fchrt \u2013 unter anderem gegen mutma\u00dfliche Mitglieder in der Gruppe: in Sachsen-Anhalt, Hessen, Niedersachsen und Nordrhein-Westfalen. Durchsucht wurden damals elf Wohnungen. Durch die Razzien sollte gekl\u00e4rt werden, wo die Verd\u00e4chtigen \u00fcber Waffen verf\u00fcgten.<\/p>\n<h3>Eigene Statuten und klare Hierarchie<\/h3>\n<p>Die Gruppe gilt als gewaltbereit. In ihrer Antwort auf eine Anfrage der Linksfraktion teilte die Bundesregierung einige Monate nach den Durchsuchungen mit, bei der \u00bbSturm-\/Wolfsbrigade 44\u00ab handele es sich um eine rechtsextremistische Gruppierung mit \u00fcberregionalen Strukturen, insbesondere in Hessen, Sachsen-Anhalt und Mecklenburg-Vorpommern. Die Mitglieder h\u00e4tten sich eigene Statuten mit klarer Rollenverteilung, einer Hierarchie und einem strengen Verhaltenskodex gegeben. <\/p>\n<p>Die Gruppe verwendet den damaligen Angaben zufolge Begriffe und Ausdrucksweisen, \u00bbdie im politischen Zusammenhang dem Nationalsozialismus zuzuordnen sind und an dessen Symbole und Bildersprache ankn\u00fcpfen. Damit stellt sich die Gruppierung bewusst in eine nationalsozialistische Tradition.\u00ab Ziel der Gruppierung sei ein \u00bbWiedererstarken eines freien Vaterlandes\u00ab nach dem \u00bbgermanischen Sittengesetz\u00ab.<\/p>\n<p> Icon: Der Spiegel<\/p>\n","protected":false},"excerpt":{"rendered":"<p>Icon: vergr\u00f6\u00dfern Innenminister Horst Seehofer Foto:\u2002Christian Spicker \/ imago images\/Christian Spicker Die rechtsextreme \u00bbSturmbrigade 44\u00ab soll aufgel\u00f6st werden. Bundesinnenminister Horst Seehofer habe am Dienstag die Gruppierung verboten, teilte dessen Sprecher<\/p>\n","protected":false},"author":1,"featured_media":4219,"comment_status":"open","ping_status":"open","sticky":false,"template":"","format":"standard","meta":{"footnotes":""},"categories":[1],"tags":[],"class_list":["post-4218","post","type-post","status-publish","format-standard","has-post-thumbnail","hentry","category-nachrichten"],"_links":{"self":[{"href":"https:\/\/onlinetranslators.de\/news\/wp-json\/wp\/v2\/posts\/4218","targetHints":{"allow":["GET"]}}],"collection":[{"href":"https:\/\/onlinetranslators.de\/news\/wp-json\/wp\/v2\/posts"}],"about":[{"href":"https:\/\/onlinetranslators.de\/news\/wp-json\/wp\/v2\/types\/post"}],"author":[{"embeddable":true,"href":"https:\/\/onlinetranslators.de\/news\/wp-json\/wp\/v2\/users\/1"}],"replies":[{"embeddable":true,"href":"https:\/\/onlinetranslators.de\/news\/wp-json\/wp\/v2\/comments?post=4218"}],"version-history":[{"count":0,"href":"https:\/\/onlinetranslators.de\/news\/wp-json\/wp\/v2\/posts\/4218\/revisions"}],"wp:featuredmedia":[{"embeddable":true,"href":"https:\/\/onlinetranslators.de\/news\/wp-json\/wp\/v2\/media\/4219"}],"wp:attachment":[{"href":"https:\/\/onlinetranslators.de\/news\/wp-json\/wp\/v2\/media?parent=4218"}],"wp:term":[{"taxonomy":"category","embeddable":true,"href":"https:\/\/onlinetranslators.de\/news\/wp-json\/wp\/v2\/categories?post=4218"},{"taxonomy":"post_tag","embeddable":true,"href":"https:\/\/onlinetranslators.de\/news\/wp-json\/wp\/v2\/tags?post=4218"}],"curies":[{"name":"wp","href":"https:\/\/api.w.org\/{rel}","templated":true}]}}