{"id":4133,"date":"2020-11-27T12:46:14","date_gmt":"2020-11-27T09:46:14","guid":{"rendered":"http:\/\/onlinetranslators.de\/news\/nachrichten\/corona-erste-bundeslander-scheren-aus-und-lockern-regeln-fur-weihnachten\/"},"modified":"2020-11-27T12:46:14","modified_gmt":"2020-11-27T09:46:14","slug":"corona-erste-bundeslander-scheren-aus-und-lockern-regeln-fur-weihnachten","status":"publish","type":"post","link":"https:\/\/onlinetranslators.de\/news\/nachrichten\/corona-erste-bundeslander-scheren-aus-und-lockern-regeln-fur-weihnachten\/","title":{"rendered":"Corona: Erste Bundesl\u00e4nder scheren aus und lockern Regeln f\u00fcr Weihnachten"},"content":{"rendered":"<figure>     <img decoding=\"async\" src=\"https:\/\/cdn.prod.www.spiegel.de\/images\/9bde969f-ee53-4283-9c40-cf0ffab0dbce_w948_r1.77_fpx66_fpy49.jpg\" title=\"Maskentr\u00e4ger in Berlin: \u00bbDie Chance haben, irgendwo \u00fcbernachten zu k\u00f6nnen\u00ab\" alt=\"Maskentr\u00e4ger in Berlin: \u00bbDie Chance haben, irgendwo \u00fcbernachten zu k\u00f6nnen\u00ab\"\/>      Icon: vergr\u00f6\u00dfern<figcaption>\n<p class=\"caps\">Maskentr\u00e4ger in Berlin: \u00bbDie Chance haben, irgendwo \u00fcbernachten zu k\u00f6nnen\u00ab<\/p>\n<p>  Foto:\u2002Christoph Soeder \/ dpa  <\/figcaption><\/figure>\n<p>In den vergangenen Monaten war noch jede beschlossene Corona-Ma\u00dfnahme fr\u00fcher oder sp\u00e4ter im Klein-Klein der L\u00e4nder zerrieben worden. Neue Vorst\u00f6\u00dfe aus Hessen, Nordrhein-Westfalen und Berlin zeigen nun: Auch die Weihnachtszeit wird wohl nicht ohne dieses Hin und Her auskommen.<\/p>\n<p>Erst am Mittwoch hatten sich Bund und L\u00e4nder auf versch\u00e4rfte Ma\u00dfnahmen f\u00fcr den Dezember, aber ma\u00dfvolle Lockerungen bei den Kontaktbeschr\u00e4nkungen \u00fcber die Feiertage geeinigt. Hotels sollten mindestens bis zum 20. Dezember f\u00fcr touristische \u00dcbernachtungen geschlossen bleiben. Kanzleramtschef Helge Braun (CDU) hatte im Gespr\u00e4ch mit RTL aber bereits am Donnerstagmorgen angedeutet, dass das Verbot auch \u00fcber die Feiertage Bestand haben solle: \u00bbWir gehen auch davon aus, dass wir das noch in den Januar hinein verl\u00e4ngern m\u00fcssen.\u00ab<\/p>\n<h3>Berlin, Hessen und Nordrhein-Westfalen wollen Hotel\u00fcbernachtungen<\/h3>\n<p>Nun haben Berlin, Hessen und Nordrhein-Westfalen verk\u00fcndet, diese Regel nicht mitzutragen. Sehr zum \u00c4rger des Kanzleramtschefs. Wer eine Verwandtenreise mache, \u00bbder muss ja auch die Chance haben, irgendwo \u00fcbernachten zu k\u00f6nnen\u00ab, sagte Hessens Ministerpr\u00e4sident Volker Bouffier (CDU). Auch NRW-Ministerpr\u00e4sident Armin Laschet (CDU) und Berlins Regierender B\u00fcrgermeister Michael M\u00fcller (SPD) erkl\u00e4rten, solche \u00dcbernachtungen h\u00e4tten keinen touristischen Hintergrund.<\/p>\n<p>Braun kritisierte die Pl\u00e4ne am Donnerstagabend in der ZDF-Sendung \u00bbMaybrit Illner\u00ab: Man k\u00f6nne \u00dcbernachtungsabsichten nicht kontrollieren, es bestehe die Gefahr eines touristischen Angebots durch die Hintert\u00fcr.<\/p>\n<p>Die Hotelregelung ist nicht der einzige Punkt, bei dem L\u00e4nder bereits von den j\u00fcngsten Corona-Beschl\u00fcssen abweichen. Berlin will auch bei den Kontaktregeln ausscheren.<\/p>\n<p>Bund und L\u00e4nder hatten am Mittwoch beschlossen, den seit Anfang November geltenden Teil-Lockdown bis zum 20. Dezember zu verl\u00e4ngern und noch zu versch\u00e4rfen. Unter anderem Gastst\u00e4tten und zahlreiche Kultur- und Freizeiteinrichtungen wie Museen, Theater und Schwimmb\u00e4der bleiben weiter geschlossen. Zudem d\u00fcrfen sich Personen nur noch zu f\u00fcnft und aus zwei Haushalten privat treffen.<\/p>\n<p>F\u00fcr die Feiertage soll es aber eine Lockerung geben: Treffen \u00bbim engsten Familien- oder Freundeskreis\u00ab sind vom 23. Dezember bis 1. Januar mit einer Obergrenze von zehn Personen plus Kinder bis 14 Jahren m\u00f6glich. Berlin will diese Lockerung nicht mittragen. Dort sollen sich \u00fcber die Feiertage weiterhin maximal f\u00fcnf Personen zu privaten Zusammenk\u00fcnften treffen d\u00fcrfen, wobei keine Vorgaben gemacht werden, aus wie vielen Haushalten sie kommen. Hinzu kommen Kinder im Alter bis 14 Jahren.<\/p>\n<h3>Lockerungen in Schleswig-Holstein, Kritik aus Bayern<\/h3>\n<p>Auch Schleswig-Holstein geht mit eigenen Lockerungen voran. In dem Bundesland mit seinen vergleichsweise niedrigen Infektionszahlen k\u00f6nnen ab Montag Nagel- und Kosmetikstudios ebenso wie Massagesalons und Tierparks wieder \u00f6ffnen. Die Sieben-Tage-Inzidenz in Schleswig-Holstein lag am Donnerstag nach Angaben der Landesregierung vom Abend bei 47,6 Neuinfektionen pro 100.000 Einwohner.<\/p>\n<p>Aus Bayern werden die Einzelg\u00e4nge kritisiert: Der bayerische Ministerpr\u00e4sident Markus S\u00f6der (CSU) sagte im ARD-\u00bbExtra\u00ab, er f\u00e4nde es besser, wenn alle L\u00e4nder auf einer Linie blieben. Auch machte S\u00f6der wenig Hoffnung, dass Bund und L\u00e4nder bei einem m\u00f6glichen n\u00e4chsten Treffen Mitte Dezember \u00fcber Lockerungen der Corona-Beschr\u00e4nkungen reden werden. Seit Beginn des Teil-Lockdowns Anfang November habe man bestenfalls eine Stagnation der Infektionszahlen erreicht.<\/p>\n<p>\u00bbIch glaube nicht, dass es um gro\u00dfe Lockerungen geht\u00ab, sagte S\u00f6der. \u00bbCorona ist tats\u00e4chlich eine Geduldsprobe f\u00fcr uns alle.\u00ab<\/p>\n<p> Icon: Der Spiegel<\/p>\n","protected":false},"excerpt":{"rendered":"<p>Icon: vergr\u00f6\u00dfern Maskentr\u00e4ger in Berlin: \u00bbDie Chance haben, irgendwo \u00fcbernachten zu k\u00f6nnen\u00ab Foto:\u2002Christoph Soeder \/ dpa In den vergangenen Monaten war noch jede beschlossene Corona-Ma\u00dfnahme fr\u00fcher oder sp\u00e4ter im Klein-Klein<\/p>\n","protected":false},"author":1,"featured_media":4134,"comment_status":"open","ping_status":"open","sticky":false,"template":"","format":"standard","meta":{"footnotes":""},"categories":[1],"tags":[],"class_list":["post-4133","post","type-post","status-publish","format-standard","has-post-thumbnail","hentry","category-nachrichten"],"_links":{"self":[{"href":"https:\/\/onlinetranslators.de\/news\/wp-json\/wp\/v2\/posts\/4133","targetHints":{"allow":["GET"]}}],"collection":[{"href":"https:\/\/onlinetranslators.de\/news\/wp-json\/wp\/v2\/posts"}],"about":[{"href":"https:\/\/onlinetranslators.de\/news\/wp-json\/wp\/v2\/types\/post"}],"author":[{"embeddable":true,"href":"https:\/\/onlinetranslators.de\/news\/wp-json\/wp\/v2\/users\/1"}],"replies":[{"embeddable":true,"href":"https:\/\/onlinetranslators.de\/news\/wp-json\/wp\/v2\/comments?post=4133"}],"version-history":[{"count":0,"href":"https:\/\/onlinetranslators.de\/news\/wp-json\/wp\/v2\/posts\/4133\/revisions"}],"wp:featuredmedia":[{"embeddable":true,"href":"https:\/\/onlinetranslators.de\/news\/wp-json\/wp\/v2\/media\/4134"}],"wp:attachment":[{"href":"https:\/\/onlinetranslators.de\/news\/wp-json\/wp\/v2\/media?parent=4133"}],"wp:term":[{"taxonomy":"category","embeddable":true,"href":"https:\/\/onlinetranslators.de\/news\/wp-json\/wp\/v2\/categories?post=4133"},{"taxonomy":"post_tag","embeddable":true,"href":"https:\/\/onlinetranslators.de\/news\/wp-json\/wp\/v2\/tags?post=4133"}],"curies":[{"name":"wp","href":"https:\/\/api.w.org\/{rel}","templated":true}]}}