{"id":4109,"date":"2020-11-26T09:36:08","date_gmt":"2020-11-26T06:36:08","guid":{"rendered":"http:\/\/onlinetranslators.de\/news\/nachrichten\/corona-masnahmen-vor-weihnachten-das-steht-im-bund-lander-beschluss\/"},"modified":"2020-11-26T09:36:08","modified_gmt":"2020-11-26T06:36:08","slug":"corona-masnahmen-vor-weihnachten-das-steht-im-bund-lander-beschluss","status":"publish","type":"post","link":"https:\/\/onlinetranslators.de\/news\/nachrichten\/corona-masnahmen-vor-weihnachten-das-steht-im-bund-lander-beschluss\/","title":{"rendered":"Corona-Ma\u00dfnahmen vor Weihnachten: Das steht im Bund-L\u00e4nder-Beschluss"},"content":{"rendered":"<figure>     <img decoding=\"async\" src=\"https:\/\/cdn.prod.www.spiegel.de\/images\/556ce9cd-12ec-4039-ac63-a4fe0b8300d0_w948_r1.77_fpx48.69_fpy45.jpg\" title=\"In Essen gehen viele Menschen mit Maske in der Innenstadt einkaufen\" alt=\"In Essen gehen viele Menschen mit Maske in der Innenstadt einkaufen\"\/>      Icon: vergr\u00f6\u00dfern<figcaption>\n<p class=\"caps\">In Essen gehen viele Menschen mit Maske in der Innenstadt einkaufen<\/p>\n<p>  Foto:\u2002Rupert Oberh\u00e4user \/ imago images  <\/figcaption><\/figure>\n<p>Die Zahl der Infektionen mit dem Coronavirus steigt nicht mehr exponentiell, aber der November-Shutdown hat die Infektionszahlen nicht so stark gedr\u00fcckt, wie die Kanzlerin und die Ministerpr\u00e4sidenten gehofft hatten. Weihnachten soll trotzdem stattfinden k\u00f6nnen, im engsten Freundes- und Familienkreis. Davor stehen weitere Einschr\u00e4nkungen an.<\/p>\n<p>\u00bbWir brauchen noch einmal eine Kraftanstrengung\u00ab, betonte Angela Merkel (CDU) am Mittwochabend nach mehrst\u00fcndigen Beratungen mit den Ministerpr\u00e4sidentinnen und -pr\u00e4sidenten der L\u00e4nder. \u00bbGeduld, Solidarit\u00e4t, Disziplin werden noch einmal auf eine harte Probe gestellt.\u00ab<\/p>\n<p>Berlins Regierender B\u00fcrgermeister Michael M\u00fcller appellierte an das Verantwortungsbewusstsein der Menschen. \u00bbDinge zu erm\u00f6glichen hei\u00dft ja nicht, dass alles genutzt werden muss, was m\u00f6glich ist\u00ab, sagte der SPD-Politiker. Noch sei das Ende der Pandemie nicht gekommen. \u00bbWir sind in einer Situation, wo es wirklich auch in vielen Bereichen um Leben und Tod geht.\u00ab Merkel sagte, man sei sehr davon abh\u00e4ngig, dass die B\u00fcrger auch weiterhin \u00bbvern\u00fcnftig und solidarisch\u00ab seien. \u00bbEs ist \u00fcberhaupt kein Signal der Entwarnung zu geben, sondern im Gegenteil.\u00ab<\/p>\n<h3>Teil-Shutdown<\/h3>\n<p><strong>Kneipen, Restaurants, Kultur- und Freizeiteinrichtungen<\/strong> sollen bis mindestens 20. Dezember geschlossen bleiben. Der <strong>Gro\u00df- und Einzelhandel <\/strong>bleibt ge\u00f6ffnet, allerdings mit Maskenpflicht nun auch vor Einzelhandelsgesch\u00e4ften und auf Parkpl\u00e4tzen. In Gesch\u00e4ften mit einer Verkaufsfl\u00e4che von bis zu 800 Quadratmetern soll sich h\u00f6chstens eine Person je zehn Quadratmeter Verkaufsfl\u00e4che aufhalten. Bei Gesch\u00e4ften, die gr\u00f6\u00dfer sind, darf auf die zus\u00e4tzliche Fl\u00e4che dann h\u00f6chstens eine Person pro 20 Quadratmeter Verkaufsfl\u00e4che kommen.<\/p>\n<h3>Kontaktbeschr\u00e4nkungen<\/h3>\n<p><strong>Private Zusammenk\u00fcnfte<\/strong> mit Freunden, Verwandten und Bekannten sind auf den eigenen und einen weiteren Haushalt und in jedem Fall auf f\u00fcnf Personen zu beschr\u00e4nken, Kinder bis 14 ausgenommen. Schleswig-Holstein h\u00e4lt an seinen eigenen Regeln fest.<\/p>\n<h3>Mund-Nasen-Schutz<\/h3>\n<p>In geschlossenen R\u00e4umen, die \u00f6ffentlich zug\u00e4nglich sind, hat jeder eine Mund-Nasen-Bedeckung zu tragen. Das gilt auch f\u00fcr \u00f6ffentliche Verkehrsmittel und belebte \u00f6ffentliche Orte \u2013 welche das sind, legen die lokalen Beh\u00f6rden fest.<\/p>\n<h3>Feuerwerk<\/h3>\n<p>Silvesterfeuerwerk auf belebten Pl\u00e4tzen und Stra\u00dfen wird untersagt. Grunds\u00e4tzlich wird \u00bbempfohlen\u00ab, zum Jahreswechsel auf Feuerwerk zu verzichten. Sachsen appelliert an die eigenen B\u00fcrger, beim Silvesterfeuerwerk besonders auf Mindestabst\u00e4nde zu achten.<\/p>\n<h3>Betriebsferien<\/h3>\n<p>Arbeitgeber werden \u00bbdringend gebeten\u00ab zu pr\u00fcfen, ob Betriebsst\u00e4tten durch Betriebsferien oder gro\u00dfz\u00fcgige Homeoffice-L\u00f6sungen vom 23. Dezember bis 1. Januar schlie\u00dfen k\u00f6nnen.<\/p>\n<h3>Schulen und Kitas<\/h3>\n<p>Kinderbetreuung und Schulen sollen offen bleiben. Vereinbart wurde eine Maskenpflicht im Unterricht ab der 7. Klasse, abh\u00e4ngig von den regionalen Corona-Zahlen. Als unscharfe Grenze werden hier im Papier \u00bbdeutlich mehr\u00ab als 50 Neuinfektionen pro 100.000 Einwohner genannt. Positiv getestete Sch\u00fcler und ihre Mitsch\u00fcler sollen sofort in eine f\u00fcnft\u00e4gige Quarant\u00e4ne. Wer dann negativ getestet wird, darf die Quarant\u00e4ne beenden.<\/p>\n<h3>Schutz von Risikogruppen und Schnelltests<\/h3>\n<p>Der Schutz von Risikogruppen soll verbessert werden. F\u00fcr Pflegebed\u00fcrftige in Einrichtungen soll es ab dem 1. Dezember mindestens 30 Schnelltests pro Monat geben.<\/p>\n<h3>Bahnverkehr<\/h3>\n<p>Um den Reiseverkehr sicherer zu machen, soll die \u00bbSitzplatzkapazit\u00e4t\u00ab deutlich erh\u00f6ht werden, um noch mehr Abstand zwischen den Reisenden zu erm\u00f6glichen. Die Reservierbarkeit der Sitzpl\u00e4tze soll parallel dazu beschr\u00e4nkt werden. Die \u00bbMaskenkontrollen\u00ab sollen weiter verst\u00e4rkt werden, sodass t\u00e4glich mehr Fernz\u00fcge kontrolliert werden.<\/p>\n<h3>Finanzhilfen<\/h3>\n<p>Die Novemberhilfen f\u00fcr vom Teil-Lockdown betroffene Firmen und Einrichtungen sollen im Dezember fortgef\u00fchrt werden. Der Bund plane Finanzhilfen im Umfang von voraussichtlich 17 Milliarden Euro, schreibt die Nachrichtenagentur dpa.<\/p>\n<p>Der SPD-Gesundheitspolitiker Karl Lauterbach sagte den \u00bbFunke\u00ab-Zeitungen, die Lockerungen f\u00fcr Weihnachten und Silvester seien riskant. Er hoffe, dass daraus kein \u00bbKickstarter f\u00fcr die Pandemie\u00ab entstehe. \u00bbAber die Bef\u00fcrchtung ist, dass sch\u00e4rfere Regeln f\u00fcr diese Zeit von der Bev\u00f6lkerung auch nicht akzeptiert w\u00fcrden.\u00ab Er r\u00e4umte ein: \u00bbDe facto haben wir keine M\u00f6glichkeit, die Erhaltung der Vorschriften wirksam zu kontrollieren. Daher m\u00fcssen wir an die Bev\u00f6lkerung appellieren \u2013 und schauen, ob es funktioniert oder nicht.\u00ab<\/p>\n<p> Icon: Der Spiegel<\/p>\n","protected":false},"excerpt":{"rendered":"<p>Icon: vergr\u00f6\u00dfern In Essen gehen viele Menschen mit Maske in der Innenstadt einkaufen Foto:\u2002Rupert Oberh\u00e4user \/ imago images Die Zahl der Infektionen mit dem Coronavirus steigt nicht mehr exponentiell, aber<\/p>\n","protected":false},"author":1,"featured_media":4110,"comment_status":"open","ping_status":"open","sticky":false,"template":"","format":"standard","meta":{"footnotes":""},"categories":[1],"tags":[],"class_list":["post-4109","post","type-post","status-publish","format-standard","has-post-thumbnail","hentry","category-nachrichten"],"_links":{"self":[{"href":"https:\/\/onlinetranslators.de\/news\/wp-json\/wp\/v2\/posts\/4109","targetHints":{"allow":["GET"]}}],"collection":[{"href":"https:\/\/onlinetranslators.de\/news\/wp-json\/wp\/v2\/posts"}],"about":[{"href":"https:\/\/onlinetranslators.de\/news\/wp-json\/wp\/v2\/types\/post"}],"author":[{"embeddable":true,"href":"https:\/\/onlinetranslators.de\/news\/wp-json\/wp\/v2\/users\/1"}],"replies":[{"embeddable":true,"href":"https:\/\/onlinetranslators.de\/news\/wp-json\/wp\/v2\/comments?post=4109"}],"version-history":[{"count":0,"href":"https:\/\/onlinetranslators.de\/news\/wp-json\/wp\/v2\/posts\/4109\/revisions"}],"wp:featuredmedia":[{"embeddable":true,"href":"https:\/\/onlinetranslators.de\/news\/wp-json\/wp\/v2\/media\/4110"}],"wp:attachment":[{"href":"https:\/\/onlinetranslators.de\/news\/wp-json\/wp\/v2\/media?parent=4109"}],"wp:term":[{"taxonomy":"category","embeddable":true,"href":"https:\/\/onlinetranslators.de\/news\/wp-json\/wp\/v2\/categories?post=4109"},{"taxonomy":"post_tag","embeddable":true,"href":"https:\/\/onlinetranslators.de\/news\/wp-json\/wp\/v2\/tags?post=4109"}],"curies":[{"name":"wp","href":"https:\/\/api.w.org\/{rel}","templated":true}]}}