{"id":4101,"date":"2020-11-26T01:17:15","date_gmt":"2020-11-25T22:17:15","guid":{"rendered":"http:\/\/onlinetranslators.de\/news\/nachrichten\/coronavirus-bund-und-lander-einigen-sich-auf-auf-verscharfung-der-corona-masnahmen\/"},"modified":"2020-11-26T01:17:15","modified_gmt":"2020-11-25T22:17:15","slug":"coronavirus-bund-und-lander-einigen-sich-auf-auf-verscharfung-der-corona-masnahmen","status":"publish","type":"post","link":"https:\/\/onlinetranslators.de\/news\/nachrichten\/coronavirus-bund-und-lander-einigen-sich-auf-auf-verscharfung-der-corona-masnahmen\/","title":{"rendered":"Coronavirus: Bund und L\u00e4nder einigen sich auf auf Versch\u00e4rfung der Corona-Ma\u00dfnahmen"},"content":{"rendered":"<figure>     <img decoding=\"async\" src=\"https:\/\/cdn.prod.www.spiegel.de\/images\/4f1ead5b-9ffe-403a-9b15-5a18e6690565_w948_r1.77_fpx48.68_fpy50.99.jpg\" title=\"Kanzlerin Angela Merkel mit Bayerns Ministerpr\u00e4sident Markus S\u00f6der (r.) und Berlins Regierendem B\u00fcrgermeister Michael M\u00fcller bei der Pressekonferenz nach den Bund-L\u00e4nder-Beratungen\" alt=\"Kanzlerin Angela Merkel mit Bayerns Ministerpr\u00e4sident Markus S\u00f6der (r.) und Berlins Regierendem B\u00fcrgermeister Michael M\u00fcller bei der Pressekonferenz nach den Bund-L\u00e4nder-Beratungen\"\/>      Icon: vergr\u00f6\u00dfern<figcaption>\n<p class=\"caps\">Kanzlerin Angela Merkel mit Bayerns Ministerpr\u00e4sident Markus S\u00f6der (r.) und Berlins Regierendem B\u00fcrgermeister Michael M\u00fcller bei der Pressekonferenz nach den Bund-L\u00e4nder-Beratungen<\/p>\n<p>  Foto:\u2002POOL \/ REUTERS  <\/figcaption><\/figure>\n<p>Die L\u00e4nderchefs und Bundeskanzlerin Angela Merkel haben sich nach mehrst\u00fcndigen Beratungen auf eine <strong>Verringerung der Teilnehmerzahl bei privaten Zusammenk\u00fcnften<\/strong> geeinigt. Ab dem 1. Dezember d\u00fcrfen sich nur noch f\u00fcnf Menschen aus maximal zwei Haushalten treffen. Kinder bis 14 Jahre sind hiervon ausgenommen, hei\u00dft es in dem Beschlusspapier.<\/p>\n<p>F\u00fcr den Zeitraum vom 23. Dezember bis 1. Januar, also s\u00e4mtliche <strong>Weihnachtsfeiertage und auch Silvester<\/strong>, werden die Regeln zeitweise gelockert. Dann sind Treffen mit maximal zehn Personen unabh\u00e4ngig von den beteiligten Haushalten erlaubt. Auch hier werden Kinder bis 14 Jahre nicht mitgez\u00e4hlt. Ein generelles Feuerwerks- und B\u00f6llerverbot hat es indes nicht in das Beschlusspapier geschafft. Es wird lediglich \u00bbempfohlen, auf Silvesterfeuerwerk zu verzichten.\u00ab Zudem wird die Verwendung von Pyrotechnik auf belebten Pl\u00e4tzen und Stra\u00dfen untersagt, um gr\u00f6\u00dfere Gruppenbildungen zu vermeiden.<\/p>\n<p>Die <strong>Maskenpflicht<\/strong> soll demnach erweitert werden und k\u00fcnftig auch vor Einzelhandelsgesch\u00e4ften und auf Parkpl\u00e4tzen gelten. \u00bbDie Bev\u00f6lkerung wird aufgerufen, die Weihnachtseink\u00e4ufe m\u00f6glichst auch unter der Woche zu t\u00e4tigen\u00ab, hei\u00dft es im Beschluss. Die <strong>Gastronomie<\/strong> soll ebenso wie <strong>Kultureinrichtungen<\/strong> weiterhin geschlossen bleiben, \u00dcbernachtungsangebote d\u00fcrfen weiter nur f\u00fcr notwendige und nicht-touristische Zwecke zur Verf\u00fcgung gestellt werden.<\/p>\n<p>Die vorgeschriebene Quarant\u00e4nezeit wird mit dem Beschluss von 14 auf zehn Tage verk\u00fcrzt. Grund seien die \u00bbin gr\u00f6\u00dferer Zahl zur Verf\u00fcgung stehenden Antigen-Schnelltests\u00ab. Dies entlaste die B\u00fcrgerinnen und B\u00fcrger sowie die Gesundheits\u00e4mter.<\/p>\n<h3>Merkel fordert erneute \u00bbKraftanstrengung\u00ab<\/h3>\n<p>Das exponentielle Wachstum der Corona-Infektionen sei zwar gestoppt, sagte Bundeskanzlerin Angela Merkel (CDU) bei einer Pressekonferenz. Das sei aber nur ein Teilerfolg. \u00bbWir brauchen noch einmal eine Kraftanstrengung\u00ab, sagte Merkel. Es gelte weiter, jeden nicht notwendigen Kontakt zu vermeiden. Unternehmen sollten das Arbeiten von zu Hause erm\u00f6glichen oder pr\u00fcfen, ob vom 23. Dezember bis zum 1. Januar Betriebsferien m\u00f6glich seien.<\/p>\n<p>Die <strong>Deutsche Bahn<\/strong> soll dem Beschluss zufolge f\u00fcr mehr Abstand zwischen den Fahrg\u00e4sten sorgen. Die Sitzplatzkapazit\u00e4t wird dazu erh\u00f6ht, die Reservierbarkeit der Pl\u00e4tze gleichzeitig eingeschr\u00e4nkt. Insgesamt sollen die Maskenkontrollen versch\u00e4rft werden.<\/p>\n<p>Wie geplant, bleiben Schulen und Kinderg\u00e4rten mit dem neuen Beschluss ge\u00f6ffnet. Bundesweit sollen die <strong>Weihnachtsferien<\/strong> einheitlich auf den 19. Dezember vorgezogen werden. Ab einem Inzidenzwert von deutlich \u00fcber 50 Neuinfektionen pro 100.000 Einwohner soll an weiterf\u00fchrenden Schulen ab Klasse 7 das Tragen eines Mund-Nasen-Schutzes verpflichtend sein.<\/p>\n<h3>Lockerungen in einzelnen Bundesl\u00e4ndern m\u00f6glich<\/h3>\n<p>Die Bundesl\u00e4nder k\u00f6nnen nach den Beschl\u00fcssen des Gipfels k\u00fcnftig abh\u00e4ngig von der Infektionslage entscheiden, ob sie Ma\u00dfnahmen lockern oder versch\u00e4rfen. Berlins Regierender B\u00fcrgermeister Michael M\u00fcller (SPD) sagte im Anschluss an die Beratungen, Bundesl\u00e4nder mit sehr guten Zahlen h\u00e4tten jetzt die M\u00f6glichkeit zur Erleichterung. Gleichzeitig seien L\u00e4nder mit sehr hohen Infektionszahlen in der Pflicht, sich damit auseinanderzusetzen und m\u00f6gliche Versch\u00e4rfungen zu pr\u00fcfen.<\/p>\n<p> Icon: Der Spiegel<\/p>\n","protected":false},"excerpt":{"rendered":"<p>Icon: vergr\u00f6\u00dfern Kanzlerin Angela Merkel mit Bayerns Ministerpr\u00e4sident Markus S\u00f6der (r.) und Berlins Regierendem B\u00fcrgermeister Michael M\u00fcller bei der Pressekonferenz nach den Bund-L\u00e4nder-Beratungen Foto:\u2002POOL \/ REUTERS Die L\u00e4nderchefs und Bundeskanzlerin<\/p>\n","protected":false},"author":1,"featured_media":4102,"comment_status":"open","ping_status":"open","sticky":false,"template":"","format":"standard","meta":{"footnotes":""},"categories":[1],"tags":[],"class_list":["post-4101","post","type-post","status-publish","format-standard","has-post-thumbnail","hentry","category-nachrichten"],"_links":{"self":[{"href":"https:\/\/onlinetranslators.de\/news\/wp-json\/wp\/v2\/posts\/4101","targetHints":{"allow":["GET"]}}],"collection":[{"href":"https:\/\/onlinetranslators.de\/news\/wp-json\/wp\/v2\/posts"}],"about":[{"href":"https:\/\/onlinetranslators.de\/news\/wp-json\/wp\/v2\/types\/post"}],"author":[{"embeddable":true,"href":"https:\/\/onlinetranslators.de\/news\/wp-json\/wp\/v2\/users\/1"}],"replies":[{"embeddable":true,"href":"https:\/\/onlinetranslators.de\/news\/wp-json\/wp\/v2\/comments?post=4101"}],"version-history":[{"count":0,"href":"https:\/\/onlinetranslators.de\/news\/wp-json\/wp\/v2\/posts\/4101\/revisions"}],"wp:featuredmedia":[{"embeddable":true,"href":"https:\/\/onlinetranslators.de\/news\/wp-json\/wp\/v2\/media\/4102"}],"wp:attachment":[{"href":"https:\/\/onlinetranslators.de\/news\/wp-json\/wp\/v2\/media?parent=4101"}],"wp:term":[{"taxonomy":"category","embeddable":true,"href":"https:\/\/onlinetranslators.de\/news\/wp-json\/wp\/v2\/categories?post=4101"},{"taxonomy":"post_tag","embeddable":true,"href":"https:\/\/onlinetranslators.de\/news\/wp-json\/wp\/v2\/tags?post=4101"}],"curies":[{"name":"wp","href":"https:\/\/api.w.org\/{rel}","templated":true}]}}