{"id":4093,"date":"2020-11-25T16:55:55","date_gmt":"2020-11-25T13:55:55","guid":{"rendered":"http:\/\/onlinetranslators.de\/news\/nachrichten\/turkei-regierungskrise-es-wird-einsam-um-recep-tayyip-erdogan\/"},"modified":"2020-11-25T16:55:55","modified_gmt":"2020-11-25T13:55:55","slug":"turkei-regierungskrise-es-wird-einsam-um-recep-tayyip-erdogan","status":"publish","type":"post","link":"https:\/\/onlinetranslators.de\/news\/nachrichten\/turkei-regierungskrise-es-wird-einsam-um-recep-tayyip-erdogan\/","title":{"rendered":"T\u00fcrkei &#8211; Regierungskrise: Es wird einsam um Recep Tayyip Erdo\u011fan"},"content":{"rendered":"<figure>     <img decoding=\"async\" src=\"https:\/\/cdn.prod.www.spiegel.de\/images\/35127a35-8682-444b-96d4-18041b47726a_w948_r1.77_fpx41_fpy15.jpg\" title=\"Pr\u00e4sident Erdo\u011fan: Tiefgreifende Systemkrise\" alt=\"Pr\u00e4sident Erdo\u011fan: Tiefgreifende Systemkrise\"\/>      Icon: vergr\u00f6\u00dfern<figcaption>\n<p class=\"caps\">Pr\u00e4sident Erdo\u011fan: Tiefgreifende Systemkrise<\/p>\n<p>  Foto:\u2002MURAD SEZER \/ REUTERS  <\/figcaption><\/figure>\n<p>Berat Albayrak war es gewohnt, dass sein Wort Geh\u00f6r findet. Das t\u00fcrkische Fernsehen sendete, was immer der t\u00fcrkische Finanzminister gerade zu sagen hatte. Ein Anruf von ihm gen\u00fcgte, und Zeitungen r\u00e4umten ihre Titelseiten frei. Vermutlich schadete es nicht, dass er der Schwiegersohn von Pr\u00e4sident Recep Tayyip Erdo\u011fan ist.<\/p>\n<p>Als Albayrak jedoch am 8. November seine bislang wichtigste Botschaft loswerden wollte, fand sich kein Medium, das sie aufgriff. Der Minister, so berichten Vertraute, wendete sich zun\u00e4chst an die Zeitungen und Sender, die von seinem Bruder Serhat kontrolliert werden, darunter die Zeitung \u00bbSabah\u00ab. Vergeblich. Auch vom Staatssender TRT und der Nachrichtenagentur Anadolu Ajans\u0131 kamen Absagen.<\/p>\n<p>In seiner Not griff Albayrak auf ein Medium zur\u00fcck, das seine Regierung wenige Wochen zuvor noch mit einer Millionenstrafe belegt hat: Instagram. In schlampigem, fehlerhaftem T\u00fcrkisch erkl\u00e4rte Albayrak seinen R\u00fccktritt vom Amt des Finanzministers. Er wolle sich st\u00e4rker um seine Familie k\u00fcmmern, schrieb er, seine Eltern, seine Frau, die vier Kinder; seinen Schwiegervater, Erdo\u011fan, dem er seine politische Karriere zu verdanken hat, erw\u00e4hnte Albayrak nur am Rande.<\/p>\n","protected":false},"excerpt":{"rendered":"<p>Icon: vergr\u00f6\u00dfern Pr\u00e4sident Erdo\u011fan: Tiefgreifende Systemkrise Foto:\u2002MURAD SEZER \/ REUTERS Berat Albayrak war es gewohnt, dass sein Wort Geh\u00f6r findet. Das t\u00fcrkische Fernsehen sendete, was immer der t\u00fcrkische Finanzminister gerade<\/p>\n","protected":false},"author":1,"featured_media":4094,"comment_status":"open","ping_status":"open","sticky":false,"template":"","format":"standard","meta":{"footnotes":""},"categories":[1],"tags":[],"class_list":["post-4093","post","type-post","status-publish","format-standard","has-post-thumbnail","hentry","category-nachrichten"],"_links":{"self":[{"href":"https:\/\/onlinetranslators.de\/news\/wp-json\/wp\/v2\/posts\/4093","targetHints":{"allow":["GET"]}}],"collection":[{"href":"https:\/\/onlinetranslators.de\/news\/wp-json\/wp\/v2\/posts"}],"about":[{"href":"https:\/\/onlinetranslators.de\/news\/wp-json\/wp\/v2\/types\/post"}],"author":[{"embeddable":true,"href":"https:\/\/onlinetranslators.de\/news\/wp-json\/wp\/v2\/users\/1"}],"replies":[{"embeddable":true,"href":"https:\/\/onlinetranslators.de\/news\/wp-json\/wp\/v2\/comments?post=4093"}],"version-history":[{"count":0,"href":"https:\/\/onlinetranslators.de\/news\/wp-json\/wp\/v2\/posts\/4093\/revisions"}],"wp:featuredmedia":[{"embeddable":true,"href":"https:\/\/onlinetranslators.de\/news\/wp-json\/wp\/v2\/media\/4094"}],"wp:attachment":[{"href":"https:\/\/onlinetranslators.de\/news\/wp-json\/wp\/v2\/media?parent=4093"}],"wp:term":[{"taxonomy":"category","embeddable":true,"href":"https:\/\/onlinetranslators.de\/news\/wp-json\/wp\/v2\/categories?post=4093"},{"taxonomy":"post_tag","embeddable":true,"href":"https:\/\/onlinetranslators.de\/news\/wp-json\/wp\/v2\/tags?post=4093"}],"curies":[{"name":"wp","href":"https:\/\/api.w.org\/{rel}","templated":true}]}}