{"id":4083,"date":"2020-11-25T06:37:32","date_gmt":"2020-11-25T03:37:32","guid":{"rendered":"http:\/\/onlinetranslators.de\/news\/nachrichten\/joe-biden-im-interview-das-wird-keine-dritte-obama-amtszeit\/"},"modified":"2020-11-25T06:37:32","modified_gmt":"2020-11-25T03:37:32","slug":"joe-biden-im-interview-das-wird-keine-dritte-obama-amtszeit","status":"publish","type":"post","link":"https:\/\/onlinetranslators.de\/news\/nachrichten\/joe-biden-im-interview-das-wird-keine-dritte-obama-amtszeit\/","title":{"rendered":"Joe Biden im Interview: \u00bbDas wird keine dritte Obama-Amtszeit\u00ab"},"content":{"rendered":"<figure>     <img decoding=\"async\" src=\"https:\/\/cdn.prod.www.spiegel.de\/images\/4743ebc2-0162-4b9d-a4b7-57f109e05075_w948_r1.77_fpx36_fpy34.jpg\" title=\"Barack Obama (l.) und Joe Biden (am 31. Oktober): \u00bbWir m\u00fcssen uns mit einer v\u00f6llig anderen Welt auseinandersetzen\u00ab\" alt=\"Barack Obama (l.) und Joe Biden (am 31. Oktober): \u00bbWir m\u00fcssen uns mit einer v\u00f6llig anderen Welt auseinandersetzen\u00ab\"\/>      Icon: vergr\u00f6\u00dfern<figcaption>\n<p class=\"caps\">Barack Obama (l.) und Joe Biden (am 31. Oktober): \u00bbWir m\u00fcssen uns mit einer v\u00f6llig anderen Welt auseinandersetzen\u00ab<\/p>\n<p>  Foto:\u2002JIM WATSON \/ AFP  <\/figcaption><\/figure>\n<p>Etwas mehr als drei Wochen ist die US-Wahl nun her. Noch immer hat Donald Trump seine Niederlage nicht offen einger\u00e4umt \u2013 aber zuletzt immerhin den Weg f\u00fcr eine geordnete \u00dcbergabe der Amtsgesch\u00e4fte freigemacht. Nun ist Joe Biden zu seinem ersten TV-Interview seit seinem Wahlsieg vor die Kameras getreten.<\/p>\n<p>Im US-Sender NBC erkl\u00e4rte er, gefragt nach den zahlreichen bekannten Gesichtern unter seinen Kabinettsnominierungen: \u00bbDas wird keine dritte Obama-Amtszeit. Wir m\u00fcssen uns mit einer v\u00f6llig anderen Welt auseinandersetzen, als w\u00e4hrend der Obama-Biden-Regierung.\u00ab Biden hatte dem damaligen Pr\u00e4sidenten Barack Obama acht Jahre lang als Vize gedient.<\/p>\n<p>Pr\u00e4sident Trump habe die politische Umgebung v\u00f6llig ver\u00e4ndert. \u00bbEs ist &#039;Amerika zuerst&#039; geworden und &#039;Amerika allein&#039;\u00ab, so Biden weiter. B\u00fcndnisse seien zerrissen worden. Mit seiner Wahl f\u00fcr die Posten des Kabinetts wolle er die amerikanische Gesellschaft abbilden, ebenso wie das gesamte Spektrum der demokratischen Partei. Sogar die Nominierung eines Republikaners, der f\u00fcr Trump gestimmt hatte, wollte Biden auf Nachfrage nicht ausschlie\u00dfen. Es sei seine Aufgabe, das Land wieder zusammenzubringen, erkl\u00e4rte der 78-J\u00e4hrige.<\/p>\n<h3>Biden: \u00bbAmerika ist zur\u00fcck, bereit, die Welt anzuf\u00fchren\u00ab<\/h3>\n<p>Biden hatte zuvor in seiner Heimatstadt Wilmington seine Kandidaten f\u00fcr au\u00dfen- und sicherheitspolitische Schl\u00fcsselposten in der k\u00fcnftigen Regierung vorgestellt. Bidens langj\u00e4hriger Berater Antony Blinken ist als US-Au\u00dfenminister nominiert, Alejandro Mayorkas, der auf Kuba zur Welt kam, als Heimatschutzminister. Thomas-Greenfield soll die USA als Botschafterin bei der Uno in New York vertreten. Der fr\u00fchere Au\u00dfenminister John Kerry wurde von Biden zum Sonderbeauftragten f\u00fcr Klimafragen berufen. Jake Sullivan soll sein Nationaler Sicherheitsberater sein.<\/p>\n<p>Der gew\u00e4hlte US-Pr\u00e4sident sagte: \u00bbEs ist ein Team, das die Tatsache spiegelt, dass Amerika zur\u00fcck ist, bereit, die Welt anzuf\u00fchren, statt sich aus ihr zur\u00fcckzuziehen.\u00ab<\/p>\n<p>Au\u00dferdem begr\u00fc\u00dfte Biden, dass der \u00dcbergangsprozess vor dem Regierungswechsel nach einer wochenlangen Blockade nun offiziell beginnen kann. Eine entsprechende Entscheidung der zust\u00e4ndigen Beh\u00f6rde GSA hatte dies zuvor best\u00e4tigt. \u00bbIch freue mich, von der GSA die Zusicherung erhalten zu haben, einen reibungslosen und friedlichen Machtwechsel durchzuf\u00fchren\u00ab, sagte Biden.<\/p>\n<h3>Geheimdienst d\u00fcrften Biden ab jetzt briefen<\/h3>\n<p>Seine Mitarbeiter k\u00f6nnten sich nun auf die bevorstehenden Herausforderungen wie die Corona-Pandemie vorbereiten. Zudem erh\u00e4lt er ab sofort Zugang zum t\u00e4glichen Briefing der US-Geheimdienste. Es habe am Nachmittag eine entsprechende Genehmigung des Wei\u00dfen Hauses gegeben, erkl\u00e4rte ein Sprecher des B\u00fcros des Direktors der US-Geheimdienste am Dienstag (Ortszeit) auf Anfrage.<\/p>\n<p>In den USA ist es \u00fcblich, dass der gew\u00e4hlte Pr\u00e4sident noch vor der Amtseinf\u00fchrung im Januar t\u00e4glich \u00fcber die Erkenntnisse der Geheimdienste unterrichtet wird \u2013 ebenso wie der Amtsinhaber. Biden sagte am Dienstag nach Angaben anwesender Reporter in Wilmington, er habe noch kein Briefing erhalten, werde sie aber k\u00fcnftig regelm\u00e4\u00dfig bekommen.<\/p>\n<p>Der fr\u00fchere Vizepr\u00e4sident will gleich vom ersten Tag an die Politik von Amtsvorg\u00e4nger Trump umkehren. Vor allem will er in wichtige internationale Abkommen wie das Klimaabkommen von Paris zur\u00fcck, was Biden nach der f\u00fcr den 20. Januar geplanten Amtseinf\u00fchrung per Erlass einleiten kann.<\/p>\n<p> Icon: Der Spiegel<\/p>\n","protected":false},"excerpt":{"rendered":"<p>Icon: vergr\u00f6\u00dfern Barack Obama (l.) und Joe Biden (am 31. Oktober): \u00bbWir m\u00fcssen uns mit einer v\u00f6llig anderen Welt auseinandersetzen\u00ab Foto:\u2002JIM WATSON \/ AFP Etwas mehr als drei Wochen ist<\/p>\n","protected":false},"author":1,"featured_media":4084,"comment_status":"open","ping_status":"open","sticky":false,"template":"","format":"standard","meta":{"footnotes":""},"categories":[1],"tags":[],"class_list":["post-4083","post","type-post","status-publish","format-standard","has-post-thumbnail","hentry","category-nachrichten"],"_links":{"self":[{"href":"https:\/\/onlinetranslators.de\/news\/wp-json\/wp\/v2\/posts\/4083","targetHints":{"allow":["GET"]}}],"collection":[{"href":"https:\/\/onlinetranslators.de\/news\/wp-json\/wp\/v2\/posts"}],"about":[{"href":"https:\/\/onlinetranslators.de\/news\/wp-json\/wp\/v2\/types\/post"}],"author":[{"embeddable":true,"href":"https:\/\/onlinetranslators.de\/news\/wp-json\/wp\/v2\/users\/1"}],"replies":[{"embeddable":true,"href":"https:\/\/onlinetranslators.de\/news\/wp-json\/wp\/v2\/comments?post=4083"}],"version-history":[{"count":0,"href":"https:\/\/onlinetranslators.de\/news\/wp-json\/wp\/v2\/posts\/4083\/revisions"}],"wp:featuredmedia":[{"embeddable":true,"href":"https:\/\/onlinetranslators.de\/news\/wp-json\/wp\/v2\/media\/4084"}],"wp:attachment":[{"href":"https:\/\/onlinetranslators.de\/news\/wp-json\/wp\/v2\/media?parent=4083"}],"wp:term":[{"taxonomy":"category","embeddable":true,"href":"https:\/\/onlinetranslators.de\/news\/wp-json\/wp\/v2\/categories?post=4083"},{"taxonomy":"post_tag","embeddable":true,"href":"https:\/\/onlinetranslators.de\/news\/wp-json\/wp\/v2\/tags?post=4083"}],"curies":[{"name":"wp","href":"https:\/\/api.w.org\/{rel}","templated":true}]}}