{"id":4079,"date":"2020-11-25T02:18:18","date_gmt":"2020-11-24T23:18:18","guid":{"rendered":"http:\/\/onlinetranslators.de\/news\/nachrichten\/joe-biden-amerika-ist-bereit-die-welt-anzufuhren\/"},"modified":"2020-11-25T02:18:18","modified_gmt":"2020-11-24T23:18:18","slug":"joe-biden-amerika-ist-bereit-die-welt-anzufuhren","status":"publish","type":"post","link":"https:\/\/onlinetranslators.de\/news\/nachrichten\/joe-biden-amerika-ist-bereit-die-welt-anzufuhren\/","title":{"rendered":"Joe Biden: \u00bbAmerika ist bereit, die Welt anzuf\u00fchren\u00ab"},"content":{"rendered":"<figure>     <img decoding=\"async\" src=\"https:\/\/cdn.prod.www.spiegel.de\/images\/cce8ead1-4702-4f3b-9c59-1db683a25c4f_w948_r1.77_fpx50_fpy30.jpg\" title=\"Joe Biden am 24. November in Wilmington\" alt=\"Joe Biden am 24. November in Wilmington\"\/>      Icon: vergr\u00f6\u00dfern<figcaption>\n<p class=\"caps\">Joe Biden am 24. November in Wilmington<\/p>\n<p>  Foto:\u2002<\/p>\n<p>JOSHUA ROBERTS \/ REUTERS<\/p>\n<\/figcaption><\/figure>\n<p>Der gew\u00e4hlte US-Pr\u00e4sident Joe Biden hat den F\u00fchrungsanspruch der USA in der Welt betont. In seiner Heimatstadt Wilmington stellte er seine Kandidaten f\u00fcr au\u00dfen- und sicherheitspolitische Schl\u00fcsselposten in der k\u00fcnftigen Regierung vor. Er sagte: \u00bbEs ist ein Team, das die Tatsache spiegelt, dass Amerika zur\u00fcck ist, bereit, die Welt anzuf\u00fchren, statt sich aus ihr zur\u00fcckzuziehen.\u00ab<\/p>\n<p>Eine klare Absage an den bisherigen Kurs der USA unter der Regierung des Republikaners Donald Trump. Mit seiner k\u00fcnftigen Regierungsmannschaft sei Amerika \u00bbbereit, unseren Gegnern entgegenzutreten, statt unsere Verb\u00fcndeten zur\u00fcckzuweisen, bereit, f\u00fcr unsere Werte einzutreten\u00ab, so Biden weiter.<\/p>\n<p>Bidens langj\u00e4hriger Berater Antony Blinken ist als US-Au\u00dfenminister nominiert, Alejandro Mayorkas, der auf Kuba zur Welt kam, als Heimatschutzminister. Thomas-Greenfield soll die USA als Botschafterin bei der Uno in New York vertreten. Der fr\u00fchere Au\u00dfenminister John Kerry wurde von Biden zum Sonderbeauftragten f\u00fcr Klimafragen berufen. Jake Sullivan soll sein Nationaler Sicherheitsberater sein.<\/p>\n<p>Au\u00dferdem begr\u00fc\u00dfte Biden, dass der \u00dcbergangsprozess vor dem Regierungswechsel nach einer wochenlangen Blockade nun offiziell beginnen kann. Eine entsprechende Entscheidung der zust\u00e4ndigen Beh\u00f6rde GSA hatte dies zuvor best\u00e4tigt. \u00bbIch freue mich, von der GSA die Zusicherung erhalten zu haben, einen reibungslosen und friedlichen Machtwechsel durchzuf\u00fchren\u00ab, sagte Biden. Seine Mitarbeiter k\u00f6nnten sich nun auf die bevorstehenden Herausforderungen wie die Corona-Pandemie vorbereiten.<\/p>\n<h3>Biden will Politik Trumps schnellstm\u00f6glich umkehren<\/h3>\n<p>Biden will gleich vom ersten Tag an die Politik von Donald Trump umkehren. Vor allem will er in wichtige internationale Abkommen wie das Klimaabkommen von Paris zur\u00fcck, was Biden nach der f\u00fcr den 20. Januar geplanten Amtseinf\u00fchrung per Erlass einleiten kann.<\/p>\n<p> Icon: Der Spiegel<\/p>\n","protected":false},"excerpt":{"rendered":"<p>Icon: vergr\u00f6\u00dfern Joe Biden am 24. November in Wilmington Foto:\u2002 JOSHUA ROBERTS \/ REUTERS Der gew\u00e4hlte US-Pr\u00e4sident Joe Biden hat den F\u00fchrungsanspruch der USA in der Welt betont. In seiner<\/p>\n","protected":false},"author":1,"featured_media":4080,"comment_status":"open","ping_status":"open","sticky":false,"template":"","format":"standard","meta":{"footnotes":""},"categories":[1],"tags":[],"class_list":["post-4079","post","type-post","status-publish","format-standard","has-post-thumbnail","hentry","category-nachrichten"],"_links":{"self":[{"href":"https:\/\/onlinetranslators.de\/news\/wp-json\/wp\/v2\/posts\/4079","targetHints":{"allow":["GET"]}}],"collection":[{"href":"https:\/\/onlinetranslators.de\/news\/wp-json\/wp\/v2\/posts"}],"about":[{"href":"https:\/\/onlinetranslators.de\/news\/wp-json\/wp\/v2\/types\/post"}],"author":[{"embeddable":true,"href":"https:\/\/onlinetranslators.de\/news\/wp-json\/wp\/v2\/users\/1"}],"replies":[{"embeddable":true,"href":"https:\/\/onlinetranslators.de\/news\/wp-json\/wp\/v2\/comments?post=4079"}],"version-history":[{"count":0,"href":"https:\/\/onlinetranslators.de\/news\/wp-json\/wp\/v2\/posts\/4079\/revisions"}],"wp:featuredmedia":[{"embeddable":true,"href":"https:\/\/onlinetranslators.de\/news\/wp-json\/wp\/v2\/media\/4080"}],"wp:attachment":[{"href":"https:\/\/onlinetranslators.de\/news\/wp-json\/wp\/v2\/media?parent=4079"}],"wp:term":[{"taxonomy":"category","embeddable":true,"href":"https:\/\/onlinetranslators.de\/news\/wp-json\/wp\/v2\/categories?post=4079"},{"taxonomy":"post_tag","embeddable":true,"href":"https:\/\/onlinetranslators.de\/news\/wp-json\/wp\/v2\/tags?post=4079"}],"curies":[{"name":"wp","href":"https:\/\/api.w.org\/{rel}","templated":true}]}}