{"id":4066,"date":"2020-11-24T14:00:30","date_gmt":"2020-11-24T11:00:30","guid":{"rendered":"http:\/\/onlinetranslators.de\/news\/nachrichten\/antony-blinken-wird-us-ausenminister-das-ende-von-america-first\/"},"modified":"2020-11-24T14:00:30","modified_gmt":"2020-11-24T11:00:30","slug":"antony-blinken-wird-us-ausenminister-das-ende-von-america-first","status":"publish","type":"post","link":"https:\/\/onlinetranslators.de\/news\/nachrichten\/antony-blinken-wird-us-ausenminister-das-ende-von-america-first\/","title":{"rendered":"Antony Blinken wird US-Au\u00dfenminister: Das Ende von \u00bbAmerica First\u00ab"},"content":{"rendered":"<figure>     <img decoding=\"async\" src=\"https:\/\/cdn.prod.www.spiegel.de\/images\/9f19dda3-2fba-4705-adf1-5a641948336f_w948_r1.77_fpx59_fpy54.jpg\" title=\"Au\u00dfenministerkandidat Antony Blinken bei einem Anti-Terror-Treffen 2015 in Frankreich\" alt=\"Au\u00dfenministerkandidat Antony Blinken bei einem Anti-Terror-Treffen 2015 in Frankreich\"\/>      Icon: vergr\u00f6\u00dfern<figcaption>\n<p class=\"caps\">Au\u00dfenministerkandidat Antony Blinken bei einem Anti-Terror-Treffen 2015 in Frankreich<\/p>\n<p>  Foto:\u2002Jens B\u00fcttner \/ dpa  <\/figcaption><\/figure>\n<p>Das Ungew\u00f6hnlichste, was \u00fcber Antony Blinken bekannt ist, hat nichts mit seiner Karriere als Diplomat zu tun. Unter dem Namen seiner Band &quot;Ablinken&quot; finden sich auf Spotify zwei Songs, die er singt. Beide sind keine Kracher, aber man w\u00fcrde eine Bar nicht verlassen, wenn sie gespielt werden, wie die Musikkritikerin Caitlin White schrieb.<\/p>\n<p>Ansonsten ist der Mann, der nach dem Willen Joe Bidens k\u00fcnftig Au\u00dfenminister der USA werden soll, das glatte Gegenteil der aktuellen Mitglieder der US-Regierung: Er ist zur\u00fcckhaltend, sachkundig und erfahren. Er hat eine klassische Laufbahn im Ausw\u00e4rtigen Dienst hinter sich. Er hat ein Profil, mit dem er bei Donald Trump keine Chance h\u00e4tte.<\/p>\n<p>Der k\u00fcnftige Pr\u00e4sident aber zeigt mit Blinkens Nominierung, dass er es ernst meint mit dem Versprechen, die USA nach den disruptiven Trump-Jahren wieder auf einen verl\u00e4sslichen Kurs zur\u00fcckzuf\u00fchren.<\/p>\n<p>Blinken ist ein Mann des au\u00dfenpolitischen Establishments, der auf Allianzen setzt und an die Rolle der USA als internationale Ordnungsmacht glaubt. Mit ihm kn\u00fcpft Biden dort an, wo Barack Obama vor vier Jahren aufgeh\u00f6rt hat.<\/p>\n","protected":false},"excerpt":{"rendered":"<p>Icon: vergr\u00f6\u00dfern Au\u00dfenministerkandidat Antony Blinken bei einem Anti-Terror-Treffen 2015 in Frankreich Foto:\u2002Jens B\u00fcttner \/ dpa Das Ungew\u00f6hnlichste, was \u00fcber Antony Blinken bekannt ist, hat nichts mit seiner Karriere als Diplomat<\/p>\n","protected":false},"author":1,"featured_media":4067,"comment_status":"open","ping_status":"open","sticky":false,"template":"","format":"standard","meta":{"footnotes":""},"categories":[1],"tags":[],"class_list":["post-4066","post","type-post","status-publish","format-standard","has-post-thumbnail","hentry","category-nachrichten"],"_links":{"self":[{"href":"https:\/\/onlinetranslators.de\/news\/wp-json\/wp\/v2\/posts\/4066","targetHints":{"allow":["GET"]}}],"collection":[{"href":"https:\/\/onlinetranslators.de\/news\/wp-json\/wp\/v2\/posts"}],"about":[{"href":"https:\/\/onlinetranslators.de\/news\/wp-json\/wp\/v2\/types\/post"}],"author":[{"embeddable":true,"href":"https:\/\/onlinetranslators.de\/news\/wp-json\/wp\/v2\/users\/1"}],"replies":[{"embeddable":true,"href":"https:\/\/onlinetranslators.de\/news\/wp-json\/wp\/v2\/comments?post=4066"}],"version-history":[{"count":0,"href":"https:\/\/onlinetranslators.de\/news\/wp-json\/wp\/v2\/posts\/4066\/revisions"}],"wp:featuredmedia":[{"embeddable":true,"href":"https:\/\/onlinetranslators.de\/news\/wp-json\/wp\/v2\/media\/4067"}],"wp:attachment":[{"href":"https:\/\/onlinetranslators.de\/news\/wp-json\/wp\/v2\/media?parent=4066"}],"wp:term":[{"taxonomy":"category","embeddable":true,"href":"https:\/\/onlinetranslators.de\/news\/wp-json\/wp\/v2\/categories?post=4066"},{"taxonomy":"post_tag","embeddable":true,"href":"https:\/\/onlinetranslators.de\/news\/wp-json\/wp\/v2\/tags?post=4066"}],"curies":[{"name":"wp","href":"https:\/\/api.w.org\/{rel}","templated":true}]}}