{"id":4064,"date":"2020-11-24T11:59:19","date_gmt":"2020-11-24T08:59:19","guid":{"rendered":"http:\/\/onlinetranslators.de\/news\/nachrichten\/corona-lander-einigen-sich-auf-regeln-fur-weihnachten-und-silvester\/"},"modified":"2020-11-24T11:59:19","modified_gmt":"2020-11-24T08:59:19","slug":"corona-lander-einigen-sich-auf-regeln-fur-weihnachten-und-silvester","status":"publish","type":"post","link":"https:\/\/onlinetranslators.de\/news\/nachrichten\/corona-lander-einigen-sich-auf-regeln-fur-weihnachten-und-silvester\/","title":{"rendered":"Corona: L\u00e4nder einigen sich auf Regeln f\u00fcr Weihnachten und Silvester"},"content":{"rendered":"<figure>     <img decoding=\"async\" src=\"https:\/\/cdn.prod.www.spiegel.de\/images\/6e6d6ca7-0be5-4fc6-95d3-8d11086ff156_w948_r1.77_fpx25_fpy54.98.jpg\" title=\"Marktplatz mit Weihnachtsbaum in Leipzig\" alt=\"Marktplatz mit Weihnachtsbaum in Leipzig\"\/>      Icon: vergr\u00f6\u00dfern<figcaption>\n<p class=\"caps\">Marktplatz mit Weihnachtsbaum in Leipzig<\/p>\n<p>  Foto:\u2002Jan Woitas \/ dpa  <\/figcaption><\/figure>\n<p>Am Mittwoch wollen sich die Regierungschefs der L\u00e4nder mit Kanzlerin Angela Merkel auf den weiteren Kurs in der Coronakrise verst\u00e4ndigen. Dabei geht es vor allem um diese Frage: Wie viel Normalit\u00e4t ist in Zeiten der Corona-Pandemie an Weihnachten m\u00f6glich?<\/p>\n<p>Die L\u00e4nder haben sich nun auf eine Beschlussvorlage verst\u00e4ndigt, die Sonderregelungen \u00fcber die Feiertage und Silvester vorsieht. Das Papier liegt dem SPIEGEL vor. Die Ministerpr\u00e4sidenten einigten sich auf <strong>einheitliche Kontaktregeln<\/strong> f\u00fcr den Zeitraum vom 23. Dezember bis 1. Januar. Dann sollen Treffen von maximal zehn Personen m\u00f6glich sein, auch wenn diese aus verschiedenen Haushalten kommen. Kinder bis 14 Jahren sind davon ausgenommen.<\/p>\n<p>Davon abgesehen sollten die zuletzt g\u00fcltigen Vorgaben jedoch ab dem 1. Dezember versch\u00e4rft werden. <strong>Private Zusammenk\u00fcnfte<\/strong> sind dem Plan zufolge k\u00fcnftig nur noch zwischen Angeh\u00f6rigen zweier Haushalte und maximal f\u00fcnf Personen erlaubt. Bislang lag die Grenze bei zehn Personen. Auch von dieser Regel sind Kinder nicht betroffen.<\/p>\n<p>Der aktuelle <strong>Teil-Shutdown<\/strong> soll dem L\u00e4nder-Papier zufolge bis zum 20. Dezember verl\u00e4ngert werden. Bei einer Inzidenz von \u00bbdeutlich\u00ab unter 50 Neuinfektionen pro 100.000 Einwohner binnen sieben Tagen und wenn weitere Bedingungen erf\u00fcllt sind, sollen L\u00e4nder die M\u00f6glichkeit bekommen, hiervon abzuweichen.<\/p>\n<h3>Maskenpflicht und Selbstquarant\u00e4ne<\/h3>\n<p>In \u00f6ffentlich zug\u00e4nglichen R\u00e4umen und an belebten Pl\u00e4tzen soll eine <strong>Maskenpflicht<\/strong> gelten. Die betroffenen Orte m\u00fcssten jedoch noch definiert werden. Die L\u00e4nderchefs wollen, dass auch an Arbeitsst\u00e4tten ein Mund-Nasen-Schutz getragen wird. Ausnahme: am eigenen Platz, sofern ein Abstand von 1,5 Metern zu anderen Personen eingehalten werden kann. Hochschulen und Universit\u00e4ten sollen im Wesentlichen auf <strong>digitale Lehre<\/strong> umstellen.<\/p>\n<p>An <strong>Schulen<\/strong> in Regionen mit deutlich mehr als 50 Neuinfektionen pro 100.000 Einwohner binnen sieben Tagen soll nach dem Willen der L\u00e4nder k\u00fcnftig ab Klasse sieben grunds\u00e4tzlich eine Maskenpflicht auch im Unterricht gelten. In \u00bbbesonderen Infektionshotspots\u00ab soll es demnach in \u00e4lteren Jahrg\u00e4ngen \u2013 au\u00dfer Abschlussklassen \u2013 schulspezifisch \u00bbweitergehende Ma\u00dfnahmen f\u00fcr die Unterrichtsgestaltung\u00ab geben, beispielsweise Hybridunterricht.<\/p>\n<p>Die Regierungschefs rufen die Menschen zudem vor Weihnachten zu einer m\u00f6glichst mehrt\u00e4gigen <strong>Selbstquarant\u00e4ne<\/strong> auf. \u00bbDies kann durch ggf. vorzuziehende Weihnachtsschulferien ab dem 19.12.2020 unterst\u00fctzt werden\u00ab, hei\u00dft es in dem Beschlussentwurf. Mit der Selbstquarant\u00e4ne solle die Gefahr von Corona-Infektionen im Umfeld der Feierlichkeiten so gering wie m\u00f6glich gehalten werden.<\/p>\n<p>Im Kampf gegen die hohen Infektionszahlen wollen die L\u00e4nder auch die Arbeitgeber um Unterst\u00fctzung bitten. Diese sollten pr\u00fcfen, ob die Betriebsst\u00e4tten entweder durch <strong>Betriebsferien<\/strong> oder gro\u00dfz\u00fcgige <strong>Homeoffice-L\u00f6sung<\/strong> vom 23. Dezember bis 1. Januar geschlossen werden k\u00f6nnten.<\/p>\n<p>Besonders hitzig wurde in den vergangenen Tagen die Debatte \u00fcber ein B\u00f6llerverbot an Silvester gef\u00fchrt. Die Ministerpr\u00e4sidenten sehen nun von einer harten L\u00f6sung ab. Auf belebten \u00f6ffentlichen Pl\u00e4tzen und Stra\u00dfen wollen sie <strong>Feuerwerk<\/strong> zwar untersagen, um gr\u00f6\u00dfere Gruppenbildungen zu vermeiden. \u00bbDie \u00f6rtlich zust\u00e4ndigen Beh\u00f6rden bestimmen die betroffenen Pl\u00e4tze und Stra\u00dfen\u00ab, hei\u00dft es in dem Papier. Grunds\u00e4tzlich gibt es aber nur die Empfehlung, zum Jahreswechsel auf Silvesterfeuerwerk zu verzichten. Ein Verkaufsverbot ist demnach aber nicht vorgesehen.<\/p>\n<p> Icon: Der Spiegel<\/p>\n","protected":false},"excerpt":{"rendered":"<p>Icon: vergr\u00f6\u00dfern Marktplatz mit Weihnachtsbaum in Leipzig Foto:\u2002Jan Woitas \/ dpa Am Mittwoch wollen sich die Regierungschefs der L\u00e4nder mit Kanzlerin Angela Merkel auf den weiteren Kurs in der Coronakrise<\/p>\n","protected":false},"author":1,"featured_media":4065,"comment_status":"open","ping_status":"open","sticky":false,"template":"","format":"standard","meta":{"footnotes":""},"categories":[1],"tags":[],"class_list":["post-4064","post","type-post","status-publish","format-standard","has-post-thumbnail","hentry","category-nachrichten"],"_links":{"self":[{"href":"https:\/\/onlinetranslators.de\/news\/wp-json\/wp\/v2\/posts\/4064","targetHints":{"allow":["GET"]}}],"collection":[{"href":"https:\/\/onlinetranslators.de\/news\/wp-json\/wp\/v2\/posts"}],"about":[{"href":"https:\/\/onlinetranslators.de\/news\/wp-json\/wp\/v2\/types\/post"}],"author":[{"embeddable":true,"href":"https:\/\/onlinetranslators.de\/news\/wp-json\/wp\/v2\/users\/1"}],"replies":[{"embeddable":true,"href":"https:\/\/onlinetranslators.de\/news\/wp-json\/wp\/v2\/comments?post=4064"}],"version-history":[{"count":0,"href":"https:\/\/onlinetranslators.de\/news\/wp-json\/wp\/v2\/posts\/4064\/revisions"}],"wp:featuredmedia":[{"embeddable":true,"href":"https:\/\/onlinetranslators.de\/news\/wp-json\/wp\/v2\/media\/4065"}],"wp:attachment":[{"href":"https:\/\/onlinetranslators.de\/news\/wp-json\/wp\/v2\/media?parent=4064"}],"wp:term":[{"taxonomy":"category","embeddable":true,"href":"https:\/\/onlinetranslators.de\/news\/wp-json\/wp\/v2\/categories?post=4064"},{"taxonomy":"post_tag","embeddable":true,"href":"https:\/\/onlinetranslators.de\/news\/wp-json\/wp\/v2\/tags?post=4064"}],"curies":[{"name":"wp","href":"https:\/\/api.w.org\/{rel}","templated":true}]}}