{"id":4059,"date":"2020-11-24T05:46:53","date_gmt":"2020-11-24T02:46:53","guid":{"rendered":"http:\/\/onlinetranslators.de\/news\/nachrichten\/janet-yellen-soll-unter-joe-biden-us-finanzministerin-werden\/"},"modified":"2020-11-24T05:46:53","modified_gmt":"2020-11-24T02:46:53","slug":"janet-yellen-soll-unter-joe-biden-us-finanzministerin-werden","status":"publish","type":"post","link":"https:\/\/onlinetranslators.de\/news\/nachrichten\/janet-yellen-soll-unter-joe-biden-us-finanzministerin-werden\/","title":{"rendered":"Janet Yellen soll unter Joe Biden US-Finanzministerin werden"},"content":{"rendered":"<figure>     <img decoding=\"async\" src=\"https:\/\/cdn.prod.www.spiegel.de\/images\/b840389c-0001-0004-0000-000000549168_w948_r1.77_fpx39.38_fpy46.99.jpg\" title=\"Janet Yellen: Fr\u00fcher Notenbankchefin, k\u00fcnftig wohl Finanzministerin der USA\" alt=\"Janet Yellen: Fr\u00fcher Notenbankchefin, k\u00fcnftig wohl Finanzministerin der USA\"\/>      Icon: vergr\u00f6\u00dfern<figcaption>\n<p class=\"caps\">Janet Yellen: Fr\u00fcher Notenbankchefin, k\u00fcnftig wohl Finanzministerin der USA<\/p>\n<p>  Foto:\u2002DPA  <\/figcaption><\/figure>\n<p>Der designierte US-Pr\u00e4sident Joe Biden will nach \u00fcbereinstimmenden Medienberichten die ehemalige US-Notenbankchefin Janet Yellen als Finanzministerin nominieren. Das berichten unter anderem das \u00bbWall Street Journal\u00ab und die Nachrichtenagentur AFP unter Berufung auf Insider. <\/p>\n<p>Biden stellt derzeit die Kandidatenliste f\u00fcr sein Kabinett zusammen. Erste Namen hat er bereits bekanntgegeben, nicht aber, wen er an die Spitze des Finanzressorts heben m\u00f6chte. Die 74-j\u00e4hrige Yellen w\u00e4re die erste Frau an der Spitze des US-Finanzministeriums. <\/p>\n<p>Neben Yellen galten zuletzt auch Fed-Direktorin Lael Brainard, der Chef der Notenbank von Atlanta, Raphael Bostic, und die ehemalige Fed-Direktorin Sarah Bloom Raskin als Anw\u00e4rter auf den Schl\u00fcsselposten. Bidens Auswahl muss noch vom Senat best\u00e4tigt werden.<\/p>\n<p>Zuvor war bereits bekannt geworden, dass Biden den erfahrenen Diplomaten Antony Blinken zum Au\u00dfenminister und den fr\u00fcheren Au\u00dfenminister John Kerry zu seinem Klima-Beauftragten machen will. Das teilte Bidens \u00dcbergangsteam mit. Die fr\u00fchere Vizechefin des Geheimdienstes CIA, Avril Haines, soll zudem als erste Frau der US-Geschichte Geheimdienstdirektorin werden, wie Bidens \u00dcbergangsteam mitteilte. Sie w\u00fcrde damit k\u00fcnftig die Arbeit aller US-Geheimdienste koordinieren.<\/p>\n<p>Mit Alejandro Mayorkas soll erstmals ein Latino das Heimatschutzministerium leiten, das unter anderem f\u00fcr Einwanderung zust\u00e4ndig ist. \u00bbAls ich noch sehr jung war, boten die Vereinigten Staaten meiner Familie und mir einen Zufluchtsort\u00ab, schrieb Mayorkas bei Twitter: \u00bbJetzt bin ich nominiert worden, um DHS-Sekret\u00e4r zu werden und den Schutz aller Amerikaner und derjenigen, die auf der Suche nach einem besseren Leben f\u00fcr sich und ihre Lieben vor Verfolgung fliehen, zu \u00fcberwachen.\u00ab<\/p>\n<p>Bidens \u00dcbergangsteam best\u00e4tigte am Montag zudem, dass der 43-j\u00e4hrige Jake Sullivan Bidens Nationaler Sicherheitsberater werden soll. Sullivan war bereits Bidens Sicherheitsberater in dessen Zeit als Vizepr\u00e4sident. <\/p>\n<p>Die Karrierediplomatin Linda Thomas-Greenfield wird demnach Botschafterin ihres Landes bei den Vereinten Nationen werden. \u00bbMeine Mutter lehrte mich, mit der Kraft der G\u00fcte und des Mitgef\u00fchls zu f\u00fchren, um die Welt zu einem besseren Ort zu machen\u00ab, twitterte Thomas-Greenfield: \u00bbIch habe diese Lektion w\u00e4hrend meiner gesamten Karriere im Ausw\u00e4rtigen Dienst mitgenommen \u2013 und werde, falls ich best\u00e4tigt werde, dasselbe als Botschafterin bei den Vereinten Nationen tun.\u00ab<\/p>\n<p>US-Medien hatten bereits \u00fcber die Personalien Blinken, Sullivan und Thomas-Greenfield berichtet.<\/p>\n<p>Eine \u00dcberraschung ist die Ernennung des fr\u00fcheren Chefdiplomaten John Kerry zum Klima-Sondergesandten. Der 76-J\u00e4hrige, der zwischen 2013 und 2017 unter Pr\u00e4sident Barack Obama US-Au\u00dfenminister war, wird in dieser Funktion dem Nationalen Sicherheitsrat angeh\u00f6ren.<\/p>\n<p>\u00bbDas ist das erste Mal, dass dem Nationalen Sicherheitsrat ein eigens f\u00fcr den Klimawandel zust\u00e4ndiger Vertreter angeh\u00f6ren wird\u00ab, erkl\u00e4rte Bidens \u00dcbergangsteam. Damit bringe der gew\u00e4hlte Pr\u00e4sident zum Ausdruck, dass die Erderw\u00e4rmung als \u00bbdringliches Thema der Nationalen Sicherheit\u00ab angesehen werde.<\/p>\n<p> Icon: Der Spiegel<\/p>\n","protected":false},"excerpt":{"rendered":"<p>Icon: vergr\u00f6\u00dfern Janet Yellen: Fr\u00fcher Notenbankchefin, k\u00fcnftig wohl Finanzministerin der USA Foto:\u2002DPA Der designierte US-Pr\u00e4sident Joe Biden will nach \u00fcbereinstimmenden Medienberichten die ehemalige US-Notenbankchefin Janet Yellen als Finanzministerin nominieren. Das<\/p>\n","protected":false},"author":1,"featured_media":4060,"comment_status":"open","ping_status":"open","sticky":false,"template":"","format":"standard","meta":{"footnotes":""},"categories":[1],"tags":[],"class_list":["post-4059","post","type-post","status-publish","format-standard","has-post-thumbnail","hentry","category-nachrichten"],"_links":{"self":[{"href":"https:\/\/onlinetranslators.de\/news\/wp-json\/wp\/v2\/posts\/4059","targetHints":{"allow":["GET"]}}],"collection":[{"href":"https:\/\/onlinetranslators.de\/news\/wp-json\/wp\/v2\/posts"}],"about":[{"href":"https:\/\/onlinetranslators.de\/news\/wp-json\/wp\/v2\/types\/post"}],"author":[{"embeddable":true,"href":"https:\/\/onlinetranslators.de\/news\/wp-json\/wp\/v2\/users\/1"}],"replies":[{"embeddable":true,"href":"https:\/\/onlinetranslators.de\/news\/wp-json\/wp\/v2\/comments?post=4059"}],"version-history":[{"count":0,"href":"https:\/\/onlinetranslators.de\/news\/wp-json\/wp\/v2\/posts\/4059\/revisions"}],"wp:featuredmedia":[{"embeddable":true,"href":"https:\/\/onlinetranslators.de\/news\/wp-json\/wp\/v2\/media\/4060"}],"wp:attachment":[{"href":"https:\/\/onlinetranslators.de\/news\/wp-json\/wp\/v2\/media?parent=4059"}],"wp:term":[{"taxonomy":"category","embeddable":true,"href":"https:\/\/onlinetranslators.de\/news\/wp-json\/wp\/v2\/categories?post=4059"},{"taxonomy":"post_tag","embeddable":true,"href":"https:\/\/onlinetranslators.de\/news\/wp-json\/wp\/v2\/tags?post=4059"}],"curies":[{"name":"wp","href":"https:\/\/api.w.org\/{rel}","templated":true}]}}