{"id":3949,"date":"2020-11-19T05:56:09","date_gmt":"2020-11-19T02:56:09","guid":{"rendered":"http:\/\/onlinetranslators.de\/news\/nachrichten\/corona-krise-usa-melden-mehr-als-250-000-tote-durch-covid-19\/"},"modified":"2020-11-19T05:56:09","modified_gmt":"2020-11-19T02:56:09","slug":"corona-krise-usa-melden-mehr-als-250-000-tote-durch-covid-19","status":"publish","type":"post","link":"https:\/\/onlinetranslators.de\/news\/nachrichten\/corona-krise-usa-melden-mehr-als-250-000-tote-durch-covid-19\/","title":{"rendered":"Corona-Krise: USA melden mehr als 250.000 Tote durch Covid-19"},"content":{"rendered":"<figure>     <img decoding=\"async\" src=\"https:\/\/cdn.prod.www.spiegel.de\/images\/89a3ac05-0ebd-4b11-b701-ac86dd1d8ce8_w948_r1.77_fpx16_fpy16.jpg\" title=\"Krankenhauspersonal in New York City (Archivbild): &quot;Das bewegt sich nicht in die richtige Richtung&quot;\" alt=\"Krankenhauspersonal in New York City (Archivbild): &quot;Das bewegt sich nicht in die richtige Richtung&quot;\"\/>      Icon: vergr\u00f6\u00dfern<figcaption>\n<p class=\"caps\">Krankenhauspersonal in New York City (Archivbild): &quot;Das bewegt sich nicht in die richtige Richtung&quot;<\/p>\n<p>  Foto:\u2002<\/p>\n<p>SPENCER PLATT\/ AFP<\/p>\n<\/figcaption><\/figure>\n<p>Zuletzt machten Meldungen \u00fcber erfolgreiche Tests von Impfstoffen Hoffnungen. Doch bis diese zugelassen und breit in der Bev\u00f6lkerung verteilt sind, wird es noch dauern. Gerade in der n\u00f6rdlichen Hemisph\u00e4re spitzt sich die Corona-Lage in der kalten Jahreszeit derzeit bedenklich zu. Das gilt auch und besonders f\u00fcr die USA. Dort sind seit Beginn der Pandemie mehr als eine Viertelmillion Menschen nach einer Infektion mit dem Virus gestorben.<\/p>\n<p>Das ging am Mittwochabend (Ortszeit) aus Daten der Universit\u00e4t Johns Hopkins in Baltimore hervor. In keinem anderen Land der Welt ist eine so hohe Zahl an Todesf\u00e4llen bekannt. Allein seit Ende September starben 50.000 Menschen.<\/p>\n<p>Die USA bef\u00e4nden sich an einem \u00bbgef\u00e4hrlichen Punkt\u00ab in der Pandemie, sagte Admiral Brett Giroir, der der Corona-Arbeitsgruppe im Wei\u00dfen Haus angeh\u00f6rt, am Mittwoch dem Sender MSNBC. \u00bbIm Moment verzeichnen wir den st\u00e4rksten Anstieg der Fallzahlen, unsere Krankenhausaufnahmen nehmen Woche f\u00fcr Woche um 25 Prozent zu, unsere Todesf\u00e4lle nehmen Woche f\u00fcr Woche um 25 Prozent zu \u2013 und das bewegt sich nicht in die richtige Richtung.\u00ab<\/p>\n<h3>T\u00e4glich sechsstellige neue Infektionszahlen<\/h3>\n<p>Es handele sich nicht um falschen Alarmismus, betonte der Gesundheitsbeamte. Die Steigerungsrate bei den F\u00e4llen sei zu keinem anderen Zeitpunkt in der Pandemie so schlimm gewesen. Die Neuinfektionen pro Tag bewegen sich in den USA auf sehr hohem Niveau. Seit Anfang November wurden t\u00e4glich mehr als 100.000 Neuinfektionen gemeldet, am Dienstag waren es rund 162.000.<\/p>\n<p>Die Vereinigten Staaten sind das Land mit den meisten nachgewiesenen Ansteckungen mit dem Erreger Sars-CoV-2. Auch ist die Opferzahl in dem Land mit rund 330 Millionen Einwohnern weltweit die bislang h\u00f6chste in absoluten Zahlen \u2013 gefolgt von Brasilien mit rund 166.700 Toten und Indien mit knapp 131.000.<\/p>\n<p>Relativ zur Einwohnerzahl ist die Zahl der Opfer unter anderem in Belgien, Spanien und Argentinien h\u00f6her als in den USA. In Belgien kommen laut Johns Hopkins 130 Tote auf 100.000 Einwohner, in Spanien 89, in Argentinien 81. In den USA waren es bislang 76 Menschen pro 100.000 Einwohner, vergleichbar mit Italien. In Deutschland hingegen waren pro 100.000 Einwohnern bislang 16 Tote zu beklagen.<\/p>\n<h3>Immer wieder Vorw\u00fcrfe gegen Trump<\/h3>\n<p>Die Webseite der Universit\u00e4t Johns Hopkins wird regelm\u00e4\u00dfig aktualisiert und zeigt daher meist einen h\u00f6heren Stand als die offiziellen Zahlen der US-Gesundheitsbeh\u00f6rde CDC. In manchen F\u00e4llen wurden die Zahlen der Universit\u00e4t nachtr\u00e4glich korrigiert. Die CDC gab die Zahl der Toten am Mittwochabend (Ortszeit) mit rund 248.000 an. Der Erreger Sars-CoV-2 kann die Erkrankung Covid-19 ausl\u00f6sen, die vor allem f\u00fcr \u00e4ltere oder immungeschw\u00e4chte Menschen lebensgef\u00e4hrlich sein kann.<\/p>\n<p>Kritiker werfen dem amtierenden US-Pr\u00e4sidenten Donald Trump schwere Vers\u00e4umnisse in der Pandemie vor. Zuletzt \u00e4u\u00dferte sich Trump vor allem mit Blick auf die Fortschritte bei der Entwicklung von Impfstoffen, nicht aber zu den dramatisch steigenden Fallzahlen. Der gew\u00e4hlte Pr\u00e4sident Joe Biden forderte Sofortma\u00dfnahmen von Trumps Regierung. Er will den Kampf gegen die Pandemie zur Priorit\u00e4t machen, sobald er ins Wei\u00dfe Haus eingezogen ist. Die Amtseinf\u00fchrung ist f\u00fcr den 20. Januar geplant.<\/p>\n<p> Icon: Der Spiegel<\/p>\n","protected":false},"excerpt":{"rendered":"<p>Icon: vergr\u00f6\u00dfern Krankenhauspersonal in New York City (Archivbild): &quot;Das bewegt sich nicht in die richtige Richtung&quot; Foto:\u2002 SPENCER PLATT\/ AFP Zuletzt machten Meldungen \u00fcber erfolgreiche Tests von Impfstoffen Hoffnungen. Doch<\/p>\n","protected":false},"author":1,"featured_media":3950,"comment_status":"open","ping_status":"open","sticky":false,"template":"","format":"standard","meta":{"footnotes":""},"categories":[1],"tags":[],"class_list":["post-3949","post","type-post","status-publish","format-standard","has-post-thumbnail","hentry","category-nachrichten"],"_links":{"self":[{"href":"https:\/\/onlinetranslators.de\/news\/wp-json\/wp\/v2\/posts\/3949","targetHints":{"allow":["GET"]}}],"collection":[{"href":"https:\/\/onlinetranslators.de\/news\/wp-json\/wp\/v2\/posts"}],"about":[{"href":"https:\/\/onlinetranslators.de\/news\/wp-json\/wp\/v2\/types\/post"}],"author":[{"embeddable":true,"href":"https:\/\/onlinetranslators.de\/news\/wp-json\/wp\/v2\/users\/1"}],"replies":[{"embeddable":true,"href":"https:\/\/onlinetranslators.de\/news\/wp-json\/wp\/v2\/comments?post=3949"}],"version-history":[{"count":0,"href":"https:\/\/onlinetranslators.de\/news\/wp-json\/wp\/v2\/posts\/3949\/revisions"}],"wp:featuredmedia":[{"embeddable":true,"href":"https:\/\/onlinetranslators.de\/news\/wp-json\/wp\/v2\/media\/3950"}],"wp:attachment":[{"href":"https:\/\/onlinetranslators.de\/news\/wp-json\/wp\/v2\/media?parent=3949"}],"wp:term":[{"taxonomy":"category","embeddable":true,"href":"https:\/\/onlinetranslators.de\/news\/wp-json\/wp\/v2\/categories?post=3949"},{"taxonomy":"post_tag","embeddable":true,"href":"https:\/\/onlinetranslators.de\/news\/wp-json\/wp\/v2\/tags?post=3949"}],"curies":[{"name":"wp","href":"https:\/\/api.w.org\/{rel}","templated":true}]}}