{"id":3945,"date":"2020-11-19T01:47:30","date_gmt":"2020-11-18T22:47:30","guid":{"rendered":"http:\/\/onlinetranslators.de\/news\/nachrichten\/schweden-die-gescheiterte-corona-strategie\/"},"modified":"2020-11-19T01:47:30","modified_gmt":"2020-11-18T22:47:30","slug":"schweden-die-gescheiterte-corona-strategie","status":"publish","type":"post","link":"https:\/\/onlinetranslators.de\/news\/nachrichten\/schweden-die-gescheiterte-corona-strategie\/","title":{"rendered":"Schweden: Die gescheiterte Corona-Strategie"},"content":{"rendered":"<figure>     <img decoding=\"async\" src=\"https:\/\/cdn.prod.www.spiegel.de\/images\/a57093ba-bef6-4a2e-91b6-a079e2a47d0b_w948_r1.77_fpx33.34_fpy50.jpg\" title=\"Schwedische Gesundheitsministerin Lena Hallengren, Ministerpr\u00e4sident Stefan L\u00f6fven\" alt=\"Schwedische Gesundheitsministerin Lena Hallengren, Ministerpr\u00e4sident Stefan L\u00f6fven\"\/>      Icon: vergr\u00f6\u00dfern<figcaption>\n<p class=\"caps\">Schwedische Gesundheitsministerin Lena Hallengren, Ministerpr\u00e4sident Stefan L\u00f6fven<\/p>\n<p>  Foto:\u2002Henrik Montgomery \/ dpa  <\/figcaption><\/figure>\n<p>Noch im vorigen Monat schien es f\u00fcr Schweden gut zu laufen. \u00bbSweden was right\u00ab, Schweden hatte recht, twitterte der Hightech-Milliard\u00e4r Elon Musk, der Gr\u00fcnder von Tesla und SpaceX. An seine kurze Botschaft h\u00e4ngte Musk eine Grafik mit den schwedischen Corona-Todeszahlen: Nach extremen Ausschl\u00e4gen im Fr\u00fchjahr bewegte sich die Kurve nun knapp oberhalb der Nulllinie.<\/p>\n<p>Wie Musk dachten viele, dass sich der Sonderweg des skandinavischen Landes in diesem Herbst auszahlen m\u00fcsse. Angef\u00fchrt von ihrem Staatsepidemiologen Anders Tegnell hatten die Schweden zum gr\u00f6\u00dften Teil darauf vertraut, dass sie die Pandemie mit nur wenigen Einschr\u00e4nkungen bew\u00e4ltigen k\u00f6nnten \u2013 gemeinschaftliche Vernunft anstelle von Zwang und Lockdown.<\/p>\n<p>Die liberale Strategie wurde weltweit staunend beobachtet und von einigen gefeiert. Auf Kundgebungen gegen die deutsche Corona-Politik ist die blau-gelbe Schwedenflagge ein beliebtes Accessoire. Dass die Todesrate durch Covid-19 im Fr\u00fchjahr um ein Vielfaches h\u00f6her gestiegen war als in den nordischen Nachbarl\u00e4ndern und Deutschland, \u00e4nderte nichts an den Erwartungen, die das schwedische Modell geweckt hatte.<\/p>\n","protected":false},"excerpt":{"rendered":"<p>Icon: vergr\u00f6\u00dfern Schwedische Gesundheitsministerin Lena Hallengren, Ministerpr\u00e4sident Stefan L\u00f6fven Foto:\u2002Henrik Montgomery \/ dpa Noch im vorigen Monat schien es f\u00fcr Schweden gut zu laufen. \u00bbSweden was right\u00ab, Schweden hatte recht,<\/p>\n","protected":false},"author":1,"featured_media":3946,"comment_status":"open","ping_status":"open","sticky":false,"template":"","format":"standard","meta":{"footnotes":""},"categories":[1],"tags":[],"class_list":["post-3945","post","type-post","status-publish","format-standard","has-post-thumbnail","hentry","category-nachrichten"],"_links":{"self":[{"href":"https:\/\/onlinetranslators.de\/news\/wp-json\/wp\/v2\/posts\/3945","targetHints":{"allow":["GET"]}}],"collection":[{"href":"https:\/\/onlinetranslators.de\/news\/wp-json\/wp\/v2\/posts"}],"about":[{"href":"https:\/\/onlinetranslators.de\/news\/wp-json\/wp\/v2\/types\/post"}],"author":[{"embeddable":true,"href":"https:\/\/onlinetranslators.de\/news\/wp-json\/wp\/v2\/users\/1"}],"replies":[{"embeddable":true,"href":"https:\/\/onlinetranslators.de\/news\/wp-json\/wp\/v2\/comments?post=3945"}],"version-history":[{"count":0,"href":"https:\/\/onlinetranslators.de\/news\/wp-json\/wp\/v2\/posts\/3945\/revisions"}],"wp:featuredmedia":[{"embeddable":true,"href":"https:\/\/onlinetranslators.de\/news\/wp-json\/wp\/v2\/media\/3946"}],"wp:attachment":[{"href":"https:\/\/onlinetranslators.de\/news\/wp-json\/wp\/v2\/media?parent=3945"}],"wp:term":[{"taxonomy":"category","embeddable":true,"href":"https:\/\/onlinetranslators.de\/news\/wp-json\/wp\/v2\/categories?post=3945"},{"taxonomy":"post_tag","embeddable":true,"href":"https:\/\/onlinetranslators.de\/news\/wp-json\/wp\/v2\/tags?post=3945"}],"curies":[{"name":"wp","href":"https:\/\/api.w.org\/{rel}","templated":true}]}}