{"id":3888,"date":"2020-11-16T13:38:39","date_gmt":"2020-11-16T10:38:39","guid":{"rendered":"http:\/\/onlinetranslators.de\/news\/nachrichten\/osterreichs-kanzler-sebastian-kurz-halt-europa-auf-trab-der-storenfried\/"},"modified":"2020-11-16T13:38:39","modified_gmt":"2020-11-16T10:38:39","slug":"osterreichs-kanzler-sebastian-kurz-halt-europa-auf-trab-der-storenfried","status":"publish","type":"post","link":"https:\/\/onlinetranslators.de\/news\/nachrichten\/osterreichs-kanzler-sebastian-kurz-halt-europa-auf-trab-der-storenfried\/","title":{"rendered":"\u00d6sterreichs Kanzler Sebastian Kurz h\u00e4lt Europa auf Trab: Der St\u00f6renfried"},"content":{"rendered":"<figure>     <img decoding=\"async\" src=\"https:\/\/cdn.prod.www.spiegel.de\/images\/6780906a-1646-4f64-b61a-7802005601ab_w948_r1.77_fpx33_fpy43.jpg\" title=\"Kanzler Kurz: \u00bbDas ist doch absurd\u00ab\" alt=\"Kanzler Kurz: \u00bbDas ist doch absurd\u00ab\"\/>      Icon: vergr\u00f6\u00dfern<figcaption>\n<p class=\"caps\">Kanzler Kurz: \u00bbDas ist doch absurd\u00ab<\/p>\n<p>  Foto:\u2002<\/p>\n<p>Philipp Horak \/ Anzenberger<\/p>\n<\/figcaption><\/figure>\n<p>Bevor sich Sebastian Kurz zu Europa \u00e4u\u00dfert, l\u00e4sst er im Kanzleramt ordentlich auftischen: K\u00fcrbiscremesuppe mit Kern\u00f6l, Kalbsschnitzel, Backhendl. Erst als das Personal durch Fl\u00fcgelt\u00fcren entschwunden ist, erkl\u00e4rt er entspannt: \u00bbDie Behauptung, dass \u00d6sterreich in Europa neuerdings \u00fcber der eigenen Gewichtsklasse boxt, verstehe ich ausschlie\u00dflich als Kompliment.\u00ab<\/p>\n<p>Das Gespr\u00e4ch findet kurz vor dem Terroranschlag in Wien statt, bei dem im Namen des \u00bbIslamischen Staats\u00ab an Allerseelen vier Menschen get\u00f6tet wurden. Seither hat Kurz innerhalb der EU viel Solidarit\u00e4t erfahren, Frankreichs Pr\u00e4sident Emmanuel Macron sagte nach einem Treffen mit ihm, die EU-Au\u00dfengrenzen m\u00fcssten \u00bbbesser verteidigt\u00ab werden \u2013 es gehe nicht an, dass Fl\u00fcchtlinge das Asylrecht missbrauchten.<\/p>\n<p>Der Eindruck der Monate davor war ein ganz anderer: dass \u00d6sterreichs Regierungschef im vereinten Europa vor allem Unfrieden stiftet. Daran hat sich \u2013 trotz eines demonstrativen Ellenbogenschlags am Dienstag mit Macron \u2013 auch mit dem Anschlag nichts ge\u00e4ndert.<\/p>\n","protected":false},"excerpt":{"rendered":"<p>Icon: vergr\u00f6\u00dfern Kanzler Kurz: \u00bbDas ist doch absurd\u00ab Foto:\u2002 Philipp Horak \/ Anzenberger Bevor sich Sebastian Kurz zu Europa \u00e4u\u00dfert, l\u00e4sst er im Kanzleramt ordentlich auftischen: K\u00fcrbiscremesuppe mit Kern\u00f6l, Kalbsschnitzel,<\/p>\n","protected":false},"author":1,"featured_media":3889,"comment_status":"open","ping_status":"open","sticky":false,"template":"","format":"standard","meta":{"footnotes":""},"categories":[1],"tags":[],"class_list":["post-3888","post","type-post","status-publish","format-standard","has-post-thumbnail","hentry","category-nachrichten"],"_links":{"self":[{"href":"https:\/\/onlinetranslators.de\/news\/wp-json\/wp\/v2\/posts\/3888","targetHints":{"allow":["GET"]}}],"collection":[{"href":"https:\/\/onlinetranslators.de\/news\/wp-json\/wp\/v2\/posts"}],"about":[{"href":"https:\/\/onlinetranslators.de\/news\/wp-json\/wp\/v2\/types\/post"}],"author":[{"embeddable":true,"href":"https:\/\/onlinetranslators.de\/news\/wp-json\/wp\/v2\/users\/1"}],"replies":[{"embeddable":true,"href":"https:\/\/onlinetranslators.de\/news\/wp-json\/wp\/v2\/comments?post=3888"}],"version-history":[{"count":0,"href":"https:\/\/onlinetranslators.de\/news\/wp-json\/wp\/v2\/posts\/3888\/revisions"}],"wp:featuredmedia":[{"embeddable":true,"href":"https:\/\/onlinetranslators.de\/news\/wp-json\/wp\/v2\/media\/3889"}],"wp:attachment":[{"href":"https:\/\/onlinetranslators.de\/news\/wp-json\/wp\/v2\/media?parent=3888"}],"wp:term":[{"taxonomy":"category","embeddable":true,"href":"https:\/\/onlinetranslators.de\/news\/wp-json\/wp\/v2\/categories?post=3888"},{"taxonomy":"post_tag","embeddable":true,"href":"https:\/\/onlinetranslators.de\/news\/wp-json\/wp\/v2\/tags?post=3888"}],"curies":[{"name":"wp","href":"https:\/\/api.w.org\/{rel}","templated":true}]}}