{"id":3491,"date":"2020-10-28T17:29:22","date_gmt":"2020-10-28T14:29:22","guid":{"rendered":"http:\/\/onlinetranslators.de\/news\/nachrichten\/corona-gipfel-kontaktbeschrankungen-sollen-am-2-november-starten\/"},"modified":"2020-10-28T17:29:22","modified_gmt":"2020-10-28T14:29:22","slug":"corona-gipfel-kontaktbeschrankungen-sollen-am-2-november-starten","status":"publish","type":"post","link":"https:\/\/onlinetranslators.de\/news\/nachrichten\/corona-gipfel-kontaktbeschrankungen-sollen-am-2-november-starten\/","title":{"rendered":"Corona-Gipfel: Kontaktbeschr\u00e4nkungen sollen am 2. November starten"},"content":{"rendered":"<figure>     <img decoding=\"async\" src=\"https:\/\/cdn.prod.www.spiegel.de\/images\/bc7de930-7aa5-4d93-b7bb-ef24ead5b94a_w948_r1.77_fpx43.32_fpy54.98.jpg\" title=\"Kanzlerin Merkel mit Berlins Regierendem B\u00fcrgermeister Michael M\u00fcller und Bayerns Ministerpr\u00e4sident Markus S\u00f6der (Archivfoto vom 14. Oktober)\" alt=\"Kanzlerin Merkel mit Berlins Regierendem B\u00fcrgermeister Michael M\u00fcller und Bayerns Ministerpr\u00e4sident Markus S\u00f6der (Archivfoto vom 14. Oktober)\"\/>      Icon: vergr\u00f6\u00dfern<figcaption>\n<p class=\"caps\">Kanzlerin Merkel mit Berlins Regierendem B\u00fcrgermeister Michael M\u00fcller und Bayerns Ministerpr\u00e4sident Markus S\u00f6der (Archivfoto vom 14. Oktober)<\/p>\n<p>  Foto:\u2002Stefanie Loos \/ picture alliance\/dpa  <\/figcaption><\/figure>\n<p>Bund und L\u00e4nder wollen die drastisch steigenden Corona-Infektionszahlen mit massiven Kontaktbeschr\u00e4nkungen \u00fcber den November hinweg in den Griff bekommen. Deutschlandweit sollen die Ma\u00dfnahmen nach SPIEGEL-Informationen bereits vom 2. November an und nicht wie urspr\u00fcnglich in der Beschlussvorlage des Bundes vorgesehen vom 4. November an in Kraft treten. Seit Mittag ber\u00e4t Kanzlerin Angela Merkel mit den Ministerpr\u00e4sidenten \u00fcber h\u00e4rtere Ma\u00dfnahmen in der Coronakrise.<\/p>\n<p>Merkel rechnete nach Informationen des SPIEGEL vor, wenn es keine Reduzierung der Kontakte gebe, sei man binnen einer Woche bei 28.000 Infektionen pro Tag, was eine Verdoppelung des jetzigen Wertes w\u00e4re<\/p>\n<h3>Drosten und S\u00f6der f\u00fcr sch\u00e4rfere Ma\u00dfnahmen<\/h3>\n<p>Nordrhein-Westfalens Ministerpr\u00e4sident Armin Laschet (CDU) hatte zuvor angesichts steigender Neuinfektionszahlen vom November als &quot;Monat der Entscheidung&quot; gesprochen. Bayerns Ministerpr\u00e4sident Markus S\u00f6der (CSU) pl\u00e4dierte schon vor der Konferenz f\u00fcr sch\u00e4rfere Corona-Ma\u00dfnahmen: &quot;Lieber gleich und richtig als sp\u00e4t und halbherzig&quot;, sagte S\u00f6der.<\/p>\n<p>Auch der Virologe Christian Drosten argumentierte f\u00fcr einen zeitlich begrenzten Lockdown. &quot;Wenn die Belastung zu gro\u00df wird, dann muss man eine Pause einlegen&quot;, sagte der Charit\u00e9-Wissenschaftler in der am Dienstagabend ver\u00f6ffentlichten Folge des &quot;Coronavirus-Update&quot; von NDR-Info.<\/p>\n<p>Momentan sei die Inzidenz in Deutschland noch vergleichsweise niedrig. &quot;Wenn wir jetzt einmal auf die Bremse treten w\u00fcrden, dann h\u00e4tte das einen ganz nachhaltigen Effekt. Das w\u00fcrde uns ganz viel Zeit einspielen.&quot; Etwa drei Wochen &#8211; etwas mehr als eine Quarant\u00e4nezeit brauche man aus Sicht des Wissenschaftlers daf\u00fcr. &quot;Die Inzidenz ist danach erheblich gesenkt und ist dann auch unter bestimmten Umst\u00e4nden auf lange Frist gesenkt.&quot;<\/p>\n<h3>Fast 15.000 Neuinfektionen in Deutschland<\/h3>\n<p>Die Gesundheits\u00e4mter meldeten am Mittwochmorgen 14.964 Corona-Neuinfektionen binnen eines Tages &#8211; ein Rekord seit Beginn der Pandemie. Vor einer Woche hatte die Zahl noch bei 7595 gelegen. Mit den Werten aus dem Fr\u00fchjahr sind die aktuellen allerdings nur bedingt vergleichbar, da inzwischen deutlich mehr getestet wird und dadurch auch mehr Infektionen entdeckt werden.<\/p>\n<p> Icon: Der Spiegel<\/p>\n","protected":false},"excerpt":{"rendered":"<p>Icon: vergr\u00f6\u00dfern Kanzlerin Merkel mit Berlins Regierendem B\u00fcrgermeister Michael M\u00fcller und Bayerns Ministerpr\u00e4sident Markus S\u00f6der (Archivfoto vom 14. Oktober) Foto:\u2002Stefanie Loos \/ picture alliance\/dpa Bund und L\u00e4nder wollen die drastisch<\/p>\n","protected":false},"author":1,"featured_media":3492,"comment_status":"open","ping_status":"open","sticky":false,"template":"","format":"standard","meta":{"footnotes":""},"categories":[1],"tags":[],"class_list":["post-3491","post","type-post","status-publish","format-standard","has-post-thumbnail","hentry","category-nachrichten"],"_links":{"self":[{"href":"https:\/\/onlinetranslators.de\/news\/wp-json\/wp\/v2\/posts\/3491","targetHints":{"allow":["GET"]}}],"collection":[{"href":"https:\/\/onlinetranslators.de\/news\/wp-json\/wp\/v2\/posts"}],"about":[{"href":"https:\/\/onlinetranslators.de\/news\/wp-json\/wp\/v2\/types\/post"}],"author":[{"embeddable":true,"href":"https:\/\/onlinetranslators.de\/news\/wp-json\/wp\/v2\/users\/1"}],"replies":[{"embeddable":true,"href":"https:\/\/onlinetranslators.de\/news\/wp-json\/wp\/v2\/comments?post=3491"}],"version-history":[{"count":0,"href":"https:\/\/onlinetranslators.de\/news\/wp-json\/wp\/v2\/posts\/3491\/revisions"}],"wp:featuredmedia":[{"embeddable":true,"href":"https:\/\/onlinetranslators.de\/news\/wp-json\/wp\/v2\/media\/3492"}],"wp:attachment":[{"href":"https:\/\/onlinetranslators.de\/news\/wp-json\/wp\/v2\/media?parent=3491"}],"wp:term":[{"taxonomy":"category","embeddable":true,"href":"https:\/\/onlinetranslators.de\/news\/wp-json\/wp\/v2\/categories?post=3491"},{"taxonomy":"post_tag","embeddable":true,"href":"https:\/\/onlinetranslators.de\/news\/wp-json\/wp\/v2\/tags?post=3491"}],"curies":[{"name":"wp","href":"https:\/\/api.w.org\/{rel}","templated":true}]}}