{"id":31977,"date":"2026-05-03T13:09:40","date_gmt":"2026-05-03T10:09:40","guid":{"rendered":"https:\/\/onlinetranslators.de\/news\/nachrichten\/krise-der-genervten-die-koalition-ist-genau-da-wo-sie-nie-hinwollte\/"},"modified":"2026-05-03T13:09:40","modified_gmt":"2026-05-03T10:09:40","slug":"krise-der-genervten-die-koalition-ist-genau-da-wo-sie-nie-hinwollte","status":"publish","type":"post","link":"https:\/\/onlinetranslators.de\/news\/nachrichten\/krise-der-genervten-die-koalition-ist-genau-da-wo-sie-nie-hinwollte\/","title":{"rendered":"Krise der Genervten: Die Koalition ist genau da, wo sie nie hinwollte"},"content":{"rendered":"<p class=\"caps\">Politik<\/p>\n<h2>Krise der GenervtenDie Koalition ist genau da, wo sie nie hinwollte<\/h2>\n<p>03.05.2026, 07:58 Uhr <a href=\"https:\/\/www.n-tv.de\/autoren\/Volker-Petersen-article14511836.html\" rel=\"noreferrer\" target=\"_blank\"><img decoding=\"async\" src=\"https:\/\/www.n-tv.de\/img\/2603106\/1756473407\/Img_1_1\/36\/RTL01231-1.webp\" alt=\"RTL01231-1\"\/>Von Volker Petersen<\/a>Artikel anh\u00f6ren(07:32 min)<audio src=\"https:\/\/mp3.n-tv.de\/2026\/05\/TTSART_30764724_20260503075829-radleg2.mp3\"><\/audio>00:00 \/ 07:32<\/p>\n<ul>\n<li>0.5x<\/li>\n<li>0.8x<\/li>\n<li>1.0x<\/li>\n<li>1.2x<\/li>\n<li>1.5x<\/li>\n<li>2.0x<\/li>\n<\/ul>\n<figure><img decoding=\"async\" src=\"https:\/\/www.n-tv.de\/img\/30764714\/1777795020\/Img_16_9\/1024\/Markus-Soeder-Friedrich-Merz-Baerbel-Bas-und-Lars-Klingbeil-bei-einem-Pressestatment-zu-den-Beschluessen-nach-den-Gespraechen-der-Koalition-zur-Entlastung-der-Buerger-und-Unternehmer-im-Kanzleramt-Berlin-13-04.webp\" alt=\"Markus-Soeder-Friedrich-Merz-Baerbel-Bas-und-Lars-Klingbeil-bei-einem-Pressestatment-zu-den-Beschluessen-nach-den-Gespraechen-der-Koalition-zur-Entlastung-der-Buerger-und-Unternehmer-im-Kanzleramt-Berlin-13-04\"\/><figcaption>Markus S\u00f6der, Friedrich Merz, B\u00e4rbel Bas und Lars Klingbeil f\u00fchren die schwarz-rote Koalition. Ein Jahr nach Amtsantritt steckt sie in ihrer schwersten Krise. (Foto: picture alliance \/ Geisler-Fotopress)<\/figcaption><\/figure>\n<p>Nach 365 Tagen im Amt ist die Bilanz von Kanzler Merz durchwachsen. Seine Regierung steckt in der Krise. Das hat er teilweise selbst zu verantworten. Aber wenn es einen Problemfaktor nicht g\u00e4be, s\u00e4he die Welt sehr anders aus. <\/p>\n<p>Ein Jahr nach Beginn seiner Amtszeit steckt Bundeskanzler Friedrich Merz in der Krise. Mehr als 80 Prozent der Deutschen sind unzufrieden mit seiner Arbeit. Die AfD ist im Trendbarometer von RTL und ntv st\u00e4rkste Kraft. Am Dienstag vergangener Woche dann der Schock: Die Unionsparteien stehen nur noch bei 22 Prozent, die AfD dagegen bei 27. Eine Koalition mit der SPD h\u00e4tte Stand heute keine eigene Mehrheit mehr. <\/p>\n<p>Die versprochenen gro\u00dfen Reformen sind gr\u00f6\u00dftenteils noch in der Ank\u00fcndigungsphase. Bei der gesetzlichen Krankenversicherung gibt es immerhin einen Kabinettsbeschluss. Aber der Bundestag hat noch nichts entschieden. 15 Milliarden Euro m\u00fcssen aufgetrieben werden. <\/p>\n<p><a href=\"https:\/\/www.n-tv.de\/mediathek\/videos\/politik\/AfD-mit-Abstand-vorn-Union-rauscht-auf-22-Prozent-ab-id30763362.html\" rel=\"noreferrer\" target=\"_blank\"><img decoding=\"async\" src=\"https:\/\/www.n-tv.de\/logo_grey.svg\" alt=\"Trend2804\"\/>RTL\/ntv-TrendbarometerAfD mit Abstand vorn &#8211; Union rauscht auf 22 Prozent ab<\/a><\/p>\n<p>Bisher hatten die wichtigsten Projekte der Regierung Merz mit Geldausgeben zu tun. Die Lockerung der Schuldenbremse f\u00fcr Verteidigung und 500 Milliarden Euro neue Schulden f\u00fcr Infrastruktur und Klimaschutz waren zwar spektakul\u00e4r, aber eben keine Sparanstrengungen. Das gilt erst recht f\u00fcr die Rentenpolitik. Im Dezember wurde die Haltelinie f\u00fcr das Rentenniveau verl\u00e4ngert, nach monatelangem Streit. <\/p>\n<h2>Das gr\u00f6\u00dfte Problem hei\u00dft Trump<\/h2>\n<p>Auch im Auftreten ist die Koalition in einen Morast aus Streit, Genervtheit und Missgunst geraten. Bestes Beispiel daf\u00fcr war der &quot;Spiegel&quot;-Bericht, laut dem Merz seinen Vizekanzler und SPD-Chef Lars Klingbeil auf einer Klausur angeschrien haben soll. Es mehren sich die Vergleiche mit der unbeliebten Ampelkoalition. Kurzum: Ein Jahr nach ihrem Beginn ist die Koalition an einem Punkt, an dem sie nie sein wollte. <\/p>\n<p>Richtig ist aber auch, dass Merz und seine Regierung es verdammt schwer haben. Sein gr\u00f6\u00dftes Problem hei\u00dft: Donald Trump. Der US-Pr\u00e4sident hat mehrere Probleme erschaffen, die es ohne ihn nicht g\u00e4be und die auch nicht im Interesse seines eigenen Landes liegen.<\/p>\n<p><a href=\"https:\/\/www.n-tv.de\/politik\/Reiche-macht-s-offiziell-Deutschland-bleibt-in-der-Krise-id30743955.html\" rel=\"noreferrer\" target=\"_blank\"><img decoding=\"async\" src=\"https:\/\/www.n-tv.de\/logo_grey.svg\" alt=\"Katherina-Reiche-Bundesministerin-fuer-Wirtschaft-und-Energie-CDU-PK-zu-Vorstellung-der-Fruehjahrsprojektion-2026-der-Bundesregierung-Berlin-22-04\"\/>Krieg w\u00fcrgt Mini-Aufschwung abReiche macht&#039;s offiziell: Deutschland bleibt in der Krise <\/a><\/p>\n<p>Die Z\u00f6lle treffen die deutsche Wirtschaft schwer, l\u00f6sen in den USA aber keinen Investitionsboom aus. <\/p>\n<p>Das Verlangen, Gr\u00f6nland zu annektieren, drohte die Nato zu zerrei\u00dfen, war aber f\u00fcr die Sicherheit der Vereinigten Staaten nicht erforderlich. <\/p>\n<p>Der Iran-Krieg, der unn\u00f6tigste Krieg seit dem Irak-Krieg vor 20 Jahren, l\u00f6ste eine Energiekrise aus, ohne f\u00fcr zus\u00e4tzliche Sicherheit zu sorgen. Der Iran verf\u00fcgt weiter \u00fcber angereichertes Uran.<\/p>\n<p>Auch in der Ukraine s\u00e4he die Welt anders aus, wenn die USA das Land weiter st\u00e4rker unterst\u00fctzen w\u00fcrden und sich nicht immer wieder russische Maximalforderungen zu eigen machen w\u00fcrden. <\/p>\n<p><a href=\"https:\/\/www.n-tv.de\/politik\/Drei-Gruende-warum-Merz-so-unbeliebt-ist-id30712503.html\" rel=\"noreferrer\" target=\"_blank\"><img decoding=\"async\" src=\"https:\/\/www.n-tv.de\/logo_grey.svg\" alt=\"Pressestatement-zu-den-Ergebnissen-des-Koalitionsausschusses-mit-dem-Parteivorsitzenden-der-CSU-Dr-Markus-Sv-der-MdL-Bundeskanzler-Friedrich-Merz-CDU-Bundesministerin-fvor-Arbeit-und-Soziales-und-Parteivorsitzenden-der-SPD-Bv-rbel-Bas-und-Lars-Klingbeil-SPD-Bundesfinanzminister-am-13-04-2026-im-Kanzleramt-in-Berlin-Bundeskanzler-Friedrich-Merz-CDU-spricht-zu-den-Anwesenden\"\/>RTL\/ntv TrendbarometerDrei Gr\u00fcnde, warum Merz so unbeliebt ist<\/a><\/p>\n<p>Dass Schwarz-Rot fast schon am Abgrund steht, h\u00e4ngt auch mit all diesen Punkten zusammen. Zu der immensen Schuldenaufnahme zu Beginn seiner Amtszeit erkl\u00e4rte sich Merz auch bereit, weil er f\u00fcrchten musste, Trump k\u00f6nne aus der Nato austreten. Hier liegt einer der Knackpunkte f\u00fcr Merz\u2018 Unbeliebtheit. Bis heute tragen ihm das viele W\u00e4hler nach. Im Wahlkampf hatte er eine Lockerung der Schuldenbremse noch weitestgehend ausgeschlossen.<\/p>\n<h2>Unerm\u00fcdlicher Einsatz f\u00fcr Ukraine<\/h2>\n<p>Fast schon tragisch ist, dass Merz\u2018 gr\u00f6\u00dfter au\u00dfenpolitischer Erfolg in sich zusammengefallen ist. Ihm gelang es, eine belastbare Beziehung zu Trump aufzubauen. Damit verhinderte er in Sachen Ukraine und Nato Schlimmeres. Aber im Iran-Krieg hat Trump derart unannehmbare Forderungen gestellt, dass ein vorl\u00e4ufiger Bruch unvermeidlich wurde. Nat\u00fcrlich war es dennoch richtig, dass Merz Trump nicht die Bundeswehr in sein Iran-Abenteuer hinterhergeschickt hat. <\/p>\n<p><a href=\"https:\/\/www.n-tv.de\/politik\/Beim-Sozialfluegel-der-CDU-wird-Merz-nur-gesiezt-id30755544.html\" rel=\"noreferrer\" target=\"_blank\"><img decoding=\"async\" src=\"https:\/\/www.n-tv.de\/logo_grey.svg\" alt=\"Bundeskanzler-Friedrich-Merz-r-CDU-hat-als-Dank-fuer-seinen-Besuch-von-Dennis-Radtke-CDU-CDA-Bundesvorsitzender-ein-Geschenk-bekommen\"\/>Kritik f\u00fcr Kanzler bei CDABeim Sozialfl\u00fcgel der CDU wird Merz nur gesiezt <\/a><\/p>\n<p>Auf der Haben-Seite steht auch Merz\u2018 unerm\u00fcdlicher Einsatz f\u00fcr die Ukraine. Auf seine Initiative hin ist der 90-Milliarden-Euro-Kredit der EU f\u00fcr die Ukraine zustande gekommen, der dem Land die finanzielle Luft gibt, seinen Abwehrkampf gegen Russland weiterzuf\u00fchren. <\/p>\n<p>Doch Merz und seine Minister tun sich schwer, Erfolge auch zu verkaufen. Der R\u00fcckgang der Asylantr\u00e4ge l\u00f6st keine Jubelst\u00fcrme aus. Die Entlastungsma\u00dfnahmen wie die Turboabschreibungen f\u00fcr Unternehmen und die geplante Senkung der K\u00f6rperschaftssteuer m\u00fcssen ihre Wirkung erst noch entfalten und d\u00fcrften bestenfalls als Puffer wirken, nicht als Kickstart f\u00fcr einen Aufschwung. \u00c4hnlich ist es bei der Abschaffung von Heizungsgesetz und B\u00fcrgergeld. Erst recht keine Begeisterung l\u00f6sen Reformen wie die Einf\u00fchrung eines neuen Wehrdienstes aus. Notwendig ist dieser trotzdem.<\/p>\n<h2>Handwerkliche Schw\u00e4chen<\/h2>\n<p>Aber dann sind da immer wieder handwerkliche Schw\u00e4chen. Wie bei der abgesagten Wahl der Juristin Frauke Brosius-Gersdorf ans Bundesverfassungsgericht. Von der fehlenden Mehrheit waren Merz und sein Team \u00fcberrumpelt. Oder beim Streit um die Rente: Merz war mal f\u00fcr, mal gegen die Rentenrebellen von der Jungen Gruppe. Sein Schlingerkurs m\u00fcndete in einer Abstimmung, bei der es pl\u00f6tzlich um den Fortbestand der Koalition ging. Verdammt fr\u00fch daf\u00fcr, dass die Regierung da erst ein halbes Jahr im Amt war. <\/p>\n<p><a href=\"https:\/\/www.n-tv.de\/politik\/Merz-will-was-klarstellen-Ich-bruelle-niemanden-an-id30767991.html\" rel=\"noreferrer\" target=\"_blank\"><img decoding=\"async\" src=\"https:\/\/www.n-tv.de\/logo_grey.svg\" alt=\"Lars-Klingbeil-SPD-l-Bundesminister-der-Finanzen-Vizekanzler-und-SPD-Bundesvorsitzender-und-Bundeskanzler-Friedrich-Merz-CDU-nehmen-an-der-Sitzung-des-Bundeskabinetts-im-Bundeskanzleramt-teil-Themen-sind-der-Bundeshaushalt-und-die-voraussichtliche-Reform-der-Krankenversicherung\"\/>Diskussionen in der KoalitionMerz will was klarstellen: &quot;Ich br\u00fclle niemanden an&quot;<\/a><\/p>\n<p>Dort zeigte sich seine fehlende Regierungserfahrung: Nie zuvor hatte dieser Kanzler ein Staatsamt inne und so ganz hat er immer noch nicht in die Rolle gefunden. Das zeigte sich auch am vorvergangenen Montag, als er \u00fcber die Rente sprach. Die werde k\u00fcnftig allenfalls noch eine &quot;Basisabsicherung&quot; sein, sagte er, ausgerechnet vor dem Bankenverband. <\/p>\n<h2>Wirkung der eigenen Worte<\/h2>\n<p>Das war der typische Merz-Klartext, wie ihn sich viele von ihm erhofft hatten. Aber aus dem Mund eines Bundeskanzlers klingen solche \u00c4u\u00dferungen eben anders. Nicht wie eine Warnung, sondern wie eine Ank\u00fcndigung. Und ein Kanzler l\u00f6st damit eine ganz andere Wirkung aus als ein einfacher Bundestagsabgeordneter oder ein Blackrock-Aufsichtsrat. <\/p>\n<p>So bleibt h\u00e4ngen: Der Kanzler ist sich \u00fcber die Wirkung seiner Worte nicht immer im Klaren. Das war so, als er einen &quot;Stimmungsumschwung bis zum Sommer&quot; anstrebte, der dann nicht kam. Oder als er den &quot;Herbst der Reformen&quot; ausrief, der vor allem Entt\u00e4uschungen produzierte. Selbiges gilt f\u00fcr die leidige Stadtbild-Debatte im vergangenen Jahr. Insbesondere als Merz mit Spr\u00fcchen wie &quot;Fragen Sie mal Ihre T\u00f6chter&quot; noch einen draufsetzte. Ein Kanzler aller Deutschen muss zusammenf\u00fchren &#8211; solche Spr\u00fcche wirken aber nur ins eigene Lager. Und selbst dort eckte er damit an.<\/p>\n<p><a href=\"https:\/\/www.n-tv.de\/politik\/Das-sind-die-unbeliebtesten-Minister-im-Merz-Kabinett-id30763864.html\" rel=\"noreferrer\" target=\"_blank\"><img decoding=\"async\" src=\"https:\/\/www.n-tv.de\/logo_grey.svg\" alt=\"German-Chancellor-Friedrich-Merz-R-Economy-Minister-and-Vice-Chancellor-Lars-Klingbeil-C-and-Energy-Minister-Katherina-Reiche-L-are-pictured-prior-to-the-weekly-cabinet-meeting-at-the-Chancellery-in-Berlin-Germany-on-December-10-2025\"\/>Gute Werte nur f\u00fcr einenDas sind die unbeliebtesten Minister im Merz-Kabinett<\/a><\/p>\n<p>Merz&#039; wichtigste Ziele sind Wirtschaftswachstum und Frieden in Europa. Man kann ihm nicht vorwerfen, nicht hart daf\u00fcr zu arbeiten. Beides sind Langzeitprojekte, die Geduld erfordern, von allen. Kurzfristiger Erfolg ist nicht zu erkennen. Immerhin, sein Kompass zeigt in die richtige Richtung. Nur wird er das Ziel bei dieser Geschwindigkeit kaum erreichen.<\/p>\n","protected":false},"excerpt":{"rendered":"<p>Politik Krise der GenervtenDie Koalition ist genau da, wo sie nie hinwollte 03.05.2026, 07:58 Uhr Von Volker PetersenArtikel anh\u00f6ren(07:32 min)00:00 \/ 07:32 0.5x 0.8x 1.0x 1.2x 1.5x 2.0x Markus S\u00f6der,<\/p>\n","protected":false},"author":1,"featured_media":0,"comment_status":"open","ping_status":"open","sticky":false,"template":"","format":"standard","meta":{"footnotes":""},"categories":[1],"tags":[],"class_list":["post-31977","post","type-post","status-publish","format-standard","hentry","category-nachrichten"],"_links":{"self":[{"href":"https:\/\/onlinetranslators.de\/news\/wp-json\/wp\/v2\/posts\/31977","targetHints":{"allow":["GET"]}}],"collection":[{"href":"https:\/\/onlinetranslators.de\/news\/wp-json\/wp\/v2\/posts"}],"about":[{"href":"https:\/\/onlinetranslators.de\/news\/wp-json\/wp\/v2\/types\/post"}],"author":[{"embeddable":true,"href":"https:\/\/onlinetranslators.de\/news\/wp-json\/wp\/v2\/users\/1"}],"replies":[{"embeddable":true,"href":"https:\/\/onlinetranslators.de\/news\/wp-json\/wp\/v2\/comments?post=31977"}],"version-history":[{"count":0,"href":"https:\/\/onlinetranslators.de\/news\/wp-json\/wp\/v2\/posts\/31977\/revisions"}],"wp:attachment":[{"href":"https:\/\/onlinetranslators.de\/news\/wp-json\/wp\/v2\/media?parent=31977"}],"wp:term":[{"taxonomy":"category","embeddable":true,"href":"https:\/\/onlinetranslators.de\/news\/wp-json\/wp\/v2\/categories?post=31977"},{"taxonomy":"post_tag","embeddable":true,"href":"https:\/\/onlinetranslators.de\/news\/wp-json\/wp\/v2\/tags?post=31977"}],"curies":[{"name":"wp","href":"https:\/\/api.w.org\/{rel}","templated":true}]}}