{"id":31968,"date":"2026-05-02T00:09:07","date_gmt":"2026-05-01T21:09:07","guid":{"rendered":"https:\/\/onlinetranslators.de\/news\/nachrichten\/ab-nachster-woche-us-prasident-kundigt-hohere-zolle-fur-autos-und-lkw-aus-der-eu-an\/"},"modified":"2026-05-02T00:09:07","modified_gmt":"2026-05-01T21:09:07","slug":"ab-nachster-woche-us-prasident-kundigt-hohere-zolle-fur-autos-und-lkw-aus-der-eu-an","status":"publish","type":"post","link":"https:\/\/onlinetranslators.de\/news\/nachrichten\/ab-nachster-woche-us-prasident-kundigt-hohere-zolle-fur-autos-und-lkw-aus-der-eu-an\/","title":{"rendered":"Ab n\u00e4chster Woche: US-Pr\u00e4sident k\u00fcndigt h\u00f6here Z\u00f6lle f\u00fcr Autos und Lkw aus der EU an"},"content":{"rendered":"<p class=\"caps\">Wirtschaft<\/p>\n<h2>Ab n\u00e4chster WocheUS-Pr\u00e4sident k\u00fcndigt h\u00f6here Z\u00f6lle f\u00fcr Autos und Lkw aus der EU an<\/h2>\n<p>01.05.2026, 18:03 Uhr Artikel anh\u00f6ren(01:51 min)<audio src=\"https:\/\/mp3.n-tv.de\/2026\/05\/TTSART_30776776_20260501181425-radleg2.mp3\"><\/audio>00:00 \/ 01:51<\/p>\n<ul>\n<li>0.5x<\/li>\n<li>0.8x<\/li>\n<li>1.0x<\/li>\n<li>1.2x<\/li>\n<li>1.5x<\/li>\n<li>2.0x<\/li>\n<\/ul>\n<figure><img decoding=\"async\" src=\"https:\/\/www.n-tv.de\/img\/30776786\/1777659134\/Img_16_9\/1024\/Trump-Signs-a-Series-of-Executive-Orders-United-States-President-Donald-J-Trump-takes-questions-from-the-press-during-an-Executive-Order-signing-event-in-the-Oval-Office-of-the-White-House-in-Washington-DC-USA-on-Thursday-April-30-2026.webp\" alt=\"Trump-Signs-a-Series-of-Executive-Orders-United-States-President-Donald-J-Trump-takes-questions-from-the-press-during-an-Executive-Order-signing-event-in-the-Oval-Office-of-the-White-House-in-Washington-DC-USA-on-Thursday-April-30-2026\"\/><figcaption>US-Pr\u00e4sident Trump &quot;freut sich&quot;, neue Z\u00f6lle bekannt zu geben. (Foto: IMAGO\/ABACAPRESS)<\/figcaption><\/figure>\n<p>Die n\u00e4chste Eskalation im Handelsstreit: Donald Trump droht der EU mit drastisch h\u00f6heren Autoz\u00f6llen &#8211; von 15 geht es auf 25 Prozent, schon ab n\u00e4chster Woche. Als Begr\u00fcndung wirft er Br\u00fcssel vor, sich nicht an ein vereinbartes Handelsabkommen zu halten.<\/p>\n<p>US-Pr\u00e4sident Donald Trump will Z\u00f6lle auf Autos und Lastwagen, die aus der Europ\u00e4ischen Union in die USA eingef\u00fchrt werden, ab n\u00e4chster Woche auf 25 Prozent erh\u00f6hen. In seinem Post auf der Plattform Truth Social begr\u00fcndete er das mit dem Vorwurf, dass sich die EU nicht an das vereinbarte Handelsabkommen halte.<\/p>\n<p>&quot;Ich freue mich, bekannt zu geben, dass ich aufgrund der Tatsache, dass die Europ\u00e4ische Union sich nicht an unser vollst\u00e4ndig vereinbartes Handelsabkommen h\u00e4lt, in der n\u00e4chsten Woche die Z\u00f6lle auf Autos und Lastwagen aus der Europ\u00e4ischen Union, die in die Vereinigten Staaten importiert werden, erh\u00f6hen werde&quot;, schrieb er auf Truth Social. Inwiefern sich die EU nicht an das Handelsabkommen mit den USA halte, erkl\u00e4rt der US-Pr\u00e4sident hingegen nicht. Aktuell betr\u00e4gt er 15 Prozent. <\/p>\n<p>Auf Autos und Lkw europ\u00e4ischer Hersteller, die in Werken in den USA produziert werden, werde es weiterhin keine Z\u00f6lle geben, schrieb der US-Pr\u00e4sident weiter. Viele Automobil- und Lkw-Werke w\u00fcrden sich derzeit im Bau befinden, hie\u00df es weiter, &quot;mit Investitionen von \u00fcber 100 Milliarden Dollar \u2013 EIN REKORD in der Geschichte der Auto- und Lkw-Produktion&quot;, schrieb Trump. &quot;Diese Werke, die mit amerikanischen Arbeitskr\u00e4ften besetzt sind, werden bald er\u00f6ffnet &#8211; so etwas wie das, was heute in Amerika passiert, hat es noch nie gegeben!&quot;<\/p>\n<p>Die EU und die USA hatten im September 2025 ein umfassendes Handelsabkommen f\u00fcr zahlreiche Bereiche unter Dach und Fach gebracht. Damit sollte auch eine r\u00fcckwirkende Senkung der Z\u00f6lle f\u00fcr EU-Autoexporte in die USA auf 15 Prozent von zuvor 27,5 Prozent einhergehen. Die EU verpflichtete sich dabei, ihre Z\u00f6lle auf alle US-Industrieg\u00fcter abzuschaffen und einen bevorzugten Marktzugang f\u00fcr eine Vielzahl von US-Meeresfr\u00fcchten und Agrarerzeugnissen wie Milchprodukten, Schweinefleisch oder Soja\u00f6l zu gew\u00e4hren.<\/p>\n<p>Trump hatte der EU immer wieder vorgeworfen, die USA auszunutzen und auf den Handels\u00fcberschuss der EU bei Waren verwiesen. Br\u00fcssel argumentierte, Washington ber\u00fccksichtige dabei nicht die starke Position der USA bei Dienstleistungen, vor allem im Bereich des Internets. <\/p>\n<p><a href=\"https:\/\/www.n-tv.de\/politik\/Lars-Klingbeil-verbittet-sich-Tipps-von-Donald-Trump-id30776244.html\" rel=\"noreferrer\" target=\"_blank\"><img decoding=\"async\" src=\"https:\/\/www.n-tv.de\/logo_grey.svg\" alt=\"Bundeskanzler-Friedrich-Merz-links-mit-seinem-Vizekanzler-und-Bundesfinanzminister-Lars-Klingbeil\"\/>Beistand f\u00fcr MerzLars Klingbeil verbittet sich &quot;Tipps von Donald Trump&quot;<\/a><\/p>\n<p>Die Ank\u00fcndigung erfolgte kurz nachdem Trump Bundeskanzler Friedrich Merz scharf kritisiert hatte. Trump forderte Merz auf, sich auf die Beendigung des Ukraine-Kriegs zu konzentrieren, anstatt sich in die Angelegenheiten des Iran &quot;einzumischen&quot;. Zudem solle Merz &quot;sein marodes Land in Ordnung bringen&quot;, erkl\u00e4rte Trump am Donnerstag in Onlinemedien. Deutschland ist f\u00fcr einen gro\u00dfen Teil der Autoexporte aus der EU verantwortlich und w\u00fcrde von h\u00f6heren Z\u00f6llen vermutlich hart getroffen werden.<\/p>\n","protected":false},"excerpt":{"rendered":"<p>Wirtschaft Ab n\u00e4chster WocheUS-Pr\u00e4sident k\u00fcndigt h\u00f6here Z\u00f6lle f\u00fcr Autos und Lkw aus der EU an 01.05.2026, 18:03 Uhr Artikel anh\u00f6ren(01:51 min)00:00 \/ 01:51 0.5x 0.8x 1.0x 1.2x 1.5x 2.0x US-Pr\u00e4sident<\/p>\n","protected":false},"author":1,"featured_media":0,"comment_status":"open","ping_status":"open","sticky":false,"template":"","format":"standard","meta":{"footnotes":""},"categories":[1],"tags":[],"class_list":["post-31968","post","type-post","status-publish","format-standard","hentry","category-nachrichten"],"_links":{"self":[{"href":"https:\/\/onlinetranslators.de\/news\/wp-json\/wp\/v2\/posts\/31968","targetHints":{"allow":["GET"]}}],"collection":[{"href":"https:\/\/onlinetranslators.de\/news\/wp-json\/wp\/v2\/posts"}],"about":[{"href":"https:\/\/onlinetranslators.de\/news\/wp-json\/wp\/v2\/types\/post"}],"author":[{"embeddable":true,"href":"https:\/\/onlinetranslators.de\/news\/wp-json\/wp\/v2\/users\/1"}],"replies":[{"embeddable":true,"href":"https:\/\/onlinetranslators.de\/news\/wp-json\/wp\/v2\/comments?post=31968"}],"version-history":[{"count":0,"href":"https:\/\/onlinetranslators.de\/news\/wp-json\/wp\/v2\/posts\/31968\/revisions"}],"wp:attachment":[{"href":"https:\/\/onlinetranslators.de\/news\/wp-json\/wp\/v2\/media?parent=31968"}],"wp:term":[{"taxonomy":"category","embeddable":true,"href":"https:\/\/onlinetranslators.de\/news\/wp-json\/wp\/v2\/categories?post=31968"},{"taxonomy":"post_tag","embeddable":true,"href":"https:\/\/onlinetranslators.de\/news\/wp-json\/wp\/v2\/tags?post=31968"}],"curies":[{"name":"wp","href":"https:\/\/api.w.org\/{rel}","templated":true}]}}