{"id":31963,"date":"2026-05-01T03:45:55","date_gmt":"2026-05-01T00:45:55","guid":{"rendered":"https:\/\/onlinetranslators.de\/news\/nachrichten\/einigung-in-baden-wurttemberg-koalitionsvertrag-von-grunen-und-cdu-steht\/"},"modified":"2026-05-01T03:45:55","modified_gmt":"2026-05-01T00:45:55","slug":"einigung-in-baden-wurttemberg-koalitionsvertrag-von-grunen-und-cdu-steht","status":"publish","type":"post","link":"https:\/\/onlinetranslators.de\/news\/nachrichten\/einigung-in-baden-wurttemberg-koalitionsvertrag-von-grunen-und-cdu-steht\/","title":{"rendered":"Einigung in Baden-W\u00fcrttemberg: Koalitionsvertrag von Gr\u00fcnen und CDU steht"},"content":{"rendered":"<p class=\"caps\">Politik<\/p>\n<h2>Einigung in Baden-W\u00fcrttembergKoalitionsvertrag von Gr\u00fcnen und CDU steht<\/h2>\n<p>01.05.2026, 01:28 Uhr Artikel anh\u00f6ren(03:24 min)<audio src=\"https:\/\/mp3.n-tv.de\/2026\/05\/TTSART_30775144_20260501012907-radleg2.mp3\"><\/audio>00:00 \/ 03:24<\/p>\n<ul>\n<li>0.5x<\/li>\n<li>0.8x<\/li>\n<li>1.0x<\/li>\n<li>1.2x<\/li>\n<li>1.5x<\/li>\n<li>2.0x<\/li>\n<\/ul>\n<figure><img decoding=\"async\" src=\"https:\/\/www.n-tv.de\/img\/30775149\/1777598302\/Img_16_9\/1024\/30-04-2026-Baden-Wuerttemberg-Stuttgart-Cem-Oezdemir-l-Buendnis-90-Die-Gruenen-und-Manuel-Hagel-r-CDU-die-beiden-Spitzenpolitiker-bei-den-Koalitionsverhandlungen-zur-Bildung-einer-Regierung-in-Baden-Wuerttemberg-geben-nach-dem-erfolgreichen-Abschluss-der-Verhandlungen-ein-Statement-ab.webp\" alt=\"30-04-2026-Baden-Wuerttemberg-Stuttgart-Cem-Oezdemir-l-Buendnis-90-Die-Gruenen-und-Manuel-Hagel-r-CDU-die-beiden-Spitzenpolitiker-bei-den-Koalitionsverhandlungen-zur-Bildung-einer-Regierung-in-Baden-Wuerttemberg-geben-nach-dem-erfolgreichen-Abschluss-der-Verhandlungen-ein-Statement-ab\"\/><figcaption>Wollen eine Koalition auf Augenh\u00f6he f\u00fchren: \u00d6zdemir und Hagel. (Foto: dpa)<\/figcaption><\/figure>\n<p>Gr\u00fcn-Schwarz geht in die dritte Runde: Fast zwei Monate nach der Landtagswahl in Baden-W\u00fcrttemberg einigen sich Cem \u00d6zdemir und Manuel Hagel auf einen Koalitionsvertrag. \u00dcber Inhalte ist noch nichts bekannt, wohl aber, wie die Ministerien aufgeteilt werden. <\/p>\n<p>Knapp acht Wochen nach der Landtagswahl haben sich Gr\u00fcne und CDU in Baden-W\u00fcrttemberg auf einen Koalitionsvertrag geeinigt. Das erkl\u00e4rten Gr\u00fcnen-Verhandlungsf\u00fchrer Cem \u00d6zdemir und CDU-Landeschef Manuel Hagel in Stuttgart. Es handle sich nicht um den kleinsten gemeinsamen Nenner, so \u00d6zdemir. Zu den Inhalten sagte er, dass ein starker Wirtschaftsstandort Baden-W\u00fcrttemberg und Klimaschutz kein Gegensatz seien.<\/p>\n<p>An diesem Wochenende sollen Parteigremien \u00fcber die Inhalte des Koalitionsvertrags beraten &#8211; dieser soll dann n\u00e4chste Woche der \u00d6ffentlichkeit vorgestellt werden. \u00d6zdemir soll am 13. Mai im Landtag zum Ministerpr\u00e4sidenten gew\u00e4hlt werden. In einer Woche sollen die Vorhaben auf Parteitagen besprochen werden. Die Aufteilung der Ministerien zwischen den beiden Parteien ist schon gekl\u00e4rt. Wichtige Personalien sind aber noch nicht ans Licht gekommen &#8211; etwa, ob CDU-Chef Manuel Hagel Innenminister wird.<\/p>\n<p>\u00dcber inhaltliche Vorhaben der k\u00fcnftigen gr\u00fcn-schwarzen Landesregierung wurde zun\u00e4chst nichts bekannt. Beide Parteien hatten aber bereits in ihrem Sondierungspapier ungew\u00f6hnlich viel Konkretes festgehalten. 48 Punkte umfasste das Papier, darunter ein verpflichtendes und kostenloses letztes Kindergartenjahr, ein Festhalten an den Klimazielen, eine Entlastung von Familien bei der Grunderwerbsteuer oder leichtere Unternehmensgr\u00fcndungen.<\/p>\n<h2>Gleichstand im Landtag <\/h2>\n<p>Die beiden Parteien regieren in Baden-W\u00fcrttemberg bereits seit 2016 gemeinsam. Bei der Landtagswahl am 8. M\u00e4rz waren die Gr\u00fcnen mit 30,2 Prozent knapp st\u00e4rkste Kraft geworden, dicht gefolgt von der CDU mit 29,7 Prozent. Im neuen Landtag verf\u00fcgen jedoch beide Parteien \u00fcber jeweils 56 Mandate &#8211; eine ungew\u00f6hnliche Pattsituation. Die Gr\u00fcnen reklamierten das Ministerpr\u00e4sidentenamt f\u00fcr sich, boten aber eine Koalition auf Augenh\u00f6he an.<\/p>\n<p><a href=\"https:\/\/www.n-tv.de\/politik\/Brezel-Tattoo-bringt-Oezdemirs-Personenschuetzer-in-Bedraengnis-id30751395.html\" rel=\"noreferrer\" target=\"_blank\"><img decoding=\"async\" src=\"https:\/\/www.n-tv.de\/logo_grey.svg\" alt=\"Wahlkampfhelfer-der-Partei-Buendnis-90-Die-Gruenen-zeigen-bei-der-Wahlpartie-der-Partei-frische-Tattoos-von-Brezel-auf-ihren-Armen-Die-Wahlhelfer-hatten-nach-eigenen-Angaben-in-der-Wahlkampfzeit-so-viele-Brezeln-verzehrt-das-sie-als-Erinnerung-an-die-Wahlkampfzeit-das-Tattoo-stechen-liessen-Am-8-Maerz-fand-in-Baden-Wuerttemberg-die-Landtagswahl-statt\"\/>Posse um Gr\u00fcnen-WahlpartyBrezel-Tattoo bringt \u00d6zdemirs Personensch\u00fctzer in Bedr\u00e4ngnis<\/a><\/p>\n<p>Personell soll sich das so auswirken, dass die Gr\u00fcnen zwar den Ministerpr\u00e4sidenten stellen, aber ein Ministerium weniger bekommen als die CDU. Die Gr\u00fcnen sollen die Ressorts Finanzen, Wissenschaft, Umwelt, Soziales und Bau erhalten. Die CDU stellt den Vizeministerpr\u00e4sidenten, der f\u00fcr den Bereich Europa zust\u00e4ndig sein soll, und erh\u00e4lt die Ressorts Inneres, Kultus, Wirtschaft, Verkehr, Justiz und Agrar. Zudem geht das Amt der Landtagspr\u00e4sidentin oder des Landtagspr\u00e4sidenten an die CDU.<\/p>\n<p>Eine Fortsetzung der gr\u00fcn-schwarzen Koalition galt als einzige realistische Option f\u00fcr eine Regierungsbildung. Eine Zusammenarbeit mit der AfD schlie\u00dfen alle anderen im Landtag vertretenen Parteien aus.<\/p>\n","protected":false},"excerpt":{"rendered":"<p>Politik Einigung in Baden-W\u00fcrttembergKoalitionsvertrag von Gr\u00fcnen und CDU steht 01.05.2026, 01:28 Uhr Artikel anh\u00f6ren(03:24 min)00:00 \/ 03:24 0.5x 0.8x 1.0x 1.2x 1.5x 2.0x Wollen eine Koalition auf Augenh\u00f6he f\u00fchren: \u00d6zdemir<\/p>\n","protected":false},"author":1,"featured_media":0,"comment_status":"open","ping_status":"open","sticky":false,"template":"","format":"standard","meta":{"footnotes":""},"categories":[1],"tags":[],"class_list":["post-31963","post","type-post","status-publish","format-standard","hentry","category-nachrichten"],"_links":{"self":[{"href":"https:\/\/onlinetranslators.de\/news\/wp-json\/wp\/v2\/posts\/31963","targetHints":{"allow":["GET"]}}],"collection":[{"href":"https:\/\/onlinetranslators.de\/news\/wp-json\/wp\/v2\/posts"}],"about":[{"href":"https:\/\/onlinetranslators.de\/news\/wp-json\/wp\/v2\/types\/post"}],"author":[{"embeddable":true,"href":"https:\/\/onlinetranslators.de\/news\/wp-json\/wp\/v2\/users\/1"}],"replies":[{"embeddable":true,"href":"https:\/\/onlinetranslators.de\/news\/wp-json\/wp\/v2\/comments?post=31963"}],"version-history":[{"count":0,"href":"https:\/\/onlinetranslators.de\/news\/wp-json\/wp\/v2\/posts\/31963\/revisions"}],"wp:attachment":[{"href":"https:\/\/onlinetranslators.de\/news\/wp-json\/wp\/v2\/media?parent=31963"}],"wp:term":[{"taxonomy":"category","embeddable":true,"href":"https:\/\/onlinetranslators.de\/news\/wp-json\/wp\/v2\/categories?post=31963"},{"taxonomy":"post_tag","embeddable":true,"href":"https:\/\/onlinetranslators.de\/news\/wp-json\/wp\/v2\/tags?post=31963"}],"curies":[{"name":"wp","href":"https:\/\/api.w.org\/{rel}","templated":true}]}}