{"id":31929,"date":"2026-04-26T13:07:17","date_gmt":"2026-04-26T10:07:17","guid":{"rendered":"https:\/\/onlinetranslators.de\/news\/nachrichten\/junger-lehrer-aus-sudkalifornien-das-ist-der-schutze-des-gala-dinners-mit-trump\/"},"modified":"2026-04-26T13:07:17","modified_gmt":"2026-04-26T10:07:17","slug":"junger-lehrer-aus-sudkalifornien-das-ist-der-schutze-des-gala-dinners-mit-trump","status":"publish","type":"post","link":"https:\/\/onlinetranslators.de\/news\/nachrichten\/junger-lehrer-aus-sudkalifornien-das-ist-der-schutze-des-gala-dinners-mit-trump\/","title":{"rendered":"Junger Lehrer aus S\u00fcdkalifornien: Das ist der Sch\u00fctze des Gala-Dinners mit Trump"},"content":{"rendered":"<p class=\"caps\">Politik<\/p>\n<h2>Junger Lehrer aus S\u00fcdkalifornienDas ist der Sch\u00fctze des Gala-Dinners mit Trump<\/h2>\n<p>26.04.2026, 11:29 Uhr Artikel anh\u00f6ren(02:38 min)<audio src=\"https:\/\/mp3.n-tv.de\/2026\/04\/TTSART_30756588_20260426113032-radleg2.mp3\"><\/audio>00:00 \/ 02:38<\/p>\n<ul>\n<li>0.5x<\/li>\n<li>0.8x<\/li>\n<li>1.0x<\/li>\n<li>1.2x<\/li>\n<li>1.5x<\/li>\n<li>2.0x<\/li>\n<\/ul>\n<p><img decoding=\"async\" src=\"https:\/\/www.n-tv.de\/img\/30756652\/1777205208\/Img_16_9\/920\/image.webp\" alt=\"Video poster\"\/><video poster=\"https:\/\/www.n-tv.de\/img\/30756652\/1777205208\/Img_16_9\/920\/image.webp\" controls=\"true\"><source src=\"https:\/\/streaming.n-tv.de\/proxy\/abr\/2026\/04\/ONEVID_11_Taeter_OneVID_260426105841-prog.ism\/.mp4?filter=(trackName==&quot;video-web6&quot;||trackName==&quot;audio-web6&quot;)\" type=\"video\/mp4\"><\/source><source src=\"https:\/\/streaming.n-tv.de\/proxy\/abr\/2026\/04\/ONEVID_11_Taeter_OneVID_260426105841-abr.ism\/.m3u8\" type=\"application\/vnd.apple.mpegURL\"><\/source><\/video><\/p>\n<p>Ein schwer bewaffneter Mann st\u00fcrmt am Abend das Gala-Dinner der amerikanischen Hauptstadtpresse mit US-Pr\u00e4sident Trump. Die Sicherheitskr\u00e4fte k\u00f6nnen ihn z\u00fcgig au\u00dfer Gefecht setzen, offenbar kommt niemand zu Schaden. Jetzt werden erste Details \u00fcber den Angriff bekannt.    <\/p>\n<p>Als der erste Gang serviert wird, fallen im Hilton-Hotel in Washington beim Gala-Dinner der amerikanischen Hauptstadtpresse mit US-Pr\u00e4sident Donald Trump pl\u00f6tzlich Sch\u00fcsse. Ein Angreifer sei um 20.36 Uhr durch die Sicherheitsschleuse im Vorraum des Hotels gest\u00fcrmt, teilen die Sicherheitsbeh\u00f6rden und auch Trump selbst mit. Er sei von Polizeibeamten \u00fcberw\u00e4ltigt und zu Boden gebracht worden. <\/p>\n<p>Den Angaben zufolge wurde ein Sicherheitsbeamter angeschossen, dank seiner schusssicheren Weste aber nicht schwerwiegend verletzt. Der Angreifer selbst wurde nicht angeschossen. Was ist bekannt \u00fcber den Mann, der offenbar ein Attentat geplant hatte? <\/p>\n<p><a href=\"https:\/\/www.n-tv.de\/mediathek\/bilderserien\/Schuesse-beenden-Trumps-Abend-bei-Presse-Gala-jaeh-id30756240.html\" rel=\"noreferrer\" target=\"_blank\"><img decoding=\"async\" src=\"https:\/\/www.n-tv.de\/logo_grey.svg\" alt=\"Guests-take-cover-after-U-S-President-Donald-Trump-and-first-lady-Melania-Trump-were-rushed-out-of-the-White-House-Correspondents-Association-dinner-by-Secret-Service-agents-after-a-loud-unidentified-noise-in-Washington-D-C-U-S-April-25-2026-Picture-taken-using-a-mobile-phone\"\/>R\u00fcckkehr nach 15 JahrenSch\u00fcsse beenden Trumps Abend bei Presse-Gala j\u00e4h<\/a><\/p>\n<p>Bei dem Festgenommenen handelt es sich laut zwei mit den Ermittlungen vertrauten Beamten um den 31-j\u00e4hrigen Cole Allen aus Torrance im US-Bundesstaat Kalifornien. Trump hatte bereits kurz nach der Festnahme ein Bild des Mannes auf seinem Truth-Social-Account ver\u00f6ffentlicht, aber keinen Namen genannt. In den Aufnahmen liegt ein dunkelhaariger Mann mit nacktem Oberk\u00f6rper und dem Gesicht nach unten auf dem Boden. <\/p>\n<p><a href=\"https:\/\/www.n-tv.de\/mediathek\/videos\/politik\/Ueberwachungskamera-filmt-Schuetzen-bei-Dinner-Angriff-id30756166.html\" rel=\"noreferrer\" target=\"_blank\"><img decoding=\"async\" src=\"https:\/\/www.n-tv.de\/logo_grey.svg\" alt=\"Screenshot 2026-04-26 064900\"\/>Sch\u00fcsse bei Presseabend mit Trump\u00dcberwachungskamera filmt Sch\u00fctzen bei Dinner-Angriff<\/a><\/p>\n<p>Laut Polizeichef hatte Allen ein Zimmer gebucht und war Gast in dem Hilton-Hotel. Bei seinem Angriff war er mit einer Schrotflinte, einer Handfeuerwaffe und mehreren Messern bewaffnet. Er wurde den Angaben zufolge f\u00fcr weitergehende Untersuchungen in ein \u00f6rtliches Krankenhaus gebracht. Weitere Verd\u00e4chtige gebe es nicht. <\/p>\n<p><a href=\"https:\/\/www.n-tv.de\/mediathek\/videos\/politik\/Angreifer-kam-US-Praesidenten-sehr-nah-nur-Tuer-fehlte-id30756314.html\" rel=\"noreferrer\" target=\"_blank\"><img decoding=\"async\" src=\"https:\/\/www.n-tv.de\/logo_grey.svg\" alt=\"KoelnNews_338039073_5707\"\/>Fritz zu Sch\u00fcssen unweit von Trump&quot;Angreifer kam US-Pr\u00e4sidenten sehr nah &#8211; nur T\u00fcr fehlte&quot;<\/a><\/p>\n<p>Das Motiv des 31-J\u00e4hrigen und das konkrete Attentatsziel sind unklar. Ihm werden laut der zust\u00e4ndigen Staatsanwaltschaft zwei Straftaten zur Last gelegt: erstens der Einsatz einer Schusswaffe bei einer Straftat oder Gewalttat sowie zweitens der Angriff auf Bundesbeamte unter Einsatz einer gef\u00e4hrlichen Waffe. Er soll Montag vor Gericht gestellt werden.  <\/p>\n<p>Laut ntv-US-Korrespondent Gordian Fritz hat der 31-J\u00e4hrige in S\u00fcdkalifornien als Nachhilfelehrer in einer privaten Bildungseinrichtung gearbeitet. Im Pr\u00e4sidentschaftswahlkampf 2024 soll er f\u00fcr den Wahlkampf der damaligen Trump-Gegnerin Kamala Harris Geld gespendet haben. Mehr sei derzeit nicht bekannt. <\/p>\n","protected":false},"excerpt":{"rendered":"<p>Politik Junger Lehrer aus S\u00fcdkalifornienDas ist der Sch\u00fctze des Gala-Dinners mit Trump 26.04.2026, 11:29 Uhr Artikel anh\u00f6ren(02:38 min)00:00 \/ 02:38 0.5x 0.8x 1.0x 1.2x 1.5x 2.0x Ein schwer bewaffneter Mann<\/p>\n","protected":false},"author":1,"featured_media":0,"comment_status":"open","ping_status":"open","sticky":false,"template":"","format":"standard","meta":{"footnotes":""},"categories":[1],"tags":[],"class_list":["post-31929","post","type-post","status-publish","format-standard","hentry","category-nachrichten"],"_links":{"self":[{"href":"https:\/\/onlinetranslators.de\/news\/wp-json\/wp\/v2\/posts\/31929","targetHints":{"allow":["GET"]}}],"collection":[{"href":"https:\/\/onlinetranslators.de\/news\/wp-json\/wp\/v2\/posts"}],"about":[{"href":"https:\/\/onlinetranslators.de\/news\/wp-json\/wp\/v2\/types\/post"}],"author":[{"embeddable":true,"href":"https:\/\/onlinetranslators.de\/news\/wp-json\/wp\/v2\/users\/1"}],"replies":[{"embeddable":true,"href":"https:\/\/onlinetranslators.de\/news\/wp-json\/wp\/v2\/comments?post=31929"}],"version-history":[{"count":0,"href":"https:\/\/onlinetranslators.de\/news\/wp-json\/wp\/v2\/posts\/31929\/revisions"}],"wp:attachment":[{"href":"https:\/\/onlinetranslators.de\/news\/wp-json\/wp\/v2\/media?parent=31929"}],"wp:term":[{"taxonomy":"category","embeddable":true,"href":"https:\/\/onlinetranslators.de\/news\/wp-json\/wp\/v2\/categories?post=31929"},{"taxonomy":"post_tag","embeddable":true,"href":"https:\/\/onlinetranslators.de\/news\/wp-json\/wp\/v2\/tags?post=31929"}],"curies":[{"name":"wp","href":"https:\/\/api.w.org\/{rel}","templated":true}]}}