{"id":31670,"date":"2026-03-15T13:25:58","date_gmt":"2026-03-15T10:25:58","guid":{"rendered":"https:\/\/onlinetranslators.de\/news\/nachrichten\/irans-machtapparat-im-visier-israel-startet-neue-grosangelegte-angriffswelle\/"},"modified":"2026-03-15T13:25:58","modified_gmt":"2026-03-15T10:25:58","slug":"irans-machtapparat-im-visier-israel-startet-neue-grosangelegte-angriffswelle","status":"publish","type":"post","link":"https:\/\/onlinetranslators.de\/news\/nachrichten\/irans-machtapparat-im-visier-israel-startet-neue-grosangelegte-angriffswelle\/","title":{"rendered":"Irans Machtapparat im Visier: Israel startet neue &#8220;gro\u00dfangelegte Angriffswelle&#8221;"},"content":{"rendered":"<p class=\"caps\">Politik<\/p>\n<h2>Irans Machtapparat im VisierIsrael startet neue &quot;gro\u00dfangelegte Angriffswelle&quot; <\/h2>\n<p>15.03.2026, 10:33 Uhr Artikel anh\u00f6ren(02:57 min)<audio src=\"https:\/\/mp3.n-tv.de\/2026\/03\/TTSART_30472369_20260315103357-radleg2.mp3\"><\/audio>00:00 \/ 02:57<\/p>\n<ul>\n<li>0.5x<\/li>\n<li>0.8x<\/li>\n<li>1.0x<\/li>\n<li>1.2x<\/li>\n<li>1.5x<\/li>\n<li>2.0x<\/li>\n<\/ul>\n<figure><img decoding=\"async\" src=\"https:\/\/www.n-tv.de\/img\/30472424\/1773569230\/Img_16_9\/1024\/People-run-as-smoke-rises-following-an-explosion-amid-the-U-S-Israeli-conflict-with-Iran-in-Tehran-Iran-March-5-2026.webp\" alt=\"People-run-as-smoke-rises-following-an-explosion-amid-the-U-S-Israeli-conflict-with-Iran-in-Tehran-Iran-March-5-2026\"\/><figcaption>Die Luftangriffe von Israel und den USA auf den Iran starteten am 28. Februar. (Foto: via REUTERS)<\/figcaption><\/figure>\n<p>Dem Iran steht eine weitere gro\u00dfe Angriffswelle bevor. Das israelische Milit\u00e4r verk\u00fcndet die neue Phase &#8211; der Fokus liege nun auf der Infrastruktur der iranischen Machthaber. Derweil geraten Israel und die Vereinigten Arabischen Emirate erneut unter iranischen Beschuss.<\/p>\n<p>Die israelische Armee hat nach eigenen Angaben eine neue breit angelegte Angriffswelle im Iran gestartet. Es sei Infrastruktur des iranischen Machtapparats im Westen des Landes angegriffen worden, hie\u00df es in einer Mitteilung des Milit\u00e4rs. Bei der &quot;gro\u00dfangelegten Angriffswelle&quot; werde &quot;Infrastruktur des iranischen Terrorregimes&quot; im Westen des Landes ins Visier genommen. Seit Beginn des Krieges vor mehr als zwei Wochen hatte die israelische Armee nach Milit\u00e4rangaben mehrfach Raketenabschussrampen im Westen des Irans zerst\u00f6rt.<\/p>\n<p>Derweil kam Israels Norden erneut unter Raketenbeschuss aus dem Iran und dem Libanon. Die israelische Armee teilte am Morgen mit, es seien Raketen vom Iran aus auf Israel abgefeuert worden. Nach Medienberichten heulten Warnsirenen im Grenzgebiet zum Libanon sowie auf den besetzten Golanh\u00f6hen. Anschlie\u00dfend berichtete das israelische Nachrichtenportal &quot;ynet&quot;, auch aus dem Libanon seien zehn Raketen auf Israels Norden abgefeuert worden. Ein Teil davon sei von der Raketenabwehr abgefangen worden und der Rest in offenen Gebieten eingeschlagen. Es gibt bisher keine Berichte \u00fcber Verletzte. <\/p>\n<p><a href=\"https:\/\/www.n-tv.de\/mediathek\/videos\/politik\/Fischer-USA-haben-keine-Ahnung-wo-neuer-Ajatollah-ist-id30472071.html\" rel=\"noreferrer\" target=\"_blank\"><img decoding=\"async\" src=\"https:\/\/www.n-tv.de\/logo_grey.svg\" alt=\"Ajatollah\"\/>US-Kopfgeld auf ChameneiFischer: USA haben keine Ahnung, wo neuer Ajatollah ist<\/a><\/p>\n<p>Auch die Vereinigten Arabischen Emirate gerieten erneut unter iranischen Beschuss. Die Luftabwehr sei dabei, Raketenangriffe und aus dem Iran kommende Drohnen abzufangen, teilte das Verteidigungsministerium am fr\u00fchen Morgen auf X mit. Zuvor war es bereits zu weiteren Angriffen auch auf andere Golfstaaten gekommen. <\/p>\n<h2>Revolutionsgarden: Setzen Angriffe fort <\/h2>\n<p>Die staatliche iranische Nachrichtenagentur Irna berichtete unter Berufung auf die Revolutionsgarden, man habe Drohnen und Raketen auf die Luftwaffenbasis al-Dhafra abgefeuert. Man werde Angriffe auf Ziele, die die Interessen der USA und Israels vertreten, fortsetzen, hie\u00df es. <\/p>\n<p>Die USA und Israel hatten am 28. Februar gemeinsame Luftangriffe auf den Iran begonnen. Am ersten Kriegstag wurden der Oberste F\u00fchrer des Landes, Ajatollah Ali Chamenei, und weitere Mitglieder der iranischen F\u00fchrung in Teheran get\u00f6tet. Der Iran greift seitdem mit Raketen und Drohnen Israel sowie mehrere Golfstaaten und US-Einrichtungen in der Golfregion an.<\/p>\n","protected":false},"excerpt":{"rendered":"<p>Politik Irans Machtapparat im VisierIsrael startet neue &quot;gro\u00dfangelegte Angriffswelle&quot; 15.03.2026, 10:33 Uhr Artikel anh\u00f6ren(02:57 min)00:00 \/ 02:57 0.5x 0.8x 1.0x 1.2x 1.5x 2.0x Die Luftangriffe von Israel und den USA<\/p>\n","protected":false},"author":1,"featured_media":0,"comment_status":"open","ping_status":"open","sticky":false,"template":"","format":"standard","meta":{"footnotes":""},"categories":[1],"tags":[],"class_list":["post-31670","post","type-post","status-publish","format-standard","hentry","category-nachrichten"],"_links":{"self":[{"href":"https:\/\/onlinetranslators.de\/news\/wp-json\/wp\/v2\/posts\/31670","targetHints":{"allow":["GET"]}}],"collection":[{"href":"https:\/\/onlinetranslators.de\/news\/wp-json\/wp\/v2\/posts"}],"about":[{"href":"https:\/\/onlinetranslators.de\/news\/wp-json\/wp\/v2\/types\/post"}],"author":[{"embeddable":true,"href":"https:\/\/onlinetranslators.de\/news\/wp-json\/wp\/v2\/users\/1"}],"replies":[{"embeddable":true,"href":"https:\/\/onlinetranslators.de\/news\/wp-json\/wp\/v2\/comments?post=31670"}],"version-history":[{"count":0,"href":"https:\/\/onlinetranslators.de\/news\/wp-json\/wp\/v2\/posts\/31670\/revisions"}],"wp:attachment":[{"href":"https:\/\/onlinetranslators.de\/news\/wp-json\/wp\/v2\/media?parent=31670"}],"wp:term":[{"taxonomy":"category","embeddable":true,"href":"https:\/\/onlinetranslators.de\/news\/wp-json\/wp\/v2\/categories?post=31670"},{"taxonomy":"post_tag","embeddable":true,"href":"https:\/\/onlinetranslators.de\/news\/wp-json\/wp\/v2\/tags?post=31670"}],"curies":[{"name":"wp","href":"https:\/\/api.w.org\/{rel}","templated":true}]}}