{"id":31637,"date":"2026-03-09T22:06:04","date_gmt":"2026-03-09T19:06:04","guid":{"rendered":"https:\/\/onlinetranslators.de\/news\/nachrichten\/jetzt-offener-streit-um-palmer-die-grunen-prufen-den-nachgeschmack-des-wahlsiegs\/"},"modified":"2026-03-09T22:06:04","modified_gmt":"2026-03-09T19:06:04","slug":"jetzt-offener-streit-um-palmer-die-grunen-prufen-den-nachgeschmack-des-wahlsiegs","status":"publish","type":"post","link":"https:\/\/onlinetranslators.de\/news\/nachrichten\/jetzt-offener-streit-um-palmer-die-grunen-prufen-den-nachgeschmack-des-wahlsiegs\/","title":{"rendered":"Jetzt offener Streit um Palmer: Die Gr\u00fcnen pr\u00fcfen den Nachgeschmack des Wahlsiegs"},"content":{"rendered":"<p class=\"caps\">Politik<\/p>\n<h2>Jetzt offener Streit um PalmerDie Gr\u00fcnen pr\u00fcfen den Nachgeschmack des Wahlsiegs<\/h2>\n<p>09.03.2026, 17:48 Uhr <a href=\"https:\/\/www.n-tv.de\/autoren\/Sebastian-Huld-article20312245.html\" rel=\"noreferrer\" target=\"_blank\"><img decoding=\"async\" src=\"https:\/\/www.n-tv.de\/img\/30014943\/1762975605\/Img_1_1\/36\/a6d1097d-155c-4edc-b000-7806375dfbdb~1.webp\" alt=\"a6d1097d-155c-4edc-b000-7806375dfbdb~1\"\/>Von Sebastian Huld<\/a>Artikel anh\u00f6ren(07:50 min)<audio src=\"https:\/\/mp3.n-tv.de\/2026\/03\/TTSART_30448064_20260309174843-radleg2.mp3\"><\/audio>00:00 \/ 07:50<\/p>\n<ul>\n<li>0.5x<\/li>\n<li>0.8x<\/li>\n<li>1.0x<\/li>\n<li>1.2x<\/li>\n<li>1.5x<\/li>\n<li>2.0x<\/li>\n<\/ul>\n<figure><img decoding=\"async\" src=\"https:\/\/www.n-tv.de\/img\/30449192\/1773074548\/Img_16_9\/1024\/Cem-Oezdemir-l-Buendnis-90-Die-Gruenen-Spitzenkandidat-fuer-die-Landtagswahl-in-Baden-Wuerttemberg-2026-und-Boris-Palmer-parteilos-Oberbuergermeister-von-Tuebingen-unterhalten-sich-nach-der-Landtagswahl-Am-8-Maerz-fand-in-Baden-Wuerttemberg-die-Landtagswahl-statt.webp\" alt=\"Cem-Oezdemir-l-Buendnis-90-Die-Gruenen-Spitzenkandidat-fuer-die-Landtagswahl-in-Baden-Wuerttemberg-2026-und-Boris-Palmer-parteilos-Oberbuergermeister-von-Tuebingen-unterhalten-sich-nach-der-Landtagswahl-Am-8-Maerz-fand-in-Baden-Wuerttemberg-die-Landtagswahl-statt\"\/><figcaption>Cem \u00d6zdemir und Boris Palmer haben nach dem Wahlergebnis gut lachen. (Foto: picture alliance\/dpa)<\/figcaption><\/figure>\n<p>Am Tag nach der Wahl ist bei den Gr\u00fcnen l\u00e4ngst nicht alles eitel Sonnenschein. Weder der Sieger Cem \u00d6zdemir noch der Nachwuchs m\u00f6chte sich in den Dienst der Parteispitze stellen. <\/p>\n<p>Zu Dutzenden versammeln sich am Sonntagabend die Gr\u00fcnen-Mitglieder in der Bundesgesch\u00e4ftsstelle vor dem Fernseher. Erste Reihe, dicht gedr\u00e4ngt, die Vorsitzenden von Bundespartei und Bundestagsfraktion, alle vorfreudig, aufgeregt. Sie wussten ja ungef\u00e4hr, was ihnen die ersten Hochrechnungen gleich zeigen w\u00fcrden: Die Gr\u00fcnen sind nach Zweitstimmen st\u00e4rkste Kraft in Baden-W\u00fcrttemberg geworden. Inmitten des aufbrandenden Jubels und der vielen Umarmungen hielten sich aber Luis Bobga und Henriette Held demonstrativ zur\u00fcck. Mit Cem \u00d6zdemir hatte nicht der Kandidat der beiden Gr\u00fcne-Jugend-Sprecher gewonnen. Er frage sich, &quot;ob das am Ende gr\u00fcne Politik ist&quot;, sagte Bogba kurz darauf \u00fcber \u00d6zdemirs Wahlkampf. <\/p>\n<p><a href=\"https:\/\/www.n-tv.de\/politik\/Gruene-Jugend-geht-Oezdemir-nach-Wahlerfolg-scharf-an-id30445232.html\" rel=\"noreferrer\" target=\"_blank\"><img decoding=\"async\" src=\"https:\/\/www.n-tv.de\/logo_grey.svg\" alt=\"Luis-Bobga-Bundessprecher-der-Gruenen-Jugend-spricht-beim-Bundesparteitag-von-Buendnis-90-Die-Gruenen\"\/>Politik &quot;oft gegen Migrantinnen&quot;Gr\u00fcne Jugend geht \u00d6zdemir nach Wahlerfolg scharf an<\/a><\/p>\n<p>Das und allerlei andere scharfe Kritik war wohl\u00fcberlegt: Der Gr\u00fcnen-Nachwuchs bef\u00fcrchtet, die Partei k\u00f6nne sich nach dem Wahlerfolg dauerhaft und \u00fcber Baden-W\u00fcrttemberg hinaus auf einen \u00d6zdemir-Kurs begeben. Das ist nicht die Belohnung, die sich Parteilinke f\u00fcr ihr Stillhalten w\u00e4hrend \u00d6zdemirs Wahlkampf w\u00fcnschen. Den habe der Spitzenkandidat alleine f\u00fchren wollen und gezeigt, dass er das kann, so Bobga. &quot;Er kann aber nicht alleine regieren, sondern muss das als Teil dieser Partei machen.&quot; Bobga und Held fordern mehr Klimaschutz, mehr Mieterschutz, mehr Umverteilung von oben nach unten und zugleich weniger CDU-\u00e4hnliche Positionen und ganz besonders keinen Boris Palmer als Minister in \u00d6zdemirs k\u00fcnftigem Kabinett.<\/p>\n<h2>Was ist die Lehre f\u00fcr Gr\u00fcne im Bund?<\/h2>\n<p>Als w\u00fcrde er die \u00c4ngste der Parteilinken best\u00e4tigen, hatte der fr\u00fchere Parteichef Omid Nouripour am Montag den Baden-W\u00fcrttemberg-Wahlkampf zum neuen Richtma\u00df und Goldstandard f\u00fcr die Partei erhoben: \u00d6zdemir sei &quot;ein Meisterst\u00fcck gelungen&quot;, sagte Nouripour, der wie dieser dem Realo-Fl\u00fcgel der Gr\u00fcnen angeh\u00f6rt. &quot;Er zeigt, dass gr\u00fcne Politik Mehrheiten gewinnen kann, wenn sie den Menschen zuh\u00f6rt, sich an ihrer Lebensrealit\u00e4t orientiert und den Platz in der gesellschaftlichen Mitte beansprucht.&quot; <\/p>\n<p><a href=\"https:\/\/www.n-tv.de\/mediathek\/magazine\/fruehstart\/Kritik-der-Gruenen-Jugend-an-Oezdemir-ist-absurd-id30446396.html\" rel=\"noreferrer\" target=\"_blank\"><img decoding=\"async\" src=\"https:\/\/www.n-tv.de\/logo_grey.svg\" alt=\"Franziska Brantner\"\/>Franziska Brantner im Fr\u00fchstartKritik der Gr\u00fcnen Jugend an \u00d6zdemir &quot;ist absurd&quot;<\/a><\/p>\n<p>Die Gr\u00fcne Jugend las das glatte Gegenteil aus dem Kopf-an-Kopf-Rennen mit der CDU, das zulasten von SPD und Linke gegangen war: Deren W\u00e4hler h\u00e4tten Gr\u00fcne gew\u00e4hlt, um einen CDU-Ministerpr\u00e4sidenten Manuel Hagel zu verhindern, so Bobga: &quot;Ich finde, das ist ein sehr klarer Auftrag f\u00fcr Cem und die Gr\u00fcnen, eben diese W\u00e4hlerinnen auch abzuholen mit linker Politik, mit Adressierung der Verm\u00f6gensungleichheit im Land.&quot; <\/p>\n<p>Bundesparteichef Felix Banaszak, Vertreter des linken Fl\u00fcgels, versuchte die Debatte fernzuhalten und betonte den &quot;R\u00fcckenwind&quot;, den der \u00d6zdemir-Sieg der gesamten Partei verleihe. Franziska Brantner, wie \u00d6zdemir Baden-W\u00fcrttembergerin und Vertreterin des Realo-Fl\u00fcgels, erkannte ebenfalls Lehren \u00fcber Baden-W\u00fcrttemberg hinaus: &quot;Dass man nah an den B\u00fcrgern sein muss, dass man die Probleme l\u00f6sen will, dass man ambitioniert ist im Ziel, in der Vers\u00f6hnung von Klimaschutz und Wirtschaft, aber pragmatisch im Weg&quot;, z\u00e4hlte sie in der ntv-Sendung Fr\u00fchstart auf. <\/p>\n<h2>Balanceakt f\u00fcr Parteispitze<\/h2>\n<p>\u00d6zdemirs demonstrative Distanz zu vielen Positionen der Bundespartei deutete Brantner in der Pressekonferenz am Montagnachmittag zum Beleg f\u00fcr Binnendemokratie und -freiheit bei den Gr\u00fcnen um: &quot;Bei uns gibt es eben zum Gl\u00fcck kein Zentralkomitee.&quot; Sie versicherte aber: Es gehe nicht darum, den Erfolg im S\u00fcdwesten zu kopieren, sondern darum, ihn zu &quot;kapieren&quot;. Zudem z\u00e4hlte sie Kretschmanns ruhige Amtsf\u00fchrung sowie dessen Bem\u00fchen darum, m\u00f6glichst viele Betroffene in Entscheidungen vorab mit einzubeziehen, als vertrauensbildende Erfolgsma\u00dfnahmen auf. <\/p>\n<p><a href=\"https:\/\/www.n-tv.de\/politik\/Das-sind-die-sechs-Lehren-aus-der-Baden-Wuerttemberg-Wahl-id30445591.html\" rel=\"noreferrer\" target=\"_blank\"><img decoding=\"async\" src=\"https:\/\/www.n-tv.de\/logo_grey.svg\" alt=\"Cem-Oezdemir-Buendnis-90-Die-Gruenen-Spitzenkandidat-Landtagswahl-Baden-Wuerttemberg-steht-nach-der-Wahl-im-Plenarsaal-des-Landtags-Am-8-Maerz-fand-in-Baden-Wuerttemberg-die-Landtagswahl-statt\"\/>Super-Cem, CDU-Drama, SPD-KriseDas sind die sechs Lehren aus der Baden-W\u00fcrttemberg-Wahl<\/a><\/p>\n<p>Die Gr\u00fcnen-Spitze m\u00f6chte sich die gute Laune nicht verderben lassen und den von Banaszak gepriesenen &quot;R\u00fcckenwind&quot; unbedingt in die kommenden Wochen mitnehmen. Die Landtagswahlen in Rheinland-Pfalz in zwei Wochen sowie im Herbst in Sachsen-Anhalt, in Mecklenburg-Vorpommern und in Berlin werden ungleich schwieriger. H\u00f6chstens in der Hauptstadt k\u00f6nnte die Partei st\u00e4rkste Kraft werden, ob aber mit einem derart linken Kurs, wie ihn Spitzenkandidat Werner Graf vertritt, ist auf Landes- und Bundesebene hoch umstritten. Das einigende Momentum eines Wahlsiegs ist da umso wertvoller und offene Kritik am Wahlsieger weniger willkommen.<\/p>\n<p>&quot;Dass so jemand Ministerpr\u00e4sident werden kann, das war ihm nicht in die Wiege gelegt&quot;, sagte Brantner wiederholt zum Vorwurf der Gr\u00fcnen Jugend, \u00d6zdemirs Politik richte sich &quot;ganz oft gegen Migrantinnen&quot;. Brantner denkt dabei an \u00d6zdemirs aus der T\u00fcrkei nach Deutschland eingewanderten Eltern. Der Subtext: Der &quot;anatolische Schwabe&quot; \u00d6zdemir k\u00f6nne ja gar keine rassistische Politik machen. Bobga, selbst Sohn eines Kameruners, sieht das ganz anders und denkt dabei nicht zuletzt an \u00d6zdemirs demonstrative Freundschaft zu Boris Palmer. Der Oberb\u00fcrgermeister von T\u00fcbingen f\u00e4llt seit Jahren immer wieder mit provokanten Zitaten auf, die dem Gr\u00fcnen-Primat von Diversit\u00e4t und Toleranz zuwiderlaufen. Palmer ist auch deshalb kein Parteimitglied mehr.<\/p>\n<h2>\u00d6zdemir h\u00e4lt zu Palmer<\/h2>\n<p>Noch am Sonntagabend forderte die Gr\u00fcne Jugend bei ntv.de, Palmer d\u00fcrfe keinen Posten in \u00d6zdemirs Regierungsteam bekommen. Am Montag legte der Nachwuchs schriftlich nach: &quot;Die Haltungen und wiederholten rassistischen \u00c4u\u00dferungen des ehemaligen Gr\u00fcnen-Mitglieds Boris Palmer sind mit den Grundwerten unserer Partei unvereinbar&quot;, so die Gr\u00fcne Jugend. &quot;Weder Ministeramt noch Beraterrolle kommen f\u00fcr ihn infrage.&quot; <\/p>\n<p><a href=\"https:\/\/www.n-tv.de\/politik\/Die-sechs-Geheimnisse-hinter-Oezdemirs-Sensationssieg-id30439716.html\" rel=\"noreferrer\" target=\"_blank\"><img decoding=\"async\" src=\"https:\/\/www.n-tv.de\/logo_grey.svg\" alt=\"Politischer-Aschermittwoch-der-Partei-Die-Gruenen-in-Biberach-Im-Mittelpunkt-Wahlkampf-zur-Landtagswahl-am-8-Maerz-mit-Spitzenkandidat-Cem-Oezdemir-Portraet\"\/>Alles begann mit Eklat von 2021Die sechs Geheimnisse hinter \u00d6zdemirs Sensationssieg <\/a><\/p>\n<p>Nachfragen hierzu umging Brantner &#8211; und damit einen m\u00f6glichen Streit mit ihrem Wahlsieger in aller \u00d6ffentlichkeit. Sie d\u00fcrfte auch ahnen, dass sich \u00d6zdemir da schon prinzipiell nicht hereinreden l\u00e4sst. Und tats\u00e4chlich: Er sei Palmer &quot;sehr, sehr dankbar&quot;, sagte \u00d6zdemir kurz darauf von Stuttgart aus. Palmer habe dazu beigetragen, dass er die Wahl gewonnen habe, daran gebe es nichts zu deuten. &quot;Selbstverst\u00e4ndlich wird er da f\u00fcr mich auch eine wichtige Rolle spielen.&quot; Die Frage nach \u00c4mtern stelle sich aber erst am Ende, sagte \u00d6zdemir.<\/p>\n<p>W\u00e4hrend alle anderen Spitzenkandidaten der Landtagswahl am Montag in Berlin zusammen mit den Chefs ihrer Bundesparteien vor die Presse traten, blieb \u00d6zdemir in Stuttgart. Sich jetzt wieder in den Dienst der Bundespartei zu stellen, hat er offenbar nicht vor. Er muss eine Regierung bilden, an die der Bundeskanzler und CDU-Vorsitzende Friedrich Merz einen klaren Anspruch formulierte: &quot;Cem \u00d6zdemir hat einen b\u00fcrgerlichen Wahlkampf gef\u00fchrt, dann muss es auch b\u00fcrgerliche Politik in Baden-W\u00fcrttemberg geben&quot;, so Merz. &quot;Und keine linke und keine gr\u00fcne Politik, wie sie die Gr\u00fcne Jugend jetzt fordert.&quot; Es wirkt, als habe der Kanzler Bobgas Forderungen an \u00d6zdemir deutlich aufmerksamer verfolgt, als derjenige, an den sie gerichtet waren.<\/p>\n","protected":false},"excerpt":{"rendered":"<p>Politik Jetzt offener Streit um PalmerDie Gr\u00fcnen pr\u00fcfen den Nachgeschmack des Wahlsiegs 09.03.2026, 17:48 Uhr Von Sebastian HuldArtikel anh\u00f6ren(07:50 min)00:00 \/ 07:50 0.5x 0.8x 1.0x 1.2x 1.5x 2.0x Cem \u00d6zdemir<\/p>\n","protected":false},"author":1,"featured_media":0,"comment_status":"open","ping_status":"open","sticky":false,"template":"","format":"standard","meta":{"footnotes":""},"categories":[1],"tags":[],"class_list":["post-31637","post","type-post","status-publish","format-standard","hentry","category-nachrichten"],"_links":{"self":[{"href":"https:\/\/onlinetranslators.de\/news\/wp-json\/wp\/v2\/posts\/31637","targetHints":{"allow":["GET"]}}],"collection":[{"href":"https:\/\/onlinetranslators.de\/news\/wp-json\/wp\/v2\/posts"}],"about":[{"href":"https:\/\/onlinetranslators.de\/news\/wp-json\/wp\/v2\/types\/post"}],"author":[{"embeddable":true,"href":"https:\/\/onlinetranslators.de\/news\/wp-json\/wp\/v2\/users\/1"}],"replies":[{"embeddable":true,"href":"https:\/\/onlinetranslators.de\/news\/wp-json\/wp\/v2\/comments?post=31637"}],"version-history":[{"count":0,"href":"https:\/\/onlinetranslators.de\/news\/wp-json\/wp\/v2\/posts\/31637\/revisions"}],"wp:attachment":[{"href":"https:\/\/onlinetranslators.de\/news\/wp-json\/wp\/v2\/media?parent=31637"}],"wp:term":[{"taxonomy":"category","embeddable":true,"href":"https:\/\/onlinetranslators.de\/news\/wp-json\/wp\/v2\/categories?post=31637"},{"taxonomy":"post_tag","embeddable":true,"href":"https:\/\/onlinetranslators.de\/news\/wp-json\/wp\/v2\/tags?post=31637"}],"curies":[{"name":"wp","href":"https:\/\/api.w.org\/{rel}","templated":true}]}}