{"id":31636,"date":"2026-03-09T18:05:54","date_gmt":"2026-03-09T15:05:54","guid":{"rendered":"https:\/\/onlinetranslators.de\/news\/nachrichten\/enttauschung-im-sudwesten-merz-plan-ist-voll-in-die-hose-gegangen\/"},"modified":"2026-03-09T18:05:54","modified_gmt":"2026-03-09T15:05:54","slug":"enttauschung-im-sudwesten-merz-plan-ist-voll-in-die-hose-gegangen","status":"publish","type":"post","link":"https:\/\/onlinetranslators.de\/news\/nachrichten\/enttauschung-im-sudwesten-merz-plan-ist-voll-in-die-hose-gegangen\/","title":{"rendered":"Entt\u00e4uschung im S\u00fcdwesten: Merz&#8217; Plan ist voll in die Hose gegangen"},"content":{"rendered":"<p class=\"caps\">Politik<\/p>\n<h2>Entt\u00e4uschung im S\u00fcdwestenMerz&#039; Plan ist voll in die Hose gegangen<\/h2>\n<p>09.03.2026, 15:13 Uhr <a href=\"https:\/\/www.n-tv.de\/autoren\/Hubertus-Volmer-article13634981.html\" rel=\"noreferrer\" target=\"_blank\"><img decoding=\"async\" src=\"https:\/\/www.n-tv.de\/img\/30029917\/1763369674\/Img_1_1\/36\/b58b01e6-b3b2-4108-ace9-39b8c6dbd390.webp\" alt=\"b58b01e6-b3b2-4108-ace9-39b8c6dbd390\"\/>Von Hubertus Volmer<\/a>Artikel anh\u00f6ren(06:15 min)<audio src=\"https:\/\/mp3.n-tv.de\/2026\/03\/TTSART_30448460_20260309151337-radleg2.mp3\"><\/audio>00:00 \/ 06:15<\/p>\n<ul>\n<li>0.5x<\/li>\n<li>0.8x<\/li>\n<li>1.0x<\/li>\n<li>1.2x<\/li>\n<li>1.5x<\/li>\n<li>2.0x<\/li>\n<\/ul>\n<figure><img decoding=\"async\" src=\"https:\/\/www.n-tv.de\/img\/30448520\/1773068248\/Img_16_9\/1024\/Pressekonferenz-mit-Bundeskanzler-Friedrich-Merz-sowie-dem-Fraktionsvorsitzenden-Landesvorsitzenden-und-Spitzenkandidaten-der-CDU-Baden-Wvorttemberg-Manuel-Hagel-am-09-03-2026-in-Berlin-Bundeskanzler-Friedrich-Merz-spricht-zu-den-Anwesenden.webp\" alt=\"Pressekonferenz-mit-Bundeskanzler-Friedrich-Merz-sowie-dem-Fraktionsvorsitzenden-Landesvorsitzenden-und-Spitzenkandidaten-der-CDU-Baden-Wvorttemberg-Manuel-Hagel-am-09-03-2026-in-Berlin-Bundeskanzler-Friedrich-Merz-spricht-zu-den-Anwesenden\"\/><figcaption>Zusammen mit dem baden-w\u00fcrttembergischen CDU-Chef Manuel Hagel spricht Friedrich Merz am Montag vor Journalisten \u00fcber die Folgen der Landtagswahl. (Foto: picture alliance \/ Andreas Gora)<\/figcaption><\/figure>\n<p>Erfolge bei den Landtagswahlen im M\u00e4rz sollten der Bundesregierung Schwung f\u00fcr die geplanten Reformen geben. Das hat nicht geklappt. F\u00fcr Kanzler Merz ist das mehr als \u00e4rgerlich.<\/p>\n<p>Der Plan klang gut: Die CDU w\u00fcrde die Wahl in Baden-W\u00fcrttemberg gewinnen und mit einem strahlenden Sieg ins Superwahljahr starten. Die SPD w\u00fcrde im S\u00fcdwesten zwar abschmieren, aber das sei ohnehin eingepreist, freute man sich in der CDU noch im letzten Monat. Zwei Wochen sp\u00e4ter in Rheinland-Pfalz w\u00fcrde die CDU der SPD vielleicht sogar das Amt des Ministerpr\u00e4sidenten abjagen. Oder, noch besser f\u00fcr die Stabilit\u00e4t der Koalition: Die CDU gewinnt in Baden-W\u00fcrttemberg, die SPD in Rheinland-Pfalz. Alle w\u00e4ren gl\u00fccklich.<\/p>\n<p>Der erste Teil des Plans ist schon mal komplett in die Hose gegangen: CDU-Spitzenkandidat Manuel Hagel verhandelt zwar noch, l\u00e4sst das &quot;israelische Modell&quot; einer geteilten Amtszeit in die Debatte einflie\u00dfen und spricht von einem &quot;Patt im Landtag&quot;, aus dem &quot;ein klarer inhaltlicher Anspruch&quot; erwachse. Aber am Ende wird wohl nicht Hagel neuer Ministerpr\u00e4sident von Baden-W\u00fcrttemberg, sondern der Mann, den die meisten W\u00e4hler trotz Gr\u00fcnen-Zugeh\u00f6rigkeit in dem Amt sehen wollen: Cem \u00d6zdemir.<\/p>\n<p><a href=\"https:\/\/www.n-tv.de\/politik\/Im-Landtag-ist-die-CDU-genauso-stark-wie-die-Gruenen-id30446515.html\" rel=\"noreferrer\" target=\"_blank\"><img decoding=\"async\" src=\"https:\/\/www.n-tv.de\/logo_grey.svg\" alt=\"Stuttgart-Baden-Wuerttemberg-Deutschland-Landtag-Landtagswahl-2026-Cem-Oezdemir-Gruene-und-Manuel-Hagel-CDU-in-der-Landespressekonferenz-am-Wahlabend\"\/>56 MandateIm Landtag ist die CDU genauso stark wie die Gr\u00fcnen<\/a><\/p>\n<p>F\u00fcr Bundeskanzler Friedrich Merz ist das Ganze mehr als nur ein bisschen \u00e4rgerlich &#8211; es k\u00f6nnte zu einem echten Problem werden. Denn Merz ging es nicht nur um den Wahlsieg. Der Erfolg im S\u00fcdwesten sollte R\u00fcckenwind geben f\u00fcr die Arbeit der Koalition.<\/p>\n<h2>Wahl soll keine Auswirkungen haben<\/h2>\n<p>&quot;Der Zeitplan ist fest verabredet&quot;, hatte der CDU-Vorsitzende am Rande des Parteitags in Stuttgart im Interview mit ntv gesagt: &quot;Wir bekommen Ende des Monats M\u00e4rz die Vorschl\u00e4ge zur Reform der Pflege und der Krankenversicherung. Wir bekommen Ende Juni die Vorschl\u00e4ge aus der Rentenreformkommission. Und dann gehe ich davon aus, dass wir im zweiten Halbjahr die Gesetzgebungsarbeit leisten.&quot;<\/p>\n<p>Auch nach der Wahl will Merz an diesem Plan festhalten. Er habe mit den SPD-Vorsitzenden Lars Klingbeil und B\u00e4rbel Bas telefoniert, berichtet er beim gemeinsamen Auftritt mit Hagel in Berlin. &quot;Wir sind uns einig, dass dieses Ergebnis keine Auswirkungen auf die Koalition in Berlin hier haben wird.&quot;<\/p>\n<p><a href=\"https:\/\/www.n-tv.de\/mediathek\/videos\/politik\/Merz-ueber-Merkel-Austausch-Was-soll-ich-lernen-id30389766.html\" rel=\"noreferrer\" target=\"_blank\"><img decoding=\"async\" src=\"https:\/\/www.n-tv.de\/logo_grey.svg\" alt=\"Screenshot 2026-02-21 164034\"\/>Interview auf CDU-ParteitagMerz \u00fcber Merkel-Austausch: &quot;Was soll ich lernen?&quot;<\/a><\/p>\n<p>Hagel seinerseits betont pflichtschuldig, er habe im Wahlkampf &quot;R\u00fcckenwind aus Berlin&quot; gehabt, was man angesichts der Debatten um &quot;Lifestyle-Freizeit&quot; auch anders sehen kann. In der internen Diskussion zuvor hatte Merz die Verantwortung f\u00fcr den Ausgang der Wahl offenbar sehr eindeutig nach Stuttgart geschoben und von einer &quot;vermeidbaren Niederlage&quot; gesprochen.<\/p>\n<h2>&quot;Wir werden mehr tun m\u00fcssen&quot;<\/h2>\n<p>Wichtig f\u00fcr Merz&#039; Zeitplan sind vor allem die Monate April bis Juni. Denn die n\u00e4chsten Landtagswahlen dieses Superwahljahres finden im September statt: erst in Sachsen-Anhalt, danach in Mecklenburg-Vorpommern und Berlin.<\/p>\n<p>Auch wenn die Koalition nach den Flops des Jahres Schlagw\u00f6rter wie &quot;Fr\u00fchling der Reformen&quot; vermeidet: Genau ein solcher sollte es werden. Das zweite Quartal sollte das Zeitfenster sein, durch das die Koalition unbehelligt von Landtagswahlk\u00e4mpfen ihre wichtigsten Reformpl\u00e4ne schiebt.<\/p>\n<p><a href=\"https:\/\/www.n-tv.de\/politik\/Die-sechs-Geheimnisse-hinter-Oezdemirs-Sensationssieg-id30439716.html\" rel=\"noreferrer\" target=\"_blank\"><img decoding=\"async\" src=\"https:\/\/www.n-tv.de\/logo_grey.svg\" alt=\"Politischer-Aschermittwoch-der-Partei-Die-Gruenen-in-Biberach-Im-Mittelpunkt-Wahlkampf-zur-Landtagswahl-am-8-Maerz-mit-Spitzenkandidat-Cem-Oezdemir-Portraet\"\/>Alles begann mit Eklat von 2021Die sechs Geheimnisse hinter \u00d6zdemirs Sensationssieg <\/a><\/p>\n<p>Und auch daran \u00e4ndert sich nichts: &quot;Wir beobachten das nat\u00fcrlich mit Sorge&quot;, sagt Merz am Montag auf eine Frage nach dem Ergebnis der AfD. &quot;Wir werden in der Wirtschaftspolitik mehr tun m\u00fcssen, als wir bisher getan haben. Das ist aber auch die Verabredung in der Koalition.&quot;<\/p>\n<h2>In Rheinland-Pfalz will die CDU auf jeden Fall gewinnen<\/h2>\n<p>Im baden-w\u00fcrttembergischen Wahlkampf hatte der Kanzler ganz offen auf den Anschub gesetzt, den das Bundesland seiner Regierung geben sollte. Er wolle es nicht \u00fcberh\u00f6hen, &quot;aber das Jahr 2026 wird wahrscheinlich auch f\u00fcr die Wahlperiode im Deutschen Bundestag das entscheidende Jahr&quot;, sagte Merz am vergangenen Freitag in Ravensburg. Krankenversicherung, Pflegeversicherung, Rentenversicherung, das werde eine ziemliche Kraftanstrengung. &quot;Wo soll das denn beginnen, wenn nicht in Baden-W\u00fcrttemberg?&quot;<\/p>\n<p>Tja, wo? Offenbar in Rheinland-Pfalz. Mit Blick auf die dortige Wahl malt Merz am Tag nach Baden-W\u00fcrttemberg das Gespenst einer rot-rot-gr\u00fcnen Landesregierung an die Wand. &quot;Wer Reformen in Deutschland will, der muss in zwei Wochen in Rheinland-Pfalz die CDU w\u00e4hlen und niemand anderes.&quot;<\/p>\n<p><a href=\"https:\/\/www.n-tv.de\/politik\/Das-sind-die-sechs-Lehren-aus-der-Baden-Wuerttemberg-Wahl-id30445591.html\" rel=\"noreferrer\" target=\"_blank\"><img decoding=\"async\" src=\"https:\/\/www.n-tv.de\/logo_grey.svg\" alt=\"Cem-Oezdemir-Buendnis-90-Die-Gruenen-Spitzenkandidat-Landtagswahl-Baden-Wuerttemberg-steht-nach-der-Wahl-im-Plenarsaal-des-Landtags-Am-8-Maerz-fand-in-Baden-Wuerttemberg-die-Landtagswahl-statt\"\/>Super-Cem, CDU-Drama, SPD-KriseDas sind die sechs Lehren aus der Baden-W\u00fcrttemberg-Wahl<\/a><\/p>\n<p>Da klingt sehr deutlich durch: Wenigstens Rheinland-Pfalz will die CDU erobern. Dabei hatten sich urspr\u00fcnglich einige in der CDU mit dem Gedanken arrangiert, dass SPD-Ministerpr\u00e4sident Alexander Schweitzer im Amt bleibt und CDU-Spitzenkandidat Gordon Schnieder unterliegt. Doch ohne Wahlsieg in Baden-W\u00fcrttemberg kann die CDU es sich nicht mehr leisten, der SPD den Erfolg in Mainz zu g\u00f6nnen.<\/p>\n<p>So bleibt Merz nur das Prinzip Hoffnung: Hoffnung auf einen Wahlsieg in Rheinland-Pfalz, damit aus der CDU keine unangenehmen Fragen an ihn und seine Politik gerichtet werden. Und Hoffnung auf ein Stillhalten in der SPD nach einer weiteren Niederlage, damit seine Koalition nicht wackelt. <\/p>\n<p>Ob er einen Plan B f\u00fcr den Fall habe, dass die Wahl in Rheinland-Pfalz verloren geht, will ein Journalist wissen. Den hat Merz nicht: &quot;Wir werden uns auch im Verlaufe des Jahres von Landtagswahlergebnissen nicht von unserem Weg abbringen lassen.&quot; Eine Zusammenarbeit mit der AfD schlie\u00dft Merz ausdr\u00fccklich und kategorisch aus: &quot;Ich sag das noch mal an alle W\u00e4hlerinnen und W\u00e4hler, die die AfD vielleicht in der Hoffnung w\u00e4hlen, dass wir vielleicht eines Tages doch aufgeben, mit dieser Partei nicht zusammenarbeiten zu wollen: Diese Entscheidung steht.&quot;<\/p>\n","protected":false},"excerpt":{"rendered":"<p>Politik Entt\u00e4uschung im S\u00fcdwestenMerz&#039; Plan ist voll in die Hose gegangen 09.03.2026, 15:13 Uhr Von Hubertus VolmerArtikel anh\u00f6ren(06:15 min)00:00 \/ 06:15 0.5x 0.8x 1.0x 1.2x 1.5x 2.0x Zusammen mit dem<\/p>\n","protected":false},"author":1,"featured_media":0,"comment_status":"open","ping_status":"open","sticky":false,"template":"","format":"standard","meta":{"footnotes":""},"categories":[1],"tags":[],"class_list":["post-31636","post","type-post","status-publish","format-standard","hentry","category-nachrichten"],"_links":{"self":[{"href":"https:\/\/onlinetranslators.de\/news\/wp-json\/wp\/v2\/posts\/31636","targetHints":{"allow":["GET"]}}],"collection":[{"href":"https:\/\/onlinetranslators.de\/news\/wp-json\/wp\/v2\/posts"}],"about":[{"href":"https:\/\/onlinetranslators.de\/news\/wp-json\/wp\/v2\/types\/post"}],"author":[{"embeddable":true,"href":"https:\/\/onlinetranslators.de\/news\/wp-json\/wp\/v2\/users\/1"}],"replies":[{"embeddable":true,"href":"https:\/\/onlinetranslators.de\/news\/wp-json\/wp\/v2\/comments?post=31636"}],"version-history":[{"count":0,"href":"https:\/\/onlinetranslators.de\/news\/wp-json\/wp\/v2\/posts\/31636\/revisions"}],"wp:attachment":[{"href":"https:\/\/onlinetranslators.de\/news\/wp-json\/wp\/v2\/media?parent=31636"}],"wp:term":[{"taxonomy":"category","embeddable":true,"href":"https:\/\/onlinetranslators.de\/news\/wp-json\/wp\/v2\/categories?post=31636"},{"taxonomy":"post_tag","embeddable":true,"href":"https:\/\/onlinetranslators.de\/news\/wp-json\/wp\/v2\/tags?post=31636"}],"curies":[{"name":"wp","href":"https:\/\/api.w.org\/{rel}","templated":true}]}}