{"id":31621,"date":"2026-03-07T04:26:00","date_gmt":"2026-03-07T01:26:00","guid":{"rendered":"https:\/\/onlinetranslators.de\/news\/nachrichten\/auch-die-spd-ist-an-bord-merz-will-rentenhohe-an-lebensarbeitszeit-knupfen\/"},"modified":"2026-03-07T04:26:00","modified_gmt":"2026-03-07T01:26:00","slug":"auch-die-spd-ist-an-bord-merz-will-rentenhohe-an-lebensarbeitszeit-knupfen","status":"publish","type":"post","link":"https:\/\/onlinetranslators.de\/news\/nachrichten\/auch-die-spd-ist-an-bord-merz-will-rentenhohe-an-lebensarbeitszeit-knupfen\/","title":{"rendered":"Auch die SPD ist an Bord: Merz will Rentenh\u00f6he an Lebensarbeitszeit kn\u00fcpfen"},"content":{"rendered":"<p class=\"caps\">Politik<\/p>\n<h2>Auch die SPD ist an BordMerz will Rentenh\u00f6he an Lebensarbeitszeit kn\u00fcpfen<\/h2>\n<p>06.03.2026, 22:21 Uhr Artikel anh\u00f6ren(02:49 min)<audio src=\"https:\/\/mp3.n-tv.de\/2026\/03\/TTSART_30440877_20260306222211-radleg2.mp3\"><\/audio>00:00 \/ 02:49<\/p>\n<ul>\n<li>0.5x<\/li>\n<li>0.8x<\/li>\n<li>1.0x<\/li>\n<li>1.2x<\/li>\n<li>1.5x<\/li>\n<li>2.0x<\/li>\n<\/ul>\n<figure><img decoding=\"async\" src=\"https:\/\/www.n-tv.de\/img\/6663614\/1772829224\/Img_16_9\/1024\/545141969.webp\" alt=\"545141969\"\/><figcaption>Die Sozialdemokraten h\u00e4tten gesagt: &quot;&#039;Ja, wir k\u00f6nnten uns vorstellen, dass wir das nicht mehr nach einem abstrakten Renteneintrittsalter bemessen, sondern dass wir das nach Lebensarbeitszeit bemessen&#039;&quot;, sagte Merz. (Foto: picture alliance \/ dts-Agentur)<\/figcaption><\/figure>\n<p>Die CDU und die SPD waren sich in den vergangenen Monaten viel uneinig. Jetzt gibt es Bundeskanzler Merz zufolge aber einen Vorschlag, auf den sich die Regierungsparteien einigen k\u00f6nnen. Es geht um die Rente. <\/p>\n<p>Bundeskanzler Friedrich Merz hat daf\u00fcr pl\u00e4diert, die Rentenh\u00f6he k\u00fcnftig nicht an einem festen Renteneintrittsalter, sondern an der Zahl der gearbeiteten Jahre zu orientieren. Es gehe weniger um die Frage, ob jemand mit 61, 65 oder 68 Jahren in den Ruhestand gehe, sagte der CDU-Vorsitzende am Abend auf einer Wahlveranstaltung der CDU Baden-W\u00fcrttemberg in Ravensburg. Es gehe darum, wann jemand angefangen habe zu arbeiten und wie lange er gearbeitet habe.<\/p>\n<p>Das wolle nicht nur die CDU, sondern auch der Koalitionspartner SPD, betonte Merz. Die Sozialdemokraten h\u00e4tten gesagt: &quot;&#039;Ja, wir k\u00f6nnten uns vorstellen, dass wir das nicht mehr nach einem abstrakten Renteneintrittsalter bemessen, sondern dass wir das nach Lebensarbeitszeit bemessen&#039;&quot;, sagte Merz. &quot;Und damit ist die Botschaft klar.&quot; Die Bundesregierung habe bereits damit begonnen, mit der sogenannten Aktivrente die starre Renteneintrittsaltergrenze aufzuweichen. Diese erm\u00f6glicht es, nach dem Renteneintrittsalter 2000 Euro steuerfrei zu verdienen, wenn man freiwillig weiterarbeitet.<\/p>\n<p><a href=\"https:\/\/www.n-tv.de\/politik\/Bas-Renten-steigen-am-1-Juli-um-4-24-Prozent-id30434667.html\" rel=\"noreferrer\" target=\"_blank\"><img decoding=\"async\" src=\"https:\/\/www.n-tv.de\/logo_grey.svg\" alt=\"Ein-Senior-und-eine-Seniorin-machen-in-der-morgendlichen-Sonne-einen-Spaziergang-durch-einen-Park-aufgenommen-in-Berlin-20-10-2025\"\/>Anstieg st\u00e4rker als InflationBas: Renten steigen am 1. Juli um 4,24 Prozent<\/a><\/p>\n<p>Auch die Debatte \u00fcber eine Rentenhaltelinie von 48 Prozent sei nicht zentral. Viel wichtiger sei, dass man fr\u00fch mit einer privaten Altersvorsorge beginne. &quot;Wir m\u00fcssen daf\u00fcr sorgen, dass die Menschen fr\u00fch genug beginnen, f\u00fcr ihr Alter auch zu sparen&quot;, sagte Merz. Dies habe man mit dem Koalitionspartner SPD verabredet. &quot;Man muss nur mit kleinen Betr\u00e4gen fr\u00fch genug anfangen, darf es nie unterbrechen. Und wenn Sie mit 50 Euro im Monat anfangen, dann haben Sie eine sechsstellige Altersversorgung, wenn Sie dann mit 65, 68 in den Ruhestand gehen.&quot;<\/p>\n<p>Der Kanzler pochte zudem auf umfassende Sozialreformen noch in diesem Jahr. Dann sei die H\u00e4lfte der Legislaturperiode vorbei. Und erfahrungsgem\u00e4\u00df seien in der zweiten H\u00e4lfte der Wahlperiode Reformen weniger wahrscheinlich, sagte Merz. Er erneuerte die Forderung, dass in Deutschland mehr gearbeitet werden m\u00fcsse. Er meine damit nicht die Millionen Menschen, die bereits sehr viel arbeiteten, sagte der CDU-Vorsitzende. &quot;Mit Work-Life-Balance und einer Vier-Tage-Woche werden wir unseren Wohlstand nicht erhalten.&quot; <\/p>\n","protected":false},"excerpt":{"rendered":"<p>Politik Auch die SPD ist an BordMerz will Rentenh\u00f6he an Lebensarbeitszeit kn\u00fcpfen 06.03.2026, 22:21 Uhr Artikel anh\u00f6ren(02:49 min)00:00 \/ 02:49 0.5x 0.8x 1.0x 1.2x 1.5x 2.0x Die Sozialdemokraten h\u00e4tten gesagt:<\/p>\n","protected":false},"author":1,"featured_media":0,"comment_status":"open","ping_status":"open","sticky":false,"template":"","format":"standard","meta":{"footnotes":""},"categories":[1],"tags":[],"class_list":["post-31621","post","type-post","status-publish","format-standard","hentry","category-nachrichten"],"_links":{"self":[{"href":"https:\/\/onlinetranslators.de\/news\/wp-json\/wp\/v2\/posts\/31621","targetHints":{"allow":["GET"]}}],"collection":[{"href":"https:\/\/onlinetranslators.de\/news\/wp-json\/wp\/v2\/posts"}],"about":[{"href":"https:\/\/onlinetranslators.de\/news\/wp-json\/wp\/v2\/types\/post"}],"author":[{"embeddable":true,"href":"https:\/\/onlinetranslators.de\/news\/wp-json\/wp\/v2\/users\/1"}],"replies":[{"embeddable":true,"href":"https:\/\/onlinetranslators.de\/news\/wp-json\/wp\/v2\/comments?post=31621"}],"version-history":[{"count":0,"href":"https:\/\/onlinetranslators.de\/news\/wp-json\/wp\/v2\/posts\/31621\/revisions"}],"wp:attachment":[{"href":"https:\/\/onlinetranslators.de\/news\/wp-json\/wp\/v2\/media?parent=31621"}],"wp:term":[{"taxonomy":"category","embeddable":true,"href":"https:\/\/onlinetranslators.de\/news\/wp-json\/wp\/v2\/categories?post=31621"},{"taxonomy":"post_tag","embeddable":true,"href":"https:\/\/onlinetranslators.de\/news\/wp-json\/wp\/v2\/tags?post=31621"}],"curies":[{"name":"wp","href":"https:\/\/api.w.org\/{rel}","templated":true}]}}