{"id":31596,"date":"2026-03-02T21:36:12","date_gmt":"2026-03-02T18:36:12","guid":{"rendered":"https:\/\/onlinetranslators.de\/news\/nachrichten\/usa-wollen-sturz-der-mullahs-trump-kundigt-bodentruppen-falls-notig-und-grose-angriffswelle-im-iran-an\/"},"modified":"2026-03-02T21:36:12","modified_gmt":"2026-03-02T18:36:12","slug":"usa-wollen-sturz-der-mullahs-trump-kundigt-bodentruppen-falls-notig-und-grose-angriffswelle-im-iran-an","status":"publish","type":"post","link":"https:\/\/onlinetranslators.de\/news\/nachrichten\/usa-wollen-sturz-der-mullahs-trump-kundigt-bodentruppen-falls-notig-und-grose-angriffswelle-im-iran-an\/","title":{"rendered":"USA wollen Sturz der Mullahs: Trump k\u00fcndigt Bodentruppen &#8220;falls n\u00f6tig&#8221; und &#8220;gro\u00dfe Angriffswelle&#8221; im Iran an"},"content":{"rendered":"<p class=\"caps\">Politik<\/p>\n<h2>USA wollen Sturz der MullahsTrump k\u00fcndigt Bodentruppen &quot;falls n\u00f6tig&quot; und &quot;gro\u00dfe Angriffswelle&quot; im Iran an<\/h2>\n<p>02.03.2026, 18:50 Uhr <img decoding=\"async\" src=\"https:\/\/www.n-tv.de\/autor-fallback.svg\" alt=\"image\"\/>Von Roland Peters, New YorkArtikel anh\u00f6ren(03:52 min)<audio src=\"https:\/\/mp3.n-tv.de\/2026\/03\/TTSART_30423138_20260302185045-radleg2.mp3\"><\/audio>00:00 \/ 03:52<\/p>\n<ul>\n<li>0.5x<\/li>\n<li>0.8x<\/li>\n<li>1.0x<\/li>\n<li>1.2x<\/li>\n<li>1.5x<\/li>\n<li>2.0x<\/li>\n<\/ul>\n<figure><img decoding=\"async\" src=\"https:\/\/www.n-tv.de\/img\/30423143\/1772476934\/Img_16_9\/1024\/U-S-President-Donald-Trump-gestures-as-he-listens-to-the-sounds-of-a-construction-site-during-a-Medal-of-Honor-ceremony-at-the-White-House-in-Washington-D-C-U-S-March-2-2026.webp\" alt=\"U-S-President-Donald-Trump-gestures-as-he-listens-to-the-sounds-of-a-construction-site-during-a-Medal-of-Honor-ceremony-at-the-White-House-in-Washington-D-C-U-S-March-2-2026\"\/><figcaption>Siegessicher: US-Pr\u00e4sident Donald Trump (Foto: REUTERS)<\/figcaption><\/figure>\n<p>US-Pr\u00e4sident Trump sagt, die &quot;gro\u00dfe Welle&quot; an Angriffen im Iran-Krieg stehe noch bevor. Ein Einsatz von US-Bodentruppen ist m\u00f6glich. Einen Sturz des Regimes werde man unterst\u00fctzen. Er nennt auch den Moment der Entscheidung f\u00fcr den Kriegsbeginn.<\/p>\n<p>Drei Tage nach Beginn seines ersten umfassenden Angriffskriegs hat US-Pr\u00e4sident Donald Trump weitere Schritte im Iran angedeutet. &quot;Wir haben noch nicht einmal angefangen, sie richtig anzugreifen&quot;, sagte er zu CNN. &quot;Die gro\u00dfe Welle kommt bald.&quot; Und nach den gemeinsamen Angriffen mit Israel, die &quot;vor dem Zeitplan&quot; von urspr\u00fcnglich etwa vier Wochen liegen, wie er angibt? Planen die Vereinigten Staaten weitere Unterst\u00fctzung f\u00fcr die iranische Bev\u00f6lkerung, um die Kontrolle von der derzeitigen Regierung zu \u00fcbernehmen? Auf eine entsprechende Frage antwortete Trump: &quot;Ja, allerdings&quot;. <\/p>\n<p>Auch ein Einsatz von Bodentruppen sei &quot;falls n\u00f6tig&quot; m\u00f6glich, sagte Trump der &quot;New York Post&quot;. Der Pr\u00e4sident br\u00fcstete sich mit den anf\u00e4nglichen Luftschl\u00e4gen, die &quot;49 F\u00fchrungskr\u00e4fte&quot; des Iran ausgeschaltet h\u00e4tten. Die seien &quot;arrogant&quot; gewesen, weil sie sich alle an einem Ort getroffen h\u00e4tten und glaubten, sie seien dort nicht auffindbar. &quot;Wir wissen nicht, wer derzeit das Land f\u00fchrt. Sie wissen nicht, wer f\u00fchrt.&quot; Trump deutete an, die m\u00f6gliche Entwicklung einer Atomwaffe sei der wichtigste Grund f\u00fcr den Krieg. Man habe &quot;jahrelang unter einer dunklen Wolke&quot; gelebt. Es sei eine &quot; nicht tolerierbare Bedrohung f\u00fcr die US-amerikanische Bev\u00f6lkerung&quot;.<\/p>\n<p>Laut US-Verteidigungsminister Pete Hegseth will man die konventionellen Waffen des Iran zerst\u00f6ren, die ein erneut aufgelegtes Atomwaffenprogramm gesch\u00fctzt haben. Der US-Regierung zufolge war dies bei gezielten Luftangriffen im Juni vergangenen Jahres zerst\u00f6rt worden. Experten zweifelten diese Darstellung jedoch an. Der aktuelle Krieg soll Irans milit\u00e4rische F\u00e4higkeiten, insbesondere seine Raketen, Drohnen und die Marine zerst\u00f6ren. Der Iran liegt direkt an der Stra\u00dfe von Hormus, einer international wichtigen Seehandelsroute.<\/p>\n<p><a href=\"https:\/\/www.n-tv.de\/mediathek\/videos\/politik\/Trump-deutet-langen-Atem-bei-Operation-Epic-Fury-an-id30423056.html\" rel=\"noreferrer\" target=\"_blank\"><img decoding=\"async\" src=\"https:\/\/www.n-tv.de\/logo_grey.svg\" alt=\"Trump\"\/>&quot;Mir wird nicht langweilig&quot;Trump deutet langen Atem bei Operation &quot;Epic Fury&quot; an<\/a><\/p>\n<h2>Von Gegenangriffen \u00fcberrascht<\/h2>\n<p>Die Verhandlungen vor den Milit\u00e4rschl\u00e4gen seien gescheitert, weil der Iran zweimal vorherige Zusagen wieder zur\u00fcckgezogen h\u00e4tte, sagte der Pr\u00e4sident im Wei\u00dfen Haus bei einer Zeremonie, bei der er drei in fr\u00fcheren Konflikten verstorbene Soldaten posthum auszeichnete. Die gr\u00f6\u00dfte \u00dcberraschung des bisherigen Einsatzes seien die Gegenangriffe des Iran auf die arabischen Staaten in der Region gewesen: Bahrain, Jordanien, Kuwait, Katar und die Vereinigten Arabischen Emirate. &quot;Wir waren \u00fcberrascht&quot;, sagte Trump dar\u00fcber zu CNN. Dies hat demnach die Haltung der angegriffenen Staaten ver\u00e4ndert. &quot;Sie wollten sich nur sehr wenig beteiligen, jetzt bestehen sie darauf&quot;, sich zu beteiligen.<\/p>\n<p>Trump behauptete im Wei\u00dfen Haus, international st\u00fcnden die meisten Staaten hinter dem Krieg der USA und Israels gegen den Iran, &quot;aber niemand hat sich getraut, es zu sagen&quot;. Der US-Pr\u00e4sident zeigte sich der &quot;New York Post&quot; gegen\u00fcber unbesorgt wegen der iranischen Gegenschl\u00e4ge oder m\u00f6glicher terroristischer Vergeltungsanschl\u00e4ge. &quot;Wir werden es ausschalten, was auch immer es ist.&quot; <\/p>\n<p><a href=\"https:\/\/www.n-tv.de\/mediathek\/videos\/politik\/Trumps-Kriegsminister-aetzt-gegen-jammernde-Verbuendete-id30422071.html\" rel=\"noreferrer\" target=\"_blank\"><img decoding=\"async\" src=\"https:\/\/www.n-tv.de\/logo_grey.svg\" alt=\"hegseth\"\/>&quot;Sitzen da und beschweren sich&quot;Trumps &quot;Kriegsminister&quot; \u00e4tzt gegen &quot;jammernde&quot; Verb\u00fcndete<\/a><\/p>\n<p>Die Entscheidung f\u00fcr den Angriff habe er am vergangenen Donnerstag getroffen, nachdem er Informationen dar\u00fcber erhalten habe, dass der Iran an einem neuen Ort die Urananreicherung f\u00fcr seine Atomwaffenentwicklung wieder aufgenommen habe. &quot;Es war an der Zeit.&quot; Trump zeigte sich \u00fcberzeugt davon, mit dem Iran-Krieg richtig zu handeln. &quot;Das h\u00e4tte schon vor langer Zeit getan werden sollen.&quot;<\/p>\n","protected":false},"excerpt":{"rendered":"<p>Politik USA wollen Sturz der MullahsTrump k\u00fcndigt Bodentruppen &quot;falls n\u00f6tig&quot; und &quot;gro\u00dfe Angriffswelle&quot; im Iran an 02.03.2026, 18:50 Uhr Von Roland Peters, New YorkArtikel anh\u00f6ren(03:52 min)00:00 \/ 03:52 0.5x 0.8x<\/p>\n","protected":false},"author":1,"featured_media":0,"comment_status":"open","ping_status":"open","sticky":false,"template":"","format":"standard","meta":{"footnotes":""},"categories":[1],"tags":[],"class_list":["post-31596","post","type-post","status-publish","format-standard","hentry","category-nachrichten"],"_links":{"self":[{"href":"https:\/\/onlinetranslators.de\/news\/wp-json\/wp\/v2\/posts\/31596","targetHints":{"allow":["GET"]}}],"collection":[{"href":"https:\/\/onlinetranslators.de\/news\/wp-json\/wp\/v2\/posts"}],"about":[{"href":"https:\/\/onlinetranslators.de\/news\/wp-json\/wp\/v2\/types\/post"}],"author":[{"embeddable":true,"href":"https:\/\/onlinetranslators.de\/news\/wp-json\/wp\/v2\/users\/1"}],"replies":[{"embeddable":true,"href":"https:\/\/onlinetranslators.de\/news\/wp-json\/wp\/v2\/comments?post=31596"}],"version-history":[{"count":0,"href":"https:\/\/onlinetranslators.de\/news\/wp-json\/wp\/v2\/posts\/31596\/revisions"}],"wp:attachment":[{"href":"https:\/\/onlinetranslators.de\/news\/wp-json\/wp\/v2\/media?parent=31596"}],"wp:term":[{"taxonomy":"category","embeddable":true,"href":"https:\/\/onlinetranslators.de\/news\/wp-json\/wp\/v2\/categories?post=31596"},{"taxonomy":"post_tag","embeddable":true,"href":"https:\/\/onlinetranslators.de\/news\/wp-json\/wp\/v2\/tags?post=31596"}],"curies":[{"name":"wp","href":"https:\/\/api.w.org\/{rel}","templated":true}]}}