{"id":31587,"date":"2026-03-01T09:05:57","date_gmt":"2026-03-01T06:05:57","guid":{"rendered":"https:\/\/onlinetranslators.de\/news\/nachrichten\/auch-tochter-und-enkelin-tot-iran-bestatigt-staatsoberhaupt-ali-chamenei-ist-nicht-mehr-am-leben\/"},"modified":"2026-03-01T09:05:57","modified_gmt":"2026-03-01T06:05:57","slug":"auch-tochter-und-enkelin-tot-iran-bestatigt-staatsoberhaupt-ali-chamenei-ist-nicht-mehr-am-leben","status":"publish","type":"post","link":"https:\/\/onlinetranslators.de\/news\/nachrichten\/auch-tochter-und-enkelin-tot-iran-bestatigt-staatsoberhaupt-ali-chamenei-ist-nicht-mehr-am-leben\/","title":{"rendered":"Auch Tochter und Enkelin tot: Iran best\u00e4tigt: Staatsoberhaupt Ali Chamenei ist nicht mehr am Leben"},"content":{"rendered":"<p class=\"caps\">Politik<\/p>\n<h2>Auch Tochter und Enkelin totIran best\u00e4tigt: Staatsoberhaupt Ali Chamenei ist nicht mehr am Leben<\/h2>\n<p>01.03.2026, 02:36 Uhr <\/p>\n<figure><img decoding=\"async\" src=\"https:\/\/www.n-tv.de\/img\/30417284\/1772333704\/Img_16_9\/1024\/News-Bilder-des-Tages-March-20-2025-Tehran-Iran-Iran-s-Supreme-Leader-Ayatollah-ALI-KHAMENEI-addresses-the-nation-in-a-televised-speech-marking-the-Iranian-New-Year-Nowruz-in-Tehran.webp\" alt=\"News-Bilder-des-Tages-March-20-2025-Tehran-Iran-Iran-s-Supreme-Leader-Ayatollah-ALI-KHAMENEI-addresses-the-nation-in-a-televised-speech-marking-the-Iranian-New-Year-Nowruz-in-Tehran\"\/><figcaption>Irans geistlicher F\u00fchrer wurde wahrscheinlich bei Luftangriffen get\u00f6tet. (Foto: IMAGO\/ZUMA Press Wire)<\/figcaption><\/figure>\n<p>Wenige Stunden nach Donald Trumps Verk\u00fcndung best\u00e4tigt die iranische Seite den Tod von Ali Chamenei. Auch mehrere enge Verwandte des 86-J\u00e4hrigen leben nicht mehr. Die Revolutionsgarden wollen sich r\u00e4chen.<\/p>\n<p>Iranische Staatsmedien haben den Tod von Staatsoberhaupt und Religionsf\u00fchrer Ajatollah Ali Chamenei best\u00e4tigt. Er sei als &quot;M\u00e4rtyrer&quot; get\u00f6tet worden, berichteten unter anderem die iranischen Nachrichtenagenturen Irna und Fars. Eine 40-t\u00e4gige Staatstrauer wurde ausgerufen. Zuvor hatte bereits US-Pr\u00e4sident Donald Trump den Tod Chameneis verk\u00fcndet. &quot;Chamenei, einer der b\u00f6sartigsten Menschen der Geschichte, ist tot&quot;, schrieb der Republikaner auf seiner Plattform Truth Social.<\/p>\n<p>Das sei die &quot;gr\u00f6\u00dfte Chance f\u00fcr das iranische Volk, sein Land zur\u00fcckzuerobern&quot;, betonte Trump. Er sieht nach eigenen Angaben &quot;einige gute Kandidaten&quot; f\u00fcr die k\u00fcnftige F\u00fchrung des Irans. Auf die Frage, ob es jemanden im Iran gebe, den er gerne an der Spitze des Landes sehen w\u00fcrde, sagte Trump dem Sender CBS News nach dessen Angaben in einem Telefoninterview: &quot;Ja, ich denke schon. Es gibt einige gute Kandidaten.&quot;<\/p>\n<p><a href=\"https:\/\/www.n-tv.de\/mediathek\/videos\/politik\/Angriff-auf-den-Iran-Aufnahme-zeigt-zerstoerten-Chamenei-Sitz-in-Teheran-id30415503.html\" rel=\"noreferrer\" target=\"_blank\"><img decoding=\"async\" src=\"https:\/\/www.n-tv.de\/logo_grey.svg\" alt=\"KoelnNews_334976696_233 (1)\"\/>Israel und USA greifen Iran anAufnahme zeigt zerst\u00f6rten Chamenei-Sitz in Teheran<\/a><\/p>\n<p>Irans Revolutionsgarden haben derweil Rache f\u00fcr den Tod Chameneis angek\u00fcndigt. &quot;Die M\u00f6rder des Imams der Nation werden einer harten, entschiedenen und abschreckenden Strafe nicht entgehen&quot;, hie\u00df es in einer von der libanesischen Hisbollah-Miliz verbreiteten Erkl\u00e4rung der Elitestreitmacht des Irans. Alle Teile der Gesellschaft werden darin aufgerufen, sich an der Landesverteidigung zu beteiligen und vor der Welt &quot;Solidarit\u00e4t und nationale Einheit zu demonstrieren&quot;.<\/p>\n<h2>Freude in der Hauptstadt<\/h2>\n<p>Iranische Medien hatten zudem den Tod von drei engen Verwandten des geistliches Oberhaupts verk\u00fcndet. Die Nachricht von der T\u00f6tung der Tochter, des Schwiegersohns und der Enkelin Chameneis bei den Luftangriffen der USA und Israels sei aus seinem Umfeld &quot;leider best\u00e4tigt worden&quot;, meldeten die Nachrichtenagentur Fars und andere Medien im Iran.<\/p>\n<p>Nach US-Berichten \u00fcber Chameneis Tod war in Teheran spontan Jubel ausgebrochen. Bewohner der iranischen Hauptstadt berichteten von Menschen, die vor Freude aus ihren Fenstern schrien. Die Nachricht war unter anderem von iranischen Exilmedien verbreitet worden, die im Iran \u00fcber Satellit empfangen werden k\u00f6nnen. Auf den Stra\u00dfen waren Hupkonzerte zu h\u00f6ren.<\/p>\n<p><a href=\"https:\/\/www.n-tv.de\/politik\/Einwohner-Teherans-reagieren-mit-Jubel-auf-Berichte-ueber-Chameneis-Tod-id30417175.html\" rel=\"noreferrer\" target=\"_blank\"><img decoding=\"async\" src=\"https:\/\/www.n-tv.de\/logo_grey.svg\" alt=\"Rauch-steigt-nach-einer-Explosion-ueber-Teheran-auf\"\/>Musik und Applaus in den Stra\u00dfenEinwohner Teherans reagieren mit Jubel auf Berichte \u00fcber Chameneis Tod<\/a><\/p>\n<p>Seit Samstagmorgen haben Israel und die USA den Iran erneut angegriffen. Dabei wurde von Israel auch Chameneis Amtssitz in einem Hochsicherheitsbereich der Hauptstadt Teheran bombardiert. Ein vom iranischen Nachrichtenkanal Sabrin-News ver\u00f6ffentlichtes Satellitenfoto zeigte das vollst\u00e4ndig zerst\u00f6rte Areal des als &quot;Beyt&quot; bekannten Bereichs. Es war jedoch unklar, ob sich Chamenei zum Zeitpunkt der Attacke dort aufgehalten hatte.<\/p>\n","protected":false},"excerpt":{"rendered":"<p>Politik Auch Tochter und Enkelin totIran best\u00e4tigt: Staatsoberhaupt Ali Chamenei ist nicht mehr am Leben 01.03.2026, 02:36 Uhr Irans geistlicher F\u00fchrer wurde wahrscheinlich bei Luftangriffen get\u00f6tet. (Foto: IMAGO\/ZUMA Press Wire)<\/p>\n","protected":false},"author":1,"featured_media":0,"comment_status":"open","ping_status":"open","sticky":false,"template":"","format":"standard","meta":{"footnotes":""},"categories":[1],"tags":[],"class_list":["post-31587","post","type-post","status-publish","format-standard","hentry","category-nachrichten"],"_links":{"self":[{"href":"https:\/\/onlinetranslators.de\/news\/wp-json\/wp\/v2\/posts\/31587","targetHints":{"allow":["GET"]}}],"collection":[{"href":"https:\/\/onlinetranslators.de\/news\/wp-json\/wp\/v2\/posts"}],"about":[{"href":"https:\/\/onlinetranslators.de\/news\/wp-json\/wp\/v2\/types\/post"}],"author":[{"embeddable":true,"href":"https:\/\/onlinetranslators.de\/news\/wp-json\/wp\/v2\/users\/1"}],"replies":[{"embeddable":true,"href":"https:\/\/onlinetranslators.de\/news\/wp-json\/wp\/v2\/comments?post=31587"}],"version-history":[{"count":0,"href":"https:\/\/onlinetranslators.de\/news\/wp-json\/wp\/v2\/posts\/31587\/revisions"}],"wp:attachment":[{"href":"https:\/\/onlinetranslators.de\/news\/wp-json\/wp\/v2\/media?parent=31587"}],"wp:term":[{"taxonomy":"category","embeddable":true,"href":"https:\/\/onlinetranslators.de\/news\/wp-json\/wp\/v2\/categories?post=31587"},{"taxonomy":"post_tag","embeddable":true,"href":"https:\/\/onlinetranslators.de\/news\/wp-json\/wp\/v2\/tags?post=31587"}],"curies":[{"name":"wp","href":"https:\/\/api.w.org\/{rel}","templated":true}]}}