{"id":31586,"date":"2026-03-01T04:56:00","date_gmt":"2026-03-01T01:56:00","guid":{"rendered":"https:\/\/onlinetranslators.de\/news\/nachrichten\/auch-tochter-und-enkelin-tot-iran-bestatigt-ali-chamenei-ist-nicht-mehr-am-leben\/"},"modified":"2026-03-01T04:56:00","modified_gmt":"2026-03-01T01:56:00","slug":"auch-tochter-und-enkelin-tot-iran-bestatigt-ali-chamenei-ist-nicht-mehr-am-leben","status":"publish","type":"post","link":"https:\/\/onlinetranslators.de\/news\/nachrichten\/auch-tochter-und-enkelin-tot-iran-bestatigt-ali-chamenei-ist-nicht-mehr-am-leben\/","title":{"rendered":"Auch Tochter und Enkelin tot: Iran best\u00e4tigt: Ali Chamenei ist nicht mehr am Leben"},"content":{"rendered":"<p class=\"caps\">Politik<\/p>\n<h2>Auch Tochter und Enkelin totIran best\u00e4tigt: Ali Chamenei ist nicht mehr am Leben<\/h2>\n<p>01.03.2026, 02:36 Uhr <\/p>\n<figure><img decoding=\"async\" src=\"https:\/\/www.n-tv.de\/img\/30417284\/1772333270\/Img_16_9\/1024\/News-Bilder-des-Tages-March-20-2025-Tehran-Iran-Iran-s-Supreme-Leader-Ayatollah-ALI-KHAMENEI-addresses-the-nation-in-a-televised-speech-marking-the-Iranian-New-Year-Nowruz-in-Tehran.webp\" alt=\"News-Bilder-des-Tages-March-20-2025-Tehran-Iran-Iran-s-Supreme-Leader-Ayatollah-ALI-KHAMENEI-addresses-the-nation-in-a-televised-speech-marking-the-Iranian-New-Year-Nowruz-in-Tehran\"\/><figcaption>Irans geistliches Oberhaupt wurde bei Luftangriffen get\u00f6tet. (Foto: IMAGO\/ZUMA Press Wire)<\/figcaption><\/figure>\n<p>Wenige Stunden nach Donald Trumps Verk\u00fcndung best\u00e4tigt die iranische Seite den Tod von Staatsf\u00fchrer Ali Chamenei. Zudem sind auch enge Verwandte des 86-J\u00e4hrigen durch die Attacken der USA und Israels gestorben. Der US-Pr\u00e4sident denkt schon an einen Nachfolger.<\/p>\n<p>Das iranische Staatsfernsehen hat den Tod von Irans geistlichem Oberhaupt Ayatollah Ali Chamenei best\u00e4tigt. Ein Moderator verk\u00fcndete die Nachricht am Sonntag um 5 Uhr Ortszeit (02.30 Uhr MEZ). Das Staatsfernsehen machte keine Angaben zu den Umst\u00e4nden von Chameneis Tod und erw\u00e4hnte auch die Luftangriffe der USA und Israels auf dessen Residenz in Teheran nicht.<\/p>\n<p>Iranische Medien haben zudem den Tod von drei engen Verwandten des geistliches Oberhaupts verk\u00fcndet. Die Nachricht von der T\u00f6tung der Tochter, des Schwiegersohns und der Enkelin Chameneis bei den Luftangriffen der USA und Israels sei aus seinem Umfeld &quot;leider best\u00e4tigt worden&quot;, meldeten die Nachrichtenagentur Fars und andere Medien im Iran.<\/p>\n<p><a href=\"https:\/\/www.n-tv.de\/mediathek\/videos\/politik\/Angriff-auf-den-Iran-Aufnahme-zeigt-zerstoerten-Chamenei-Sitz-in-Teheran-id30415503.html\" rel=\"noreferrer\" target=\"_blank\"><img decoding=\"async\" src=\"https:\/\/www.n-tv.de\/logo_grey.svg\" alt=\"KoelnNews_334976696_233 (1)\"\/>Israel und USA greifen Iran anAufnahme zeigt zerst\u00f6rten Chamenei-Sitz in Teheran<\/a><\/p>\n<p>US-Pr\u00e4sident Donald Trump sieht nach eigenen Angaben &quot;einige gute Kandidaten&quot; f\u00fcr die k\u00fcnftige F\u00fchrung des Irans. Auf die Frage, ob es jemanden im Iran gebe, den er gerne an der Spitze des Landes sehen w\u00fcrde, sagte Trump dem Sender CBS News nach dessen Angaben in einem Telefoninterview: &quot;Ja, ich denke schon. Es gibt einige gute Kandidaten.&quot;<\/p>\n","protected":false},"excerpt":{"rendered":"<p>Politik Auch Tochter und Enkelin totIran best\u00e4tigt: Ali Chamenei ist nicht mehr am Leben 01.03.2026, 02:36 Uhr Irans geistliches Oberhaupt wurde bei Luftangriffen get\u00f6tet. (Foto: IMAGO\/ZUMA Press Wire) Wenige Stunden<\/p>\n","protected":false},"author":1,"featured_media":0,"comment_status":"open","ping_status":"open","sticky":false,"template":"","format":"standard","meta":{"footnotes":""},"categories":[1],"tags":[],"class_list":["post-31586","post","type-post","status-publish","format-standard","hentry","category-nachrichten"],"_links":{"self":[{"href":"https:\/\/onlinetranslators.de\/news\/wp-json\/wp\/v2\/posts\/31586","targetHints":{"allow":["GET"]}}],"collection":[{"href":"https:\/\/onlinetranslators.de\/news\/wp-json\/wp\/v2\/posts"}],"about":[{"href":"https:\/\/onlinetranslators.de\/news\/wp-json\/wp\/v2\/types\/post"}],"author":[{"embeddable":true,"href":"https:\/\/onlinetranslators.de\/news\/wp-json\/wp\/v2\/users\/1"}],"replies":[{"embeddable":true,"href":"https:\/\/onlinetranslators.de\/news\/wp-json\/wp\/v2\/comments?post=31586"}],"version-history":[{"count":0,"href":"https:\/\/onlinetranslators.de\/news\/wp-json\/wp\/v2\/posts\/31586\/revisions"}],"wp:attachment":[{"href":"https:\/\/onlinetranslators.de\/news\/wp-json\/wp\/v2\/media?parent=31586"}],"wp:term":[{"taxonomy":"category","embeddable":true,"href":"https:\/\/onlinetranslators.de\/news\/wp-json\/wp\/v2\/categories?post=31586"},{"taxonomy":"post_tag","embeddable":true,"href":"https:\/\/onlinetranslators.de\/news\/wp-json\/wp\/v2\/tags?post=31586"}],"curies":[{"name":"wp","href":"https:\/\/api.w.org\/{rel}","templated":true}]}}