{"id":31583,"date":"2026-02-28T16:36:16","date_gmt":"2026-02-28T13:36:16","guid":{"rendered":"https:\/\/onlinetranslators.de\/news\/nachrichten\/ajatollah-residenz-zerstort-verbleib-von-irans-oberstem-fuhrer-chamenei-ist-unklar\/"},"modified":"2026-02-28T16:36:16","modified_gmt":"2026-02-28T13:36:16","slug":"ajatollah-residenz-zerstort-verbleib-von-irans-oberstem-fuhrer-chamenei-ist-unklar","status":"publish","type":"post","link":"https:\/\/onlinetranslators.de\/news\/nachrichten\/ajatollah-residenz-zerstort-verbleib-von-irans-oberstem-fuhrer-chamenei-ist-unklar\/","title":{"rendered":"Ajatollah-Residenz zerst\u00f6rt: Verbleib von Irans oberstem F\u00fchrer Chamenei ist unklar"},"content":{"rendered":"<p class=\"caps\">Politik<\/p>\n<h2>Ajatollah-Residenz zerst\u00f6rtVerbleib von Irans oberstem F\u00fchrer Chamenei ist unklar<\/h2>\n<p>28.02.2026, 13:55 Uhr Artikel anh\u00f6ren(03:06 min)<audio src=\"https:\/\/mp3.n-tv.de\/2026\/02\/TTSART_30416121_20260228135605-radleg2.mp3\"><\/audio>00:00 \/ 03:06<\/p>\n<ul>\n<li>0.5x<\/li>\n<li>0.8x<\/li>\n<li>1.0x<\/li>\n<li>1.2x<\/li>\n<li>1.5x<\/li>\n<li>2.0x<\/li>\n<\/ul>\n<figure><img decoding=\"async\" src=\"https:\/\/www.n-tv.de\/img\/30416110\/1772288282\/Img_16_9\/1024\/February-23-2026-Turin-Turin-Italy-In-this-photo-illustration-Iranian-Supreme-Leader-Ayatollah-Ali-Khamenei-is-seen-behind-Iranian-flag-with-all-of-them-displayed-on-screens-in-Turin-Italy-on-February-23-2026.webp\" alt=\"February-23-2026-Turin-Turin-Italy-In-this-photo-illustration-Iranian-Supreme-Leader-Ayatollah-Ali-Khamenei-is-seen-behind-Iranian-flag-with-all-of-them-displayed-on-screens-in-Turin-Italy-on-February-23-2026\"\/><figcaption>Irans geistliches Oberhaupt und oberster F\u00fchrer Ali Chamenei in einer Illustration. (Foto: picture alliance \/ ZUMAPRESS.com)<\/figcaption><\/figure>\n<p>Ein der &quot;New York Times&quot; vorliegendes Bild zeigt die vollkommen zerst\u00f6rte Teheraner Residenz von Irans oberstem F\u00fchrer Chamenei. Israel hat ihn ausdr\u00fccklich als Ziel der j\u00fcngsten Angriffe genannt. \u00dcber seinen Verbleib h\u00e4lt sich das Regime aber bedeckt.<\/p>\n<p>Nach den israelisch-amerikanischen Angriffen sind nach iranischer Darstellung wichtige Staatsm\u00e4nner am Leben. Wohlauf seien neben Pr\u00e4sident Massud Peseschkian auch Parlamentspr\u00e4sident Mohammed Bagher Ghalibaf sowie der Generalsekret\u00e4r des Sicherheitsrats, Ali Laridschani. Auch Justizchef Gholam-Hussein Mohseni-Edschehi sei am Leben.<\/p>\n<p>Berichte \u00fcber den Verbleib von Irans oberstem F\u00fchrer, Ajatollah Ali Chamenei, gibt es bislang dagegen nicht. Nur das ist bekannt: Einem Regierungsvertreter zufolge wurde Chamenei an einen sicheren Ort gebracht, wie die Nachrichtenagentur Reuters unmittelbar nach den ersten Angriffen berichtete. Chamenei h\u00e4lt sich demnach nicht in Teheran auf.<\/p>\n<p>Der Journalist Christiaan Triebert von der &quot;New York Times&quot; teilt indes ein Foto, das nach seinen Angaben das erste ver\u00f6ffentlichte Bild von Chameneis Residenz in Teheran nach dem Angriff darstellen soll. Das Anwesen erscheint vollkommen zerst\u00f6rt.<\/p>\n<h2>Irans Oberhaupt seit 1989<\/h2>\n<p>Chamenei ist die zentrale Figur im Teheraner Machtapparat &#8211; und das seit 1989, als ihn der Expertenrat des Landes einen Tag nach dem Tod von Ruhollah Chomeini, dem politischen und religi\u00f6sen F\u00fchrer der Islamischen Revolution von 1979, zu dessen Nachfolger gew\u00e4hlt hatte. Geboren wurde Chamenei 1939 als Sohn eines Klerikers. Ihn zu st\u00fcrzen, w\u00e4re ein kaum zu \u00fcberbietender Symbolmoment f\u00fcr Regimekritiker und Oppositionelle im Iran.<\/p>\n<p><a href=\"https:\/\/www.n-tv.de\/mediathek\/videos\/politik\/Iraner-bejubeln-Angriffe-und-tanzen-auf-Strassen-id30416255.html\" rel=\"noreferrer\" target=\"_blank\"><img decoding=\"async\" src=\"https:\/\/www.n-tv.de\/logo_grey.svg\" alt=\"Iran-Jubel\"\/>Hoffnung auf Ende der MullahsIraner bejubeln Angriffe und tanzen auf Stra\u00dfen<\/a><\/p>\n<p>Auch Israel m\u00f6chte Chamenei loswerden. Israelischen Medienberichten zufolge haben die gemeinsamen Angriffe mit den USA auch auf ihn abgezielt. Chamenei sowie Irans Pr\u00e4sident Massud Peseschkian &quot;geh\u00f6rten zu den Zielen des Angriffs&quot;, berichtete der Sender Kan unter Berufung auf eine israelische Quelle. Die Fox-Journalistin Jennifer Griffin berichtete indes unter Berufung auf einen anonymen US-Vertreter, dass nur Israel auf die iranische F\u00fchrung abziele, w\u00e4hrend es die USA auf Milit\u00e4reinrichtungen abs\u00e4hen, die eine Bedrohung darstellten.<\/p>\n<p>Trump selbst griff in seiner achtmin\u00fctigen Rede das Teheraner Regime scharf an, erw\u00e4hnte Chamenei aber nicht namentlich. Er k\u00fcndigte indes die Zerst\u00f6rung von Teilen des iranischen Milit\u00e4rapparats an und forderte die Iranerinnen und Iraner auf, die Regierung im Anschluss zu \u00fcbernehmen. Ob Trump mit seiner Administration das Ziel der israelischen F\u00fchrung teilt, Chamenei auszuschalten, ist unklar.<\/p>\n","protected":false},"excerpt":{"rendered":"<p>Politik Ajatollah-Residenz zerst\u00f6rtVerbleib von Irans oberstem F\u00fchrer Chamenei ist unklar 28.02.2026, 13:55 Uhr Artikel anh\u00f6ren(03:06 min)00:00 \/ 03:06 0.5x 0.8x 1.0x 1.2x 1.5x 2.0x Irans geistliches Oberhaupt und oberster F\u00fchrer<\/p>\n","protected":false},"author":1,"featured_media":0,"comment_status":"open","ping_status":"open","sticky":false,"template":"","format":"standard","meta":{"footnotes":""},"categories":[1],"tags":[],"class_list":["post-31583","post","type-post","status-publish","format-standard","hentry","category-nachrichten"],"_links":{"self":[{"href":"https:\/\/onlinetranslators.de\/news\/wp-json\/wp\/v2\/posts\/31583","targetHints":{"allow":["GET"]}}],"collection":[{"href":"https:\/\/onlinetranslators.de\/news\/wp-json\/wp\/v2\/posts"}],"about":[{"href":"https:\/\/onlinetranslators.de\/news\/wp-json\/wp\/v2\/types\/post"}],"author":[{"embeddable":true,"href":"https:\/\/onlinetranslators.de\/news\/wp-json\/wp\/v2\/users\/1"}],"replies":[{"embeddable":true,"href":"https:\/\/onlinetranslators.de\/news\/wp-json\/wp\/v2\/comments?post=31583"}],"version-history":[{"count":0,"href":"https:\/\/onlinetranslators.de\/news\/wp-json\/wp\/v2\/posts\/31583\/revisions"}],"wp:attachment":[{"href":"https:\/\/onlinetranslators.de\/news\/wp-json\/wp\/v2\/media?parent=31583"}],"wp:term":[{"taxonomy":"category","embeddable":true,"href":"https:\/\/onlinetranslators.de\/news\/wp-json\/wp\/v2\/categories?post=31583"},{"taxonomy":"post_tag","embeddable":true,"href":"https:\/\/onlinetranslators.de\/news\/wp-json\/wp\/v2\/tags?post=31583"}],"curies":[{"name":"wp","href":"https:\/\/api.w.org\/{rel}","templated":true}]}}