{"id":31567,"date":"2026-02-25T23:06:08","date_gmt":"2026-02-25T20:06:08","guid":{"rendered":"https:\/\/onlinetranslators.de\/news\/nachrichten\/werden-soldaten-einsetzen-orban-deutet-ukrainischen-angriff-auf-ungarns-energiesystem-an\/"},"modified":"2026-02-25T23:06:08","modified_gmt":"2026-02-25T20:06:08","slug":"werden-soldaten-einsetzen-orban-deutet-ukrainischen-angriff-auf-ungarns-energiesystem-an","status":"publish","type":"post","link":"https:\/\/onlinetranslators.de\/news\/nachrichten\/werden-soldaten-einsetzen-orban-deutet-ukrainischen-angriff-auf-ungarns-energiesystem-an\/","title":{"rendered":"&#8220;Werden Soldaten einsetzen&#8221;: Orban deutet ukrainischen Angriff auf Ungarns Energiesystem an"},"content":{"rendered":"<p class=\"caps\">Politik<\/p>\n<h2>&quot;Werden Soldaten einsetzen&quot;Orban deutet ukrainischen Angriff auf Ungarns Energiesystem an<\/h2>\n<p>25.02.2026, 18:20 Uhr Artikel anh\u00f6ren(02:40 min)<audio src=\"https:\/\/mp3.n-tv.de\/2026\/02\/TTSART_30405119_20260225182055-radleg2.mp3\"><\/audio>00:00 \/ 02:40<\/p>\n<ul>\n<li>0.5x<\/li>\n<li>0.8x<\/li>\n<li>1.0x<\/li>\n<li>1.2x<\/li>\n<li>1.5x<\/li>\n<li>2.0x<\/li>\n<\/ul>\n<figure><img decoding=\"async\" src=\"https:\/\/www.n-tv.de\/img\/30405151\/1772040318\/Img_16_9\/1024\/Ungarns-Ministerpraesident-Viktor-Orban-spricht-waehrend-einer-Pressekonferenz-mit-US-Aussenminister-Rubio.webp\" alt=\"Ungarns-Ministerpraesident-Viktor-Orban-spricht-waehrend-einer-Pressekonferenz-mit-US-Aussenminister-Rubio\"\/><figcaption>Wirft der Ukraine politische Gr\u00fcnde f\u00fcr den Stopp von \u00d6llieferungen vor: Viktor Orban. (Foto: picture alliance\/dpa\/Pool AP\/AP)<\/figcaption><\/figure>\n<p>Ungarns Regierungschef blockiert auf EU-Ebene die Ukraine-Hilfe und steuert bei bald anstehenden Parlamentswahlen im eigenen Land einer Niederlage entgegen. Jetzt eskaliert der Rechtspopulist einen Streit mit der Ukraine \u00fcber \u00d6llieferungen. Orban macht haarstr\u00e4ubende Andeutungen.<\/p>\n<p>Der ungarische Ministerpr\u00e4sident Viktor Orban wirft der Ukraine vor, eine St\u00f6rung des Energiesystems seines Landes zu planen. In einem auf Social Media verbreiteten Video sagt Orban, dass Ungarn zum Schutz kritischer Infrastruktur &quot;Soldaten und die erforderliche Ausr\u00fcstung einsetzen&quot; werde, &quot;um Angriffe in der N\u00e4he wichtiger Energieanlagen abzuwehren&quot;.<\/p>\n<p>Mit seinem Vorgehen eskaliert Orban einen Streit mit der Ukraine \u00fcber einen Ausfall der Druschba-\u00d6lpipeline, \u00fcber die Ungarn und die Slowakei russisches Roh\u00f6l erhalten. &quot;Ich sehe, dass die Ukraine weitere Aktionen vorbereitet, um den Betrieb des ungarischen Energiesystems zu st\u00f6ren&quot;, erkl\u00e4rt er auf Facebook. Orban, der im April wiedergew\u00e4hlt werden will, bekr\u00e4ftigt, der Ausfall der Pipeline habe &quot;politische, nicht technische Gr\u00fcnde&quot;.<\/p>\n<p>Ungarn und die Slowakei machen die Regierung in Kiew f\u00fcr den Lieferstopp verantwortlich. Nach deren Angaben wurde der Ausfall aber durch einen russischen Drohnenangriff auf Anlagen in der Westukraine verursacht.<\/p>\n<p>Nach Einsch\u00e4tzung der EU-Kommission ist die \u00d6lversorgung in Ungarn und der Slowakei trotz Sch\u00e4den an der Druschba-Pipeline in der Ukraine nicht in Gefahr. Beide L\u00e4nder h\u00e4tten ausreichende \u00d6lreserven, sagte eine Kommissionssprecherin und verwies auf alternative Lieferwege etwa \u00fcber eine Adria-Pipeline. Br\u00fcssel widersprach damit der Darstellung von Ungarns Regierungschef.<\/p>\n<p><a href=\"https:\/\/www.n-tv.de\/politik\/Oppositionschef-wirft-Orban-Partei-Erpressungsversuch-mit-Sex-Video-vor-id30359853.html\" rel=\"noreferrer\" target=\"_blank\"><img decoding=\"async\" src=\"https:\/\/www.n-tv.de\/logo_grey.svg\" alt=\"Peter-Magyar-speaks-about-the-protest-in-Budapest-Hungary-in-front-of-the-Prime-Minister-s-office-on-December-13-The-stage-is-lined-with-children-s-toys-donated-by-supporters-and-paintings-of-children-are-projected-onto-the-Office-of-the-President-of-Hungary-The-protest-comes-after-a-report-surfaces-about-the-foster-care-system\"\/>Skandal bei Wahlkampf in UngarnOppositionschef wirft Orban-Partei Erpressungsversuch mit Sex-Video vor<\/a><\/p>\n<p>Ein ungarischer Investigativjournalist \u00e4u\u00dferte auf X die Bef\u00fcrchtung, dass Orban vor den Wahlen am 12. April sogar einen Notfall f\u00fcr die nationale Sicherheit fingieren k\u00f6nnte. Die Fidesz-Partei des nationalkonservativen Ministerpr\u00e4sidenten liegt in Umfragen aktuell deutlich hinter der Mitte-rechts-Partei Tisza von Oppositionsf\u00fchrer Peter Magyar. Das Orban-Lager greift im Wahlkampf zu immer drastischeren Mitteln. Zuletzt hatten Erpressungsversuche mit einem Sex-Video gegen Magyar f\u00fcr Emp\u00f6rung gesorgt. Versuche, den Herausforderer mit falschen Beschuldigungen und Schmutzk\u00fcbel-Kampagnen zu diffamieren, hatten bislang aber wenig Erfolg.<\/p>\n","protected":false},"excerpt":{"rendered":"<p>Politik &quot;Werden Soldaten einsetzen&quot;Orban deutet ukrainischen Angriff auf Ungarns Energiesystem an 25.02.2026, 18:20 Uhr Artikel anh\u00f6ren(02:40 min)00:00 \/ 02:40 0.5x 0.8x 1.0x 1.2x 1.5x 2.0x Wirft der Ukraine politische Gr\u00fcnde<\/p>\n","protected":false},"author":1,"featured_media":0,"comment_status":"open","ping_status":"open","sticky":false,"template":"","format":"standard","meta":{"footnotes":""},"categories":[1],"tags":[],"class_list":["post-31567","post","type-post","status-publish","format-standard","hentry","category-nachrichten"],"_links":{"self":[{"href":"https:\/\/onlinetranslators.de\/news\/wp-json\/wp\/v2\/posts\/31567","targetHints":{"allow":["GET"]}}],"collection":[{"href":"https:\/\/onlinetranslators.de\/news\/wp-json\/wp\/v2\/posts"}],"about":[{"href":"https:\/\/onlinetranslators.de\/news\/wp-json\/wp\/v2\/types\/post"}],"author":[{"embeddable":true,"href":"https:\/\/onlinetranslators.de\/news\/wp-json\/wp\/v2\/users\/1"}],"replies":[{"embeddable":true,"href":"https:\/\/onlinetranslators.de\/news\/wp-json\/wp\/v2\/comments?post=31567"}],"version-history":[{"count":0,"href":"https:\/\/onlinetranslators.de\/news\/wp-json\/wp\/v2\/posts\/31567\/revisions"}],"wp:attachment":[{"href":"https:\/\/onlinetranslators.de\/news\/wp-json\/wp\/v2\/media?parent=31567"}],"wp:term":[{"taxonomy":"category","embeddable":true,"href":"https:\/\/onlinetranslators.de\/news\/wp-json\/wp\/v2\/categories?post=31567"},{"taxonomy":"post_tag","embeddable":true,"href":"https:\/\/onlinetranslators.de\/news\/wp-json\/wp\/v2\/tags?post=31567"}],"curies":[{"name":"wp","href":"https:\/\/api.w.org\/{rel}","templated":true}]}}